{"id":17568,"date":"2026-01-02T13:24:06","date_gmt":"2026-01-02T16:24:06","guid":{"rendered":"https:\/\/elconquistadorredloslagos.cl\/test\/?p=17568"},"modified":"2026-01-02T13:24:07","modified_gmt":"2026-01-02T16:24:07","slug":"el-calor-irrumpe-en-chiloe-y-dispara-los-termometros-hasta-niveles-ineditos","status":"publish","type":"post","link":"https:\/\/elconquistadorredloslagos.cl\/test\/blog\/2026\/01\/02\/el-calor-irrumpe-en-chiloe-y-dispara-los-termometros-hasta-niveles-ineditos\/","title":{"rendered":"El calor irrumpe en Chilo\u00e9 y dispara los term\u00f3metros hasta niveles in\u00e9ditos"},"content":{"rendered":"\n<p>El verano pisa el acelerador en el Archipi\u00e9lago y convierte a Chilo\u00e9 en escenario de un episodio poco habitual para la zona. Una <strong>ola de calor<\/strong> marcar\u00e1 el pulso del fin de semana, con <strong>temperaturas que alcanzar\u00e1n hasta los 32 grados<\/strong>, cielos mayormente despejados junto a un ambiente que promete jornadas sofocantes entre este viernes 2 y el martes 6.<\/p>\n\n\n\n<p>En <strong>Ancud<\/strong>, el calor avanzar\u00e1 de forma sostenida como una marea ascendente, hasta tocar su punto m\u00e1s alto el d\u00eda <strong>domingo<\/strong>, cuando los term\u00f3metros llegar\u00e1n a los <strong>32\u00b0C<\/strong> bajo un cielo completamente despejado. El lunes aparecer\u00e1 nubosidad parcial hacia la tarde y noche, mientras que el martes traer\u00e1 un leve alivio, con m\u00e1ximas que rondar\u00e1n los <strong>23 grados<\/strong>.<\/p>\n\n\n\n<p><strong>Castro<\/strong> vivir\u00e1 un escenario casi calcado. El domingo se perfila como la jornada m\u00e1s extrema, tambi\u00e9n con <strong>32\u00b0C<\/strong> y estabilidad atmosf\u00e9rica. Salvo una tarde nublada el viernes, el sol dominar\u00e1 el resto del per\u00edodo, abriendo la puerta a actividades al aire libre.<\/p>\n\n\n\n<p>En <strong>Quell\u00f3n<\/strong>, el calor ser\u00e1 algo m\u00e1s moderado, pero no menos significativo. Las m\u00e1ximas oscilar\u00e1n entre <strong>27 y 31 grados<\/strong>, con el domingo nuevamente como el d\u00eda m\u00e1s intenso, interrumpido solo por nubosidad parcial el viernes por la tarde y la madrugada del martes.<\/p>\n\n\n\n<p>Ante este panorama inusual para la provincia, las autoridades llaman a <strong>hidratarse, evitar la exposici\u00f3n solar en horas peak<\/strong> y reforzar cuidados en ni\u00f1os, adultos mayores y personas con enfermedades cr\u00f3nicas, mientras el calor se instala sin pedir permiso en Chilo\u00e9.<\/p>\n\n\n\n<p><strong>SENAPRED<\/strong> <\/p>\n\n\n\n<p>Junto con ello, el Servicio Nacional de Prevenci\u00f3n y Respuesta ante Desastres (SENAPRED) actualiz\u00f3 la Alerta Temprana Preventiva en la Regi\u00f3n de Los Lagos por condiciones favorables para incendios forestales. <\/p>\n\n\n\n<p>\ud83d\udcf7 Referencial<\/p>\n","protected":false},"excerpt":{"rendered":"<p>El verano pisa el acelerador en el Archipi\u00e9lago y convierte a Chilo\u00e9 en escenario de un episodio poco habitual para la zona. Una ola de calor marcar\u00e1 el pulso del..<\/p>\n","protected":false},"author":2,"featured_media":17569,"comment_status":"closed","ping_status":"open","sticky":false,"template":"","format":"standard","meta":{"footnotes":""},"categories":[1,28,51],"tags":[],"class_list":["post-17568","post","type-post","status-publish","format-standard","has-post-thumbnail","hentry","category-acontecer","category-actual","category-chiloe"],"rttpg_featured_image_url":{"full":["https:\/\/elconquistadorredloslagos.cl\/test\/wp-content\/uploads\/2026\/01\/IMG2025.jpg",1920,1080,false],"landscape":["https:\/\/elconquistadorredloslagos.cl\/test\/wp-content\/uploads\/2026\/01\/IMG2025.jpg",1920,1080,false],"portraits":["https:\/\/elconquistadorredloslagos.cl\/test\/wp-content\/uploads\/2026\/01\/IMG2025.jpg",1920,1080,false],"thumbnail":["https:\/\/elconquistadorredloslagos.cl\/test\/wp-content\/uploads\/2026\/01\/IMG2025-150x150.jpg",150,150,true],"medium":["https:\/\/elconquistadorredloslagos.cl\/test\/wp-content\/uploads\/2026\/01\/IMG2025-300x169.jpg",300,169,true],"large":["https:\/\/elconquistadorredloslagos.cl\/test\/wp-content\/uploads\/2026\/01\/IMG2025-1024x576.jpg",1024,576,true],"1536x1536":["https:\/\/elconquistadorredloslagos.cl\/test\/wp-content\/uploads\/2026\/01\/IMG2025-1536x864.jpg",1536,864,true],"2048x2048":["https:\/\/elconquistadorredloslagos.cl\/test\/wp-content\/uploads\/2026\/01\/IMG2025.jpg",1920,1080,false]},"rttpg_author":{"display_name":"ccardenas","author_link":"https:\/\/elconquistadorredloslagos.cl\/test\/blog\/author\/ccardenas\/"},"rttpg_comment":0,"rttpg_category":"<a href=\"https:\/\/elconquistadorredloslagos.cl\/test\/blog\/category\/actual\/acontecer\/\" rel=\"category tag\">Acontecer<\/a> <a href=\"https:\/\/elconquistadorredloslagos.cl\/test\/blog\/category\/actual\/\" rel=\"category tag\">Actualidad<\/a> <a href=\"https:\/\/elconquistadorredloslagos.cl\/test\/blog\/category\/chile\/chiloe\/\" rel=\"category tag\">Chilo\u00e9<\/a>","rttpg_excerpt":"El verano pisa el acelerador en el Archipi\u00e9lago y convierte a Chilo\u00e9 en escenario de un episodio poco habitual para la zona. Una ola de calor marcar\u00e1 el pulso del..","_links":{"self":[{"href":"https:\/\/elconquistadorredloslagos.cl\/test\/wp-json\/wp\/v2\/posts\/17568","targetHints":{"allow":["GET"]}}],"collection":[{"href":"https:\/\/elconquistadorredloslagos.cl\/test\/wp-json\/wp\/v2\/posts"}],"about":[{"href":"https:\/\/elconquistadorredloslagos.cl\/test\/wp-json\/wp\/v2\/types\/post"}],"author":[{"embeddable":true,"href":"https:\/\/elconquistadorredloslagos.cl\/test\/wp-json\/wp\/v2\/users\/2"}],"replies":[{"embeddable":true,"href":"https:\/\/elconquistadorredloslagos.cl\/test\/wp-json\/wp\/v2\/comments?post=17568"}],"version-history":[{"count":1,"href":"https:\/\/elconquistadorredloslagos.cl\/test\/wp-json\/wp\/v2\/posts\/17568\/revisions"}],"predecessor-version":[{"id":17570,"href":"https:\/\/elconquistadorredloslagos.cl\/test\/wp-json\/wp\/v2\/posts\/17568\/revisions\/17570"}],"wp:featuredmedia":[{"embeddable":true,"href":"https:\/\/elconquistadorredloslagos.cl\/test\/wp-json\/wp\/v2\/media\/17569"}],"wp:attachment":[{"href":"https:\/\/elconquistadorredloslagos.cl\/test\/wp-json\/wp\/v2\/media?parent=17568"}],"wp:term":[{"taxonomy":"category","embeddable":true,"href":"https:\/\/elconquistadorredloslagos.cl\/test\/wp-json\/wp\/v2\/categories?post=17568"},{"taxonomy":"post_tag","embeddable":true,"href":"https:\/\/elconquistadorredloslagos.cl\/test\/wp-json\/wp\/v2\/tags?post=17568"}],"curies":[{"name":"wp","href":"https:\/\/api.w.org\/{rel}","templated":true}]}}