{"id":17558,"date":"2026-01-02T11:34:13","date_gmt":"2026-01-02T14:34:13","guid":{"rendered":"https:\/\/elconquistadorredloslagos.cl\/test\/?p=17558"},"modified":"2026-01-02T11:37:35","modified_gmt":"2026-01-02T14:37:35","slug":"crimen-de-isleno-en-playa-de-costa-rica-enluta-a-quinchao-y-activa-investigacion-internacional","status":"publish","type":"post","link":"https:\/\/elconquistadorredloslagos.cl\/test\/blog\/2026\/01\/02\/crimen-de-isleno-en-playa-de-costa-rica-enluta-a-quinchao-y-activa-investigacion-internacional\/","title":{"rendered":"Crimen de isle\u00f1o en playa de Costa Rica enluta a Quinchao y activa investigaci\u00f3n internacional"},"content":{"rendered":"\n<p>El mar, que suele ser refugio y postal tur\u00edstica, se convirti\u00f3 en escenario de un hecho tr\u00e1gico en Costa Rica. A orillas de la playa Dominicalito, en el sector de Bah\u00eda Ballena de Osa, fue encontrado sin vida un ciudadano chileno, cuyo fallecimiento hoy es indagado como homicidio por las autoridades de ese pa\u00eds.<\/p>\n\n\n\n<p>El Organismo de Investigaci\u00f3n Judicial (OIJ) de Costa Rica, confirm\u00f3 que la v\u00edctima corresponde a Francisco Ojeda Garc\u00e9s, de 36 a\u00f1os, sobrino del alcalde de Quinchao, Ren\u00e9 Garc\u00e9s. El hallazgo se produjo durante la ma\u00f1ana del viernes 26 de diciembre, luego de que vecinos del sector alertaran a la polic\u00eda cerca de las 07.00 horas.<\/p>\n\n\n\n<p>Detectives concurrieron al lugar para realizar el levantamiento del cuerpo y su traslado a la morgue judicial, donde se efectu\u00f3 la autopsia de rigor. Si bien en una primera revisi\u00f3n no se observaron lesiones evidentes de extrema gravedad, el caso tom\u00f3 un giro mayor al ser caratulado como asesinato, abriendo un amplio abanico de diligencias investigativas.<\/p>\n\n\n\n<p>Ojeda resid\u00eda en Costa Rica, y tras confirmarse su muerte, se activaron gestiones consulares para apoyar a la familia. El alcalde de Quinchao inform\u00f3 que los tr\u00e1mites de repatriaci\u00f3n contin\u00faan en curso, con el respaldo del Consulado de Chile. En el pa\u00eds centroamericano se encuentra su hermano, Jaime Ojeda, junto a la pareja del fallecido, quienes coordinan la documentaci\u00f3n necesaria para el traslado a Puerto Varas.<\/p>\n\n\n\n<p>Mientras el oc\u00e9ano guarda silencio, la investigaci\u00f3n sigue su curso. Las autoridades costarricenses mantienen reserva sobre posibles sospechosos, en un caso que cruza fronteras y mantiene en vilo tanto a Chile como a Costa Rica.<\/p>\n\n\n\n<p>\ud83d\udcf7 Redes Sociales<\/p>\n","protected":false},"excerpt":{"rendered":"<p>El mar, que suele ser refugio y postal tur\u00edstica, se convirti\u00f3 en escenario de un hecho tr\u00e1gico en Costa Rica. A orillas de la playa Dominicalito, en el sector de..<\/p>\n","protected":false},"author":2,"featured_media":17559,"comment_status":"closed","ping_status":"open","sticky":false,"template":"","format":"standard","meta":{"footnotes":""},"categories":[1,28,51,53,52],"tags":[],"class_list":["post-17558","post","type-post","status-publish","format-standard","has-post-thumbnail","hentry","category-acontecer","category-actual","category-chiloe","category-mundo","category-chile"],"rttpg_featured_image_url":{"full":["https:\/\/elconquistadorredloslagos.cl\/test\/wp-content\/uploads\/2026\/01\/img-2.jpg",1920,1080,false],"landscape":["https:\/\/elconquistadorredloslagos.cl\/test\/wp-content\/uploads\/2026\/01\/img-2.jpg",1920,1080,false],"portraits":["https:\/\/elconquistadorredloslagos.cl\/test\/wp-content\/uploads\/2026\/01\/img-2.jpg",1920,1080,false],"thumbnail":["https:\/\/elconquistadorredloslagos.cl\/test\/wp-content\/uploads\/2026\/01\/img-2-150x150.jpg",150,150,true],"medium":["https:\/\/elconquistadorredloslagos.cl\/test\/wp-content\/uploads\/2026\/01\/img-2-300x169.jpg",300,169,true],"large":["https:\/\/elconquistadorredloslagos.cl\/test\/wp-content\/uploads\/2026\/01\/img-2-1024x576.jpg",1024,576,true],"1536x1536":["https:\/\/elconquistadorredloslagos.cl\/test\/wp-content\/uploads\/2026\/01\/img-2-1536x864.jpg",1536,864,true],"2048x2048":["https:\/\/elconquistadorredloslagos.cl\/test\/wp-content\/uploads\/2026\/01\/img-2.jpg",1920,1080,false]},"rttpg_author":{"display_name":"ccardenas","author_link":"https:\/\/elconquistadorredloslagos.cl\/test\/blog\/author\/ccardenas\/"},"rttpg_comment":0,"rttpg_category":"<a href=\"https:\/\/elconquistadorredloslagos.cl\/test\/blog\/category\/actual\/acontecer\/\" rel=\"category tag\">Acontecer<\/a> <a href=\"https:\/\/elconquistadorredloslagos.cl\/test\/blog\/category\/actual\/\" rel=\"category tag\">Actualidad<\/a> <a href=\"https:\/\/elconquistadorredloslagos.cl\/test\/blog\/category\/chile\/chiloe\/\" rel=\"category tag\">Chilo\u00e9<\/a> <a href=\"https:\/\/elconquistadorredloslagos.cl\/test\/blog\/category\/mundo\/\" rel=\"category tag\">Internacional<\/a> <a href=\"https:\/\/elconquistadorredloslagos.cl\/test\/blog\/category\/chile\/\" rel=\"category tag\">Nacional<\/a>","rttpg_excerpt":"El mar, que suele ser refugio y postal tur\u00edstica, se convirti\u00f3 en escenario de un hecho tr\u00e1gico en Costa Rica. A orillas de la playa Dominicalito, en el sector de..","_links":{"self":[{"href":"https:\/\/elconquistadorredloslagos.cl\/test\/wp-json\/wp\/v2\/posts\/17558","targetHints":{"allow":["GET"]}}],"collection":[{"href":"https:\/\/elconquistadorredloslagos.cl\/test\/wp-json\/wp\/v2\/posts"}],"about":[{"href":"https:\/\/elconquistadorredloslagos.cl\/test\/wp-json\/wp\/v2\/types\/post"}],"author":[{"embeddable":true,"href":"https:\/\/elconquistadorredloslagos.cl\/test\/wp-json\/wp\/v2\/users\/2"}],"replies":[{"embeddable":true,"href":"https:\/\/elconquistadorredloslagos.cl\/test\/wp-json\/wp\/v2\/comments?post=17558"}],"version-history":[{"count":2,"href":"https:\/\/elconquistadorredloslagos.cl\/test\/wp-json\/wp\/v2\/posts\/17558\/revisions"}],"predecessor-version":[{"id":17561,"href":"https:\/\/elconquistadorredloslagos.cl\/test\/wp-json\/wp\/v2\/posts\/17558\/revisions\/17561"}],"wp:featuredmedia":[{"embeddable":true,"href":"https:\/\/elconquistadorredloslagos.cl\/test\/wp-json\/wp\/v2\/media\/17559"}],"wp:attachment":[{"href":"https:\/\/elconquistadorredloslagos.cl\/test\/wp-json\/wp\/v2\/media?parent=17558"}],"wp:term":[{"taxonomy":"category","embeddable":true,"href":"https:\/\/elconquistadorredloslagos.cl\/test\/wp-json\/wp\/v2\/categories?post=17558"},{"taxonomy":"post_tag","embeddable":true,"href":"https:\/\/elconquistadorredloslagos.cl\/test\/wp-json\/wp\/v2\/tags?post=17558"}],"curies":[{"name":"wp","href":"https:\/\/api.w.org\/{rel}","templated":true}]}}