{"id":17554,"date":"2026-01-02T11:08:30","date_gmt":"2026-01-02T14:08:30","guid":{"rendered":"https:\/\/elconquistadorredloslagos.cl\/test\/?p=17554"},"modified":"2026-01-02T11:08:30","modified_gmt":"2026-01-02T14:08:30","slug":"dos-muertes-encienden-alertas-policiales-en-quellon-y-dalcahue","status":"publish","type":"post","link":"https:\/\/elconquistadorredloslagos.cl\/test\/blog\/2026\/01\/02\/dos-muertes-encienden-alertas-policiales-en-quellon-y-dalcahue\/","title":{"rendered":"Dos muertes encienden alertas policiales en Quell\u00f3n y Dalcahue"},"content":{"rendered":"\n<p>Con apenas horas de diferencia, la provincia de Chilo\u00e9 volvi\u00f3 a quedar bajo la lupa policial tras el hallazgo de dos personas fallecidas en las comunas de Quell\u00f3n y Dalcahue. Los casos, ocurridos en pleno cambio de a\u00f1o, activaron un despliegue coordinado de equipos especializados para esclarecer las circunstancias de ambos decesos.<\/p>\n\n\n\n<p>El primer procedimiento se registr\u00f3 en Quell\u00f3n, cuando personal de Carabineros fue alertado por vecinos sobre la presencia de una persona sin vida en un sector cercano al centro de la ciudad. El cuerpo, correspondiente a un hombre de 56 a\u00f1os, fue encontrado en la v\u00eda p\u00fablica, en un contexto que coincid\u00eda con celebraciones de A\u00f1o Nuevo y lanzamiento de fuegos artificiales. Las primeras diligencias descartaron la intervenci\u00f3n de terceros, situando el caso en el marco de una persona en situaci\u00f3n de calle.<\/p>\n\n\n\n<p>Horas m\u00e1s tarde, un segundo hallazgo se produjo en Dalcahue. En el interior de un domicilio del sector Mocopulli fue encontrado fallecido un adulto mayor de 81 a\u00f1os. El procedimiento fue adoptado por Carabineros, quienes aislaron el sitio y dieron aviso al Ministerio P\u00fablico para activar los protocolos correspondientes.<\/p>\n\n\n\n<p>Ambos hechos motivaron la concurrencia de la Agrupaci\u00f3n de Homicidios de la PDI y del Servicio M\u00e9dico Legal, organismos encargados de realizar las pericias que permitan confirmar las causas de muerte. Al respecto compartimos vocer\u00eda del Prefecto de Servicio de Chilo\u00e9, Teniente Coronel Claudio Ram\u00edrez.<\/p>\n\n\n\n<figure class=\"wp-block-audio\"><audio controls src=\"https:\/\/elconquistadorredloslagos.cl\/test\/wp-content\/uploads\/2026\/01\/QUELLON.mp3\"><\/audio><\/figure>\n\n\n\n<p>Desde la Fiscal\u00eda se inform\u00f3 que, de manera preliminar, no existir\u00edan indicios de participaci\u00f3n de terceras personas, aunque las investigaciones contin\u00faan abiertas. Dos muertes, dos escenarios distintos y una misma se\u00f1al de alerta que volvi\u00f3 a cruzar la provincia en las primeras horas del nuevo a\u00f1o.<\/p>\n\n\n\n<p>\ud83d\udcf7 (Captura de video) Hito Cero Televisi\u00f3n &#8211; Facebook<\/p>\n","protected":false},"excerpt":{"rendered":"<p>Con apenas horas de diferencia, la provincia de Chilo\u00e9 volvi\u00f3 a quedar bajo la lupa policial tras el hallazgo de dos personas fallecidas en las comunas de Quell\u00f3n y Dalcahue&#8230;<\/p>\n","protected":false},"author":2,"featured_media":17556,"comment_status":"closed","ping_status":"open","sticky":false,"template":"","format":"standard","meta":{"footnotes":""},"categories":[1,28,51],"tags":[],"class_list":["post-17554","post","type-post","status-publish","format-standard","has-post-thumbnail","hentry","category-acontecer","category-actual","category-chiloe"],"rttpg_featured_image_url":{"full":["https:\/\/elconquistadorredloslagos.cl\/test\/wp-content\/uploads\/2026\/01\/img-1.jpg",1920,1080,false],"landscape":["https:\/\/elconquistadorredloslagos.cl\/test\/wp-content\/uploads\/2026\/01\/img-1.jpg",1920,1080,false],"portraits":["https:\/\/elconquistadorredloslagos.cl\/test\/wp-content\/uploads\/2026\/01\/img-1.jpg",1920,1080,false],"thumbnail":["https:\/\/elconquistadorredloslagos.cl\/test\/wp-content\/uploads\/2026\/01\/img-1-150x150.jpg",150,150,true],"medium":["https:\/\/elconquistadorredloslagos.cl\/test\/wp-content\/uploads\/2026\/01\/img-1-300x169.jpg",300,169,true],"large":["https:\/\/elconquistadorredloslagos.cl\/test\/wp-content\/uploads\/2026\/01\/img-1-1024x576.jpg",1024,576,true],"1536x1536":["https:\/\/elconquistadorredloslagos.cl\/test\/wp-content\/uploads\/2026\/01\/img-1-1536x864.jpg",1536,864,true],"2048x2048":["https:\/\/elconquistadorredloslagos.cl\/test\/wp-content\/uploads\/2026\/01\/img-1.jpg",1920,1080,false]},"rttpg_author":{"display_name":"ccardenas","author_link":"https:\/\/elconquistadorredloslagos.cl\/test\/blog\/author\/ccardenas\/"},"rttpg_comment":0,"rttpg_category":"<a href=\"https:\/\/elconquistadorredloslagos.cl\/test\/blog\/category\/actual\/acontecer\/\" rel=\"category tag\">Acontecer<\/a> <a href=\"https:\/\/elconquistadorredloslagos.cl\/test\/blog\/category\/actual\/\" rel=\"category tag\">Actualidad<\/a> <a href=\"https:\/\/elconquistadorredloslagos.cl\/test\/blog\/category\/chile\/chiloe\/\" rel=\"category tag\">Chilo\u00e9<\/a>","rttpg_excerpt":"Con apenas horas de diferencia, la provincia de Chilo\u00e9 volvi\u00f3 a quedar bajo la lupa policial tras el hallazgo de dos personas fallecidas en las comunas de Quell\u00f3n y Dalcahue...","_links":{"self":[{"href":"https:\/\/elconquistadorredloslagos.cl\/test\/wp-json\/wp\/v2\/posts\/17554","targetHints":{"allow":["GET"]}}],"collection":[{"href":"https:\/\/elconquistadorredloslagos.cl\/test\/wp-json\/wp\/v2\/posts"}],"about":[{"href":"https:\/\/elconquistadorredloslagos.cl\/test\/wp-json\/wp\/v2\/types\/post"}],"author":[{"embeddable":true,"href":"https:\/\/elconquistadorredloslagos.cl\/test\/wp-json\/wp\/v2\/users\/2"}],"replies":[{"embeddable":true,"href":"https:\/\/elconquistadorredloslagos.cl\/test\/wp-json\/wp\/v2\/comments?post=17554"}],"version-history":[{"count":1,"href":"https:\/\/elconquistadorredloslagos.cl\/test\/wp-json\/wp\/v2\/posts\/17554\/revisions"}],"predecessor-version":[{"id":17557,"href":"https:\/\/elconquistadorredloslagos.cl\/test\/wp-json\/wp\/v2\/posts\/17554\/revisions\/17557"}],"wp:featuredmedia":[{"embeddable":true,"href":"https:\/\/elconquistadorredloslagos.cl\/test\/wp-json\/wp\/v2\/media\/17556"}],"wp:attachment":[{"href":"https:\/\/elconquistadorredloslagos.cl\/test\/wp-json\/wp\/v2\/media?parent=17554"}],"wp:term":[{"taxonomy":"category","embeddable":true,"href":"https:\/\/elconquistadorredloslagos.cl\/test\/wp-json\/wp\/v2\/categories?post=17554"},{"taxonomy":"post_tag","embeddable":true,"href":"https:\/\/elconquistadorredloslagos.cl\/test\/wp-json\/wp\/v2\/tags?post=17554"}],"curies":[{"name":"wp","href":"https:\/\/api.w.org\/{rel}","templated":true}]}}