{"id":17550,"date":"2026-01-02T10:28:54","date_gmt":"2026-01-02T13:28:54","guid":{"rendered":"https:\/\/elconquistadorredloslagos.cl\/test\/?p=17550"},"modified":"2026-01-02T10:28:55","modified_gmt":"2026-01-02T13:28:55","slug":"fuegos-de-ano-nuevo-dejaron-a-chiloe-entre-llamas-humo-y-apagones","status":"publish","type":"post","link":"https:\/\/elconquistadorredloslagos.cl\/test\/blog\/2026\/01\/02\/fuegos-de-ano-nuevo-dejaron-a-chiloe-entre-llamas-humo-y-apagones\/","title":{"rendered":"Fuegos de A\u00f1o Nuevo dejaron a Chilo\u00e9 entre llamas, humo y apagones"},"content":{"rendered":"\n<p>El inicio del nuevo a\u00f1o en el Archipi\u00e9lago estuvo lejos de ser una celebraci\u00f3n tranquila. Mientras el cielo se encend\u00eda con destellos festivos, en tierra firme se activaba una cadena de emergencias que puso en jaque a bomberos, brigadas forestales y servicios el\u00e9ctricos. Incendios en distintos puntos de Chilo\u00e9, cortes de energ\u00eda y la muerte de mascotas marcaron una madrugada donde la pirotecnia ilegal pas\u00f3 de espect\u00e1culo a amenaza.<\/p>\n\n\n\n<p>Los primeros estruendos, o\u00eddos minutos despu\u00e9s de la medianoche, dieron paso a focos de fuego en sectores urbanos y rurales, obligando a un despliegue simult\u00e1neo de unidades en Ancud, Castro, Chonchi, Queilen y Quell\u00f3n. En zonas como Alto Muro y Lilicladad, las llamas avanzaron sobre la vegetaci\u00f3n, exigiendo un trabajo contrarreloj para evitar su propagaci\u00f3n.<\/p>\n\n\n\n<p>El impacto tambi\u00e9n se sinti\u00f3 en la red el\u00e9ctrica. Una falla en las l\u00edneas de media tensi\u00f3n dej\u00f3 sin suministro a cerca de 9.500 clientes en Ancud, generando un apag\u00f3n que se extendi\u00f3 por varias horas y afect\u00f3 a amplios sectores de la ciudad. Las labores de reparaci\u00f3n permitieron una recuperaci\u00f3n gradual, aunque algunos puntos permanecieron sin energ\u00eda hasta avanzada la ma\u00f1ana.<\/p>\n\n\n\n<p>En paralelo, redes sociales se llenaron de denuncias por el uso indiscriminado de fuegos artificiales, pese a su prohibici\u00f3n. Autoridades locales advirtieron que estos hechos no solo generan da\u00f1os materiales, sino que instalan un riesgo permanente para personas, animales y el entorno. Una postal que volvi\u00f3 a repetirse y que dej\u00f3 en evidencia que en la Isla Grande el A\u00f1o Nuevo volvi\u00f3 a encender m\u00e1s alarmas que celebraciones.<\/p>\n\n\n\n<p>\ud83d\udcf7 Redes Sociales<\/p>\n","protected":false},"excerpt":{"rendered":"<p>El inicio del nuevo a\u00f1o en el Archipi\u00e9lago estuvo lejos de ser una celebraci\u00f3n tranquila. Mientras el cielo se encend\u00eda con destellos festivos, en tierra firme se activaba una cadena..<\/p>\n","protected":false},"author":2,"featured_media":17551,"comment_status":"closed","ping_status":"open","sticky":false,"template":"","format":"standard","meta":{"footnotes":""},"categories":[1,28,51],"tags":[],"class_list":["post-17550","post","type-post","status-publish","format-standard","has-post-thumbnail","hentry","category-acontecer","category-actual","category-chiloe"],"rttpg_featured_image_url":{"full":["https:\/\/elconquistadorredloslagos.cl\/test\/wp-content\/uploads\/2026\/01\/img.jpg",1920,1080,false],"landscape":["https:\/\/elconquistadorredloslagos.cl\/test\/wp-content\/uploads\/2026\/01\/img.jpg",1920,1080,false],"portraits":["https:\/\/elconquistadorredloslagos.cl\/test\/wp-content\/uploads\/2026\/01\/img.jpg",1920,1080,false],"thumbnail":["https:\/\/elconquistadorredloslagos.cl\/test\/wp-content\/uploads\/2026\/01\/img-150x150.jpg",150,150,true],"medium":["https:\/\/elconquistadorredloslagos.cl\/test\/wp-content\/uploads\/2026\/01\/img-300x169.jpg",300,169,true],"large":["https:\/\/elconquistadorredloslagos.cl\/test\/wp-content\/uploads\/2026\/01\/img-1024x576.jpg",1024,576,true],"1536x1536":["https:\/\/elconquistadorredloslagos.cl\/test\/wp-content\/uploads\/2026\/01\/img-1536x864.jpg",1536,864,true],"2048x2048":["https:\/\/elconquistadorredloslagos.cl\/test\/wp-content\/uploads\/2026\/01\/img.jpg",1920,1080,false]},"rttpg_author":{"display_name":"ccardenas","author_link":"https:\/\/elconquistadorredloslagos.cl\/test\/blog\/author\/ccardenas\/"},"rttpg_comment":0,"rttpg_category":"<a href=\"https:\/\/elconquistadorredloslagos.cl\/test\/blog\/category\/actual\/acontecer\/\" rel=\"category tag\">Acontecer<\/a> <a href=\"https:\/\/elconquistadorredloslagos.cl\/test\/blog\/category\/actual\/\" rel=\"category tag\">Actualidad<\/a> <a href=\"https:\/\/elconquistadorredloslagos.cl\/test\/blog\/category\/chile\/chiloe\/\" rel=\"category tag\">Chilo\u00e9<\/a>","rttpg_excerpt":"El inicio del nuevo a\u00f1o en el Archipi\u00e9lago estuvo lejos de ser una celebraci\u00f3n tranquila. Mientras el cielo se encend\u00eda con destellos festivos, en tierra firme se activaba una cadena..","_links":{"self":[{"href":"https:\/\/elconquistadorredloslagos.cl\/test\/wp-json\/wp\/v2\/posts\/17550","targetHints":{"allow":["GET"]}}],"collection":[{"href":"https:\/\/elconquistadorredloslagos.cl\/test\/wp-json\/wp\/v2\/posts"}],"about":[{"href":"https:\/\/elconquistadorredloslagos.cl\/test\/wp-json\/wp\/v2\/types\/post"}],"author":[{"embeddable":true,"href":"https:\/\/elconquistadorredloslagos.cl\/test\/wp-json\/wp\/v2\/users\/2"}],"replies":[{"embeddable":true,"href":"https:\/\/elconquistadorredloslagos.cl\/test\/wp-json\/wp\/v2\/comments?post=17550"}],"version-history":[{"count":1,"href":"https:\/\/elconquistadorredloslagos.cl\/test\/wp-json\/wp\/v2\/posts\/17550\/revisions"}],"predecessor-version":[{"id":17552,"href":"https:\/\/elconquistadorredloslagos.cl\/test\/wp-json\/wp\/v2\/posts\/17550\/revisions\/17552"}],"wp:featuredmedia":[{"embeddable":true,"href":"https:\/\/elconquistadorredloslagos.cl\/test\/wp-json\/wp\/v2\/media\/17551"}],"wp:attachment":[{"href":"https:\/\/elconquistadorredloslagos.cl\/test\/wp-json\/wp\/v2\/media?parent=17550"}],"wp:term":[{"taxonomy":"category","embeddable":true,"href":"https:\/\/elconquistadorredloslagos.cl\/test\/wp-json\/wp\/v2\/categories?post=17550"},{"taxonomy":"post_tag","embeddable":true,"href":"https:\/\/elconquistadorredloslagos.cl\/test\/wp-json\/wp\/v2\/tags?post=17550"}],"curies":[{"name":"wp","href":"https:\/\/api.w.org\/{rel}","templated":true}]}}