{"id":17507,"date":"2025-12-30T14:28:58","date_gmt":"2025-12-30T17:28:58","guid":{"rendered":"https:\/\/elconquistadorredloslagos.cl\/test\/?p=17507"},"modified":"2025-12-30T14:28:58","modified_gmt":"2025-12-30T17:28:58","slug":"misterio-y-angustia-rodean-la-desaparicion-de-mujer-ancuditana-en-concepcion","status":"publish","type":"post","link":"https:\/\/elconquistadorredloslagos.cl\/test\/blog\/2025\/12\/30\/misterio-y-angustia-rodean-la-desaparicion-de-mujer-ancuditana-en-concepcion\/","title":{"rendered":"Misterio y angustia rodean la desaparici\u00f3n de mujer ancuditana en Concepci\u00f3n"},"content":{"rendered":"\n<p>La preocupaci\u00f3n se instal\u00f3 en Ancud luego de que Carabineros confirmara la existencia de una denuncia por presunta desgracia por la desaparici\u00f3n de una mujer de 30 a\u00f1os, cuyo paradero se mantiene como una inc\u00f3gnita. Se trata de Mar\u00eda Paz Burgos Reyes, de quien no se tienen noticias desde antes de Navidad.<\/p>\n\n\n\n<p>Seg\u00fan los antecedentes recopilados, el \u00faltimo v\u00ednculo con su familia se produjo el 23 de diciembre, cuando sostuvo una conversaci\u00f3n telef\u00f3nica con su madre. En ese contacto, la joven se\u00f1al\u00f3 encontrarse en la ciudad de Concepci\u00f3n, en la regi\u00f3n del Biob\u00edo, dato que hoy se transforma en una de las pocas certezas dentro de una b\u00fasqueda marcada por el silencio.<\/p>\n\n\n\n<p>Desde la Primera Comisar\u00eda de Ancud informaron que el Ministerio P\u00fablico instruy\u00f3 a la Secci\u00f3n de Investigaci\u00f3n Policial para desplegar diligencias destinadas a reconstruir sus \u00faltimos movimientos. El trabajo considera coordinaci\u00f3n directa con personal policial de Concepci\u00f3n y la recopilaci\u00f3n de informaci\u00f3n que permita acotar rutas, tiempos y posibles destinos.<\/p>\n\n\n\n<p>El capit\u00e1n H\u00e9ctor Fuentes indic\u00f3 que, debido a que la investigaci\u00f3n se encuentra en pleno desarrollo, no es posible entregar mayores detalles. Sin embargo, asegur\u00f3 que Carabineros mantiene contacto permanente con la familia y que el jefe de la SIP ya se reuni\u00f3 con los cercanos de la mujer para levantar antecedentes relevantes que ayuden a iluminar el camino hacia su ubicaci\u00f3n.<\/p>\n\n\n\n<p>\ud83d\udcf7 Redes Sociales<\/p>\n","protected":false},"excerpt":{"rendered":"<p>La preocupaci\u00f3n se instal\u00f3 en Ancud luego de que Carabineros confirmara la existencia de una denuncia por presunta desgracia por la desaparici\u00f3n de una mujer de 30 a\u00f1os, cuyo paradero..<\/p>\n","protected":false},"author":2,"featured_media":17508,"comment_status":"closed","ping_status":"open","sticky":false,"template":"","format":"standard","meta":{"footnotes":""},"categories":[1,28,51,52],"tags":[],"class_list":["post-17507","post","type-post","status-publish","format-standard","has-post-thumbnail","hentry","category-acontecer","category-actual","category-chiloe","category-chile"],"rttpg_featured_image_url":{"full":["https:\/\/elconquistadorredloslagos.cl\/test\/wp-content\/uploads\/2025\/12\/IMG-81.jpg",1920,1080,false],"landscape":["https:\/\/elconquistadorredloslagos.cl\/test\/wp-content\/uploads\/2025\/12\/IMG-81.jpg",1920,1080,false],"portraits":["https:\/\/elconquistadorredloslagos.cl\/test\/wp-content\/uploads\/2025\/12\/IMG-81.jpg",1920,1080,false],"thumbnail":["https:\/\/elconquistadorredloslagos.cl\/test\/wp-content\/uploads\/2025\/12\/IMG-81-150x150.jpg",150,150,true],"medium":["https:\/\/elconquistadorredloslagos.cl\/test\/wp-content\/uploads\/2025\/12\/IMG-81-300x169.jpg",300,169,true],"large":["https:\/\/elconquistadorredloslagos.cl\/test\/wp-content\/uploads\/2025\/12\/IMG-81-1024x576.jpg",1024,576,true],"1536x1536":["https:\/\/elconquistadorredloslagos.cl\/test\/wp-content\/uploads\/2025\/12\/IMG-81-1536x864.jpg",1536,864,true],"2048x2048":["https:\/\/elconquistadorredloslagos.cl\/test\/wp-content\/uploads\/2025\/12\/IMG-81.jpg",1920,1080,false]},"rttpg_author":{"display_name":"ccardenas","author_link":"https:\/\/elconquistadorredloslagos.cl\/test\/blog\/author\/ccardenas\/"},"rttpg_comment":0,"rttpg_category":"<a href=\"https:\/\/elconquistadorredloslagos.cl\/test\/blog\/category\/actual\/acontecer\/\" rel=\"category tag\">Acontecer<\/a> <a href=\"https:\/\/elconquistadorredloslagos.cl\/test\/blog\/category\/actual\/\" rel=\"category tag\">Actualidad<\/a> <a href=\"https:\/\/elconquistadorredloslagos.cl\/test\/blog\/category\/chile\/chiloe\/\" rel=\"category tag\">Chilo\u00e9<\/a> <a href=\"https:\/\/elconquistadorredloslagos.cl\/test\/blog\/category\/chile\/\" rel=\"category tag\">Nacional<\/a>","rttpg_excerpt":"La preocupaci\u00f3n se instal\u00f3 en Ancud luego de que Carabineros confirmara la existencia de una denuncia por presunta desgracia por la desaparici\u00f3n de una mujer de 30 a\u00f1os, cuyo paradero..","_links":{"self":[{"href":"https:\/\/elconquistadorredloslagos.cl\/test\/wp-json\/wp\/v2\/posts\/17507","targetHints":{"allow":["GET"]}}],"collection":[{"href":"https:\/\/elconquistadorredloslagos.cl\/test\/wp-json\/wp\/v2\/posts"}],"about":[{"href":"https:\/\/elconquistadorredloslagos.cl\/test\/wp-json\/wp\/v2\/types\/post"}],"author":[{"embeddable":true,"href":"https:\/\/elconquistadorredloslagos.cl\/test\/wp-json\/wp\/v2\/users\/2"}],"replies":[{"embeddable":true,"href":"https:\/\/elconquistadorredloslagos.cl\/test\/wp-json\/wp\/v2\/comments?post=17507"}],"version-history":[{"count":1,"href":"https:\/\/elconquistadorredloslagos.cl\/test\/wp-json\/wp\/v2\/posts\/17507\/revisions"}],"predecessor-version":[{"id":17509,"href":"https:\/\/elconquistadorredloslagos.cl\/test\/wp-json\/wp\/v2\/posts\/17507\/revisions\/17509"}],"wp:featuredmedia":[{"embeddable":true,"href":"https:\/\/elconquistadorredloslagos.cl\/test\/wp-json\/wp\/v2\/media\/17508"}],"wp:attachment":[{"href":"https:\/\/elconquistadorredloslagos.cl\/test\/wp-json\/wp\/v2\/media?parent=17507"}],"wp:term":[{"taxonomy":"category","embeddable":true,"href":"https:\/\/elconquistadorredloslagos.cl\/test\/wp-json\/wp\/v2\/categories?post=17507"},{"taxonomy":"post_tag","embeddable":true,"href":"https:\/\/elconquistadorredloslagos.cl\/test\/wp-json\/wp\/v2\/tags?post=17507"}],"curies":[{"name":"wp","href":"https:\/\/api.w.org\/{rel}","templated":true}]}}