{"id":17504,"date":"2025-12-30T14:07:33","date_gmt":"2025-12-30T17:07:33","guid":{"rendered":"https:\/\/elconquistadorredloslagos.cl\/test\/?p=17504"},"modified":"2025-12-30T14:07:34","modified_gmt":"2025-12-30T17:07:34","slug":"dalcahue-da-la-bienvenida-al-verano-2026-con-un-completo-calendario-de-actividades-familiares-culturales-y-deportivas","status":"publish","type":"post","link":"https:\/\/elconquistadorredloslagos.cl\/test\/blog\/2025\/12\/30\/dalcahue-da-la-bienvenida-al-verano-2026-con-un-completo-calendario-de-actividades-familiares-culturales-y-deportivas\/","title":{"rendered":"Dalcahue da la bienvenida al verano 2026 con un completo calendario de actividades familiares, culturales y deportivas"},"content":{"rendered":"\n<p>Con una nutrida y diversa programaci\u00f3n pensada para vecinos, vecinas y visitantes, la municipalidad de Dalcahue present\u00f3 oficialmente el Calendario de Actividades de Verano 2026, una invitaci\u00f3n abierta a vivir la comuna con identidad, encuentro y vida comunitaria durante los meses estivales.<\/p>\n\n\n\n<p>Durante enero, Dalcahue se llenar\u00e1 de panoramas para todas las edades, comenzando con el lanzamiento oficial \u201cVive el Verano en Dalcahue\u201d en el Anfiteatro de la Costanera, seguido por encuentros culturales con comunidades ind\u00edgenas, aniversarios de juntas de vecinos, fiestas costumbristas como la tradicional Fiesta Ovina, competencias deportivas, regatas, rutas mar\u00edtimas de oficios tradicionales, encuentros gastron\u00f3micos y celebraciones emblem\u00e1ticas en distintos sectores de la comuna, incluyendo Calen, Tena\u00fan, San Juan, Puchaur\u00e1n y la zona urbana.<\/p>\n\n\n\n<p>La programaci\u00f3n busca fortalecer el sentido de pertenencia, promover la cultura local, apoyar a artesanos y emprendedores, y generar espacios de recreaci\u00f3n sana y segura para las familias dalcahuinas, integrando adem\u00e1s a quienes visitan la comuna durante el verano.<\/p>\n\n\n\n<p>En febrero, las actividades continuar\u00e1n con eventos destacados como el Festival Costumbrista Williche Pindakawin, encuentros culturales y juveniles, el Otaku Fest, muestras de magia y mitolog\u00eda, desfiles de moda de artesanos, la Gala de las Dalcas, la tradicional Fiesta del Ajo, adem\u00e1s de diversos aniversarios comunitarios en sectores rurales y urbanos, reafirmando el car\u00e1cter participativo y descentralizado del verano en Dalcahue.<\/p>\n\n\n\n<p>La alcaldesa de Dalcahue, Alejandra Villegas, destac\u00f3 el sentido de esta programaci\u00f3n y extendi\u00f3 una invitaci\u00f3n a toda la comunidad precisando que \u201cEste calendario de verano ha sido pensado con mucho cari\u00f1o para nuestras familias dalcahuinas, para que puedan encontrarse, disfrutar y sentirse orgullosas de su comuna. Queremos un verano con cultura, deporte, tradiciones y espacios seguros, donde cada sector de Dalcahue sea protagonista y donde tambi\u00e9n recibamos con los brazos abiertos a quienes nos visitan\u201d, se\u00f1al\u00f3 la jefa comunal.<\/p>\n\n\n\n<p>Desde el municipio hicieron un llamado a informarse, participar y ser parte activa de cada una de las actividades programadas, reforzando el compromiso de seguir promoviendo una comuna viva, cercana y con identidad, donde el verano se vive en comunidad.<\/p>\n","protected":false},"excerpt":{"rendered":"<p>Con una nutrida y diversa programaci\u00f3n pensada para vecinos, vecinas y visitantes, la municipalidad de Dalcahue present\u00f3 oficialmente el Calendario de Actividades de Verano 2026, una invitaci\u00f3n abierta a vivir..<\/p>\n","protected":false},"author":2,"featured_media":17505,"comment_status":"closed","ping_status":"open","sticky":false,"template":"","format":"standard","meta":{"footnotes":""},"categories":[1,28,51],"tags":[],"class_list":["post-17504","post","type-post","status-publish","format-standard","has-post-thumbnail","hentry","category-acontecer","category-actual","category-chiloe"],"rttpg_featured_image_url":{"full":["https:\/\/elconquistadorredloslagos.cl\/test\/wp-content\/uploads\/2025\/12\/IMG-80.jpg",1920,1080,false],"landscape":["https:\/\/elconquistadorredloslagos.cl\/test\/wp-content\/uploads\/2025\/12\/IMG-80.jpg",1920,1080,false],"portraits":["https:\/\/elconquistadorredloslagos.cl\/test\/wp-content\/uploads\/2025\/12\/IMG-80.jpg",1920,1080,false],"thumbnail":["https:\/\/elconquistadorredloslagos.cl\/test\/wp-content\/uploads\/2025\/12\/IMG-80-150x150.jpg",150,150,true],"medium":["https:\/\/elconquistadorredloslagos.cl\/test\/wp-content\/uploads\/2025\/12\/IMG-80-300x169.jpg",300,169,true],"large":["https:\/\/elconquistadorredloslagos.cl\/test\/wp-content\/uploads\/2025\/12\/IMG-80-1024x576.jpg",1024,576,true],"1536x1536":["https:\/\/elconquistadorredloslagos.cl\/test\/wp-content\/uploads\/2025\/12\/IMG-80-1536x864.jpg",1536,864,true],"2048x2048":["https:\/\/elconquistadorredloslagos.cl\/test\/wp-content\/uploads\/2025\/12\/IMG-80.jpg",1920,1080,false]},"rttpg_author":{"display_name":"ccardenas","author_link":"https:\/\/elconquistadorredloslagos.cl\/test\/blog\/author\/ccardenas\/"},"rttpg_comment":0,"rttpg_category":"<a href=\"https:\/\/elconquistadorredloslagos.cl\/test\/blog\/category\/actual\/acontecer\/\" rel=\"category tag\">Acontecer<\/a> <a href=\"https:\/\/elconquistadorredloslagos.cl\/test\/blog\/category\/actual\/\" rel=\"category tag\">Actualidad<\/a> <a href=\"https:\/\/elconquistadorredloslagos.cl\/test\/blog\/category\/chile\/chiloe\/\" rel=\"category tag\">Chilo\u00e9<\/a>","rttpg_excerpt":"Con una nutrida y diversa programaci\u00f3n pensada para vecinos, vecinas y visitantes, la municipalidad de Dalcahue present\u00f3 oficialmente el Calendario de Actividades de Verano 2026, una invitaci\u00f3n abierta a vivir..","_links":{"self":[{"href":"https:\/\/elconquistadorredloslagos.cl\/test\/wp-json\/wp\/v2\/posts\/17504","targetHints":{"allow":["GET"]}}],"collection":[{"href":"https:\/\/elconquistadorredloslagos.cl\/test\/wp-json\/wp\/v2\/posts"}],"about":[{"href":"https:\/\/elconquistadorredloslagos.cl\/test\/wp-json\/wp\/v2\/types\/post"}],"author":[{"embeddable":true,"href":"https:\/\/elconquistadorredloslagos.cl\/test\/wp-json\/wp\/v2\/users\/2"}],"replies":[{"embeddable":true,"href":"https:\/\/elconquistadorredloslagos.cl\/test\/wp-json\/wp\/v2\/comments?post=17504"}],"version-history":[{"count":1,"href":"https:\/\/elconquistadorredloslagos.cl\/test\/wp-json\/wp\/v2\/posts\/17504\/revisions"}],"predecessor-version":[{"id":17506,"href":"https:\/\/elconquistadorredloslagos.cl\/test\/wp-json\/wp\/v2\/posts\/17504\/revisions\/17506"}],"wp:featuredmedia":[{"embeddable":true,"href":"https:\/\/elconquistadorredloslagos.cl\/test\/wp-json\/wp\/v2\/media\/17505"}],"wp:attachment":[{"href":"https:\/\/elconquistadorredloslagos.cl\/test\/wp-json\/wp\/v2\/media?parent=17504"}],"wp:term":[{"taxonomy":"category","embeddable":true,"href":"https:\/\/elconquistadorredloslagos.cl\/test\/wp-json\/wp\/v2\/categories?post=17504"},{"taxonomy":"post_tag","embeddable":true,"href":"https:\/\/elconquistadorredloslagos.cl\/test\/wp-json\/wp\/v2\/tags?post=17504"}],"curies":[{"name":"wp","href":"https:\/\/api.w.org\/{rel}","templated":true}]}}