{"id":17492,"date":"2025-12-30T13:17:55","date_gmt":"2025-12-30T16:17:55","guid":{"rendered":"https:\/\/elconquistadorredloslagos.cl\/test\/?p=17492"},"modified":"2025-12-30T13:17:56","modified_gmt":"2025-12-30T16:17:56","slug":"proyecto-piloto-en-el-sur-de-chile-marca-hito-nacional-en-el-combate-aereo-de-incendios-forestales","status":"publish","type":"post","link":"https:\/\/elconquistadorredloslagos.cl\/test\/blog\/2025\/12\/30\/proyecto-piloto-en-el-sur-de-chile-marca-hito-nacional-en-el-combate-aereo-de-incendios-forestales\/","title":{"rendered":"Proyecto piloto en el sur de Chile marca hito nacional en el combate a\u00e9reo de incendios forestales"},"content":{"rendered":"\n<p>Un hito in\u00e9dito a nivel pa\u00eds se concret\u00f3 este viernes en la Planta de Tratamiento de Aguas Servidas de Purranque, con la renovaci\u00f3n del convenio marco de colaboraci\u00f3n entre la Corporaci\u00f3n Nacional Forestal (CONAF) y Suralis, que permiti\u00f3 disponer de un sistema de recarga r\u00e1pida con agua depurada para helic\u00f3pteros que combaten incendios forestales.<\/p>\n\n\n\n<p>El proyecto piloto consiste en la habilitaci\u00f3n de dos piscinas con agua saneada, que en total disponen de una capacidad de 170 mil litros, en la planta ubicada en el camino a Crucero, los que se llenan durante la noche en un lapso aproximado de ocho horas. Por su ubicaci\u00f3n y por la cantidad de agua disponible, esta infraestructura permitir\u00e1 reducir de forma significativa los tiempos de respuesta a\u00e9rea en una zona estrat\u00e9gica, beneficiando no solo a Purranque, sino tambi\u00e9n a comunas vecinas.<\/p>\n\n\n\n<p>En la actividad, la delegada presidencial regional de Los Lagos, Paulina Mu\u00f1oz, destac\u00f3 el alcance de esta iniciativa: <\/p>\n\n\n\n<figure class=\"wp-block-audio\"><audio controls src=\"https:\/\/elconquistadorredloslagos.cl\/test\/wp-content\/uploads\/2025\/12\/DELGADA_MUNOZ_CUNA.mp3\"><\/audio><\/figure>\n\n\n\n<p>Por su parte, el gerente general de Suralis, Sebasti\u00e1n Febres, relev\u00f3 el car\u00e1cter simb\u00f3lico del proyecto para la compa\u00f1\u00eda, indicando que: <\/p>\n\n\n\n<figure class=\"wp-block-audio\"><audio controls src=\"https:\/\/elconquistadorredloslagos.cl\/test\/wp-content\/uploads\/2025\/12\/FEBRES_CUNA-1.mp3\"><\/audio><\/figure>\n\n\n\n<p><br>Desde CONAF, el director regional en Los Lagos, Marco Inarejo, explic\u00f3 la relevancia operativa de la iniciativa: <\/p>\n\n\n\n<figure class=\"wp-block-audio\"><audio controls src=\"https:\/\/elconquistadorredloslagos.cl\/test\/wp-content\/uploads\/2025\/12\/INAREJO_CUNA.mp3\"><\/audio><\/figure>\n\n\n\n<p><br>La alcaldesa de Purranque, Alicia Villar, valor\u00f3 que este convenio se realice por primera vez en la comuna:<\/p>\n\n\n\n<figure class=\"wp-block-audio\"><audio controls src=\"https:\/\/elconquistadorredloslagos.cl\/test\/wp-content\/uploads\/2025\/12\/VILLAR_CUNA-1.mp3\"><\/audio><\/figure>\n\n\n\n<p>Finalmente, el presidente de la Uni\u00f3n Comunal de Juntas de Vecinos de Purranque, Osvaldo Montiel, agradeci\u00f3 a las instituciones involucradas y realiz\u00f3 un llamado a la prevenci\u00f3n: <\/p>\n\n\n\n<figure class=\"wp-block-audio\"><audio controls src=\"https:\/\/elconquistadorredloslagos.cl\/test\/wp-content\/uploads\/2025\/12\/MONTIEL_CUNA-1.mp3\"><\/audio><\/figure>\n\n\n\n<p>Cabe se\u00f1alar que esta firma corresponde a la actualizaci\u00f3n de un convenio marco suscrito originalmente en febrero de 2025, el cual tambi\u00e9n contempla la colaboraci\u00f3n de CONAF con Suralis en el fortalecimiento de planes de mitigaci\u00f3n de riesgos y desastres, particularmente mediante la eliminaci\u00f3n de combustible vegetal en instalaciones de la sanitaria. Tras la firma del acuerdo, las autoridades realizaron un punto de prensa en el lugar, dando por finalizada la actividad.<\/p>\n\n\n\n<figure class=\"wp-block-gallery has-nested-images columns-default is-cropped wp-block-gallery-1 is-layout-flex wp-block-gallery-is-layout-flex\">\n<figure class=\"wp-block-image size-large\"><img loading=\"lazy\" decoding=\"async\" width=\"1024\" height=\"576\" data-id=\"17502\" src=\"https:\/\/elconquistadorredloslagos.cl\/test\/wp-content\/uploads\/2025\/12\/FOTO_1-1024x576.jpg\" alt=\"\" class=\"wp-image-17502\" \/><\/figure>\n\n\n\n<figure class=\"wp-block-image size-large\"><img loading=\"lazy\" decoding=\"async\" width=\"1024\" height=\"576\" data-id=\"17501\" src=\"https:\/\/elconquistadorredloslagos.cl\/test\/wp-content\/uploads\/2025\/12\/FOTO_2-1024x576.jpeg\" alt=\"\" class=\"wp-image-17501\" \/><\/figure>\n<\/figure>\n","protected":false},"excerpt":{"rendered":"<p>Un hito in\u00e9dito a nivel pa\u00eds se concret\u00f3 este viernes en la Planta de Tratamiento de Aguas Servidas de Purranque, con la renovaci\u00f3n del convenio marco de colaboraci\u00f3n entre la..<\/p>\n","protected":false},"author":2,"featured_media":17500,"comment_status":"closed","ping_status":"open","sticky":false,"template":"","format":"standard","meta":{"footnotes":""},"categories":[1,28,51,54,55,56],"tags":[],"class_list":["post-17492","post","type-post","status-publish","format-standard","has-post-thumbnail","hentry","category-acontecer","category-actual","category-chiloe","category-lago-llanquihue","category-osorno","category-puerto-montt"],"rttpg_featured_image_url":{"full":["https:\/\/elconquistadorredloslagos.cl\/test\/wp-content\/uploads\/2025\/12\/IMG-79.jpg",1920,1080,false],"landscape":["https:\/\/elconquistadorredloslagos.cl\/test\/wp-content\/uploads\/2025\/12\/IMG-79.jpg",1920,1080,false],"portraits":["https:\/\/elconquistadorredloslagos.cl\/test\/wp-content\/uploads\/2025\/12\/IMG-79.jpg",1920,1080,false],"thumbnail":["https:\/\/elconquistadorredloslagos.cl\/test\/wp-content\/uploads\/2025\/12\/IMG-79-150x150.jpg",150,150,true],"medium":["https:\/\/elconquistadorredloslagos.cl\/test\/wp-content\/uploads\/2025\/12\/IMG-79-300x169.jpg",300,169,true],"large":["https:\/\/elconquistadorredloslagos.cl\/test\/wp-content\/uploads\/2025\/12\/IMG-79-1024x576.jpg",1024,576,true],"1536x1536":["https:\/\/elconquistadorredloslagos.cl\/test\/wp-content\/uploads\/2025\/12\/IMG-79-1536x864.jpg",1536,864,true],"2048x2048":["https:\/\/elconquistadorredloslagos.cl\/test\/wp-content\/uploads\/2025\/12\/IMG-79.jpg",1920,1080,false]},"rttpg_author":{"display_name":"ccardenas","author_link":"https:\/\/elconquistadorredloslagos.cl\/test\/blog\/author\/ccardenas\/"},"rttpg_comment":0,"rttpg_category":"<a href=\"https:\/\/elconquistadorredloslagos.cl\/test\/blog\/category\/actual\/acontecer\/\" rel=\"category tag\">Acontecer<\/a> <a href=\"https:\/\/elconquistadorredloslagos.cl\/test\/blog\/category\/actual\/\" rel=\"category tag\">Actualidad<\/a> <a href=\"https:\/\/elconquistadorredloslagos.cl\/test\/blog\/category\/chile\/chiloe\/\" rel=\"category tag\">Chilo\u00e9<\/a> <a href=\"https:\/\/elconquistadorredloslagos.cl\/test\/blog\/category\/chile\/lago-llanquihue\/\" rel=\"category tag\">Lago LLanquihue<\/a> <a href=\"https:\/\/elconquistadorredloslagos.cl\/test\/blog\/category\/chile\/osorno\/\" rel=\"category tag\">Osorno<\/a> <a href=\"https:\/\/elconquistadorredloslagos.cl\/test\/blog\/category\/chile\/puerto-montt\/\" rel=\"category tag\">Puerto Montt<\/a>","rttpg_excerpt":"Un hito in\u00e9dito a nivel pa\u00eds se concret\u00f3 este viernes en la Planta de Tratamiento de Aguas Servidas de Purranque, con la renovaci\u00f3n del convenio marco de colaboraci\u00f3n entre la..","_links":{"self":[{"href":"https:\/\/elconquistadorredloslagos.cl\/test\/wp-json\/wp\/v2\/posts\/17492","targetHints":{"allow":["GET"]}}],"collection":[{"href":"https:\/\/elconquistadorredloslagos.cl\/test\/wp-json\/wp\/v2\/posts"}],"about":[{"href":"https:\/\/elconquistadorredloslagos.cl\/test\/wp-json\/wp\/v2\/types\/post"}],"author":[{"embeddable":true,"href":"https:\/\/elconquistadorredloslagos.cl\/test\/wp-json\/wp\/v2\/users\/2"}],"replies":[{"embeddable":true,"href":"https:\/\/elconquistadorredloslagos.cl\/test\/wp-json\/wp\/v2\/comments?post=17492"}],"version-history":[{"count":1,"href":"https:\/\/elconquistadorredloslagos.cl\/test\/wp-json\/wp\/v2\/posts\/17492\/revisions"}],"predecessor-version":[{"id":17503,"href":"https:\/\/elconquistadorredloslagos.cl\/test\/wp-json\/wp\/v2\/posts\/17492\/revisions\/17503"}],"wp:featuredmedia":[{"embeddable":true,"href":"https:\/\/elconquistadorredloslagos.cl\/test\/wp-json\/wp\/v2\/media\/17500"}],"wp:attachment":[{"href":"https:\/\/elconquistadorredloslagos.cl\/test\/wp-json\/wp\/v2\/media?parent=17492"}],"wp:term":[{"taxonomy":"category","embeddable":true,"href":"https:\/\/elconquistadorredloslagos.cl\/test\/wp-json\/wp\/v2\/categories?post=17492"},{"taxonomy":"post_tag","embeddable":true,"href":"https:\/\/elconquistadorredloslagos.cl\/test\/wp-json\/wp\/v2\/tags?post=17492"}],"curies":[{"name":"wp","href":"https:\/\/api.w.org\/{rel}","templated":true}]}}