{"id":17266,"date":"2025-12-18T16:30:07","date_gmt":"2025-12-18T19:30:07","guid":{"rendered":"https:\/\/elconquistadorredloslagos.cl\/test\/?p=17266"},"modified":"2025-12-18T16:30:07","modified_gmt":"2025-12-18T19:30:07","slug":"camara-de-comercio-coordina-bulevar-navideno-para-fortalecer-el-comercio-del-centro-de-osorno","status":"publish","type":"post","link":"https:\/\/elconquistadorredloslagos.cl\/test\/blog\/2025\/12\/18\/camara-de-comercio-coordina-bulevar-navideno-para-fortalecer-el-comercio-del-centro-de-osorno\/","title":{"rendered":"C\u00e1mara de Comercio coordina bulevar navide\u00f1o para fortalecer el comercio del centro de Osorno"},"content":{"rendered":"\n<h3 class=\"wp-block-heading\"><\/h3>\n\n\n\n<p>La iniciativa se desarrollar\u00e1 entre el lunes 22 y el mi\u00e9rcoles 24 de diciembre en calle Ram\u00edrez, e incorpora medidas de ordenamiento, seguridad y apoyo a emprendedores, en coordinaci\u00f3n con el municipio y actores del comercio local.<\/p>\n\n\n\n<p>Con el prop\u00f3sito de fortalecer el comercio local y generar un entorno m\u00e1s atractivo para las compras de fin de a\u00f1o, la C\u00e1mara de Comercio e Industrias, Servicios y Turismo de Osorno participa activamente en la implementaci\u00f3n de un bulevar navide\u00f1o que se realizar\u00e1 entre el lunes 22 y el mi\u00e9rcoles 24 de diciembre en calle Ram\u00edrez, en el tramo comprendido entre Matta y la Plazuela Yungay.<\/p>\n\n\n\n<p>Los detalles de esta iniciativa fueron definidos en una reuni\u00f3n de coordinaci\u00f3n encabezada por el presidente del gremio, Luis Rigo-Righi Aubel, junto al administrador municipal, Carlos Pe\u00f1a; la directora de Obras Municipales, \u00c1ngela Villarroel; un representante de la Direcci\u00f3n de Seguridad P\u00fablica; el presidente de la Comisi\u00f3n de Turismo del Concejo Municipal, Francisco Razazi; y el directivo de la C\u00e1mara de Comercio Detallista, Sergio Anuch. En la instancia se abordaron los principales aspectos operativos, de seguridad y ordenamiento del evento.<\/p>\n\n\n\n<p>Al respecto, Rigo-Righi destac\u00f3 que el bulevar busca aprovechar los d\u00edas previos a Navidad para incentivar el consumo y mejorar la experiencia de compra, especialmente en un contexto marcado por las obras que actualmente se ejecutan en el centro de la ciudad. \u201cQueremos que las familias puedan recorrer el centro en un ambiente navide\u00f1o m\u00e1s amable, seguro y c\u00f3modo, y que los comerciantes cuenten con mejores condiciones para ofrecer sus productos\u201d, se\u00f1al\u00f3.<\/p>\n\n\n\n<figure class=\"wp-block-audio\"><audio controls src=\"https:\/\/elconquistadorredloslagos.cl\/test\/wp-content\/uploads\/2025\/12\/LuisBulevar.mp3\"><\/audio><\/figure>\n\n\n\n<p>Durante el bulevar navide\u00f1o de calle Ram\u00edrez participar\u00e1n poco m\u00e1s de un centenar de emprendedores, todos debidamente autorizados por el municipio, quienes podr\u00e1n comercializar exclusivamente papeler\u00eda para la confecci\u00f3n de regalos. No se permitir\u00e1 otro tipo de emprendimientos en esta arteria, con el objetivo de resguardar el orden del espacio p\u00fablico y facilitar la circulaci\u00f3n peatonal en una de las calles m\u00e1s transitadas del centro de Osorno.<\/p>\n\n\n\n<p>Asimismo, se inform\u00f3 que el s\u00e1bado 20 y domingo 21 de diciembre se desarrollar\u00e1 un bulevar navide\u00f1o en calle Cochrane, iniciativa impulsada por el propio barrio comercial de ese sector, como una forma de complementar la oferta y descentralizar la actividad comercial durante estas fechas.<\/p>\n\n\n\n<p>Como parte de su aporte, la C\u00e1mara de Comercio de Osorno instalar\u00e1 un punto informativo en uno de los accesos al bulevar de calle Ram\u00edrez, desde donde se entregar\u00e1 informaci\u00f3n de utilidad a la comunidad, acci\u00f3n que cuenta con el respaldo de la Municipalidad de Osorno. Desde el gremio reiteraron su compromiso con promover acciones coordinadas que contribuyan a dinamizar la econom\u00eda local, fortalecer el comercio establecido y generar un centro urbano m\u00e1s ordenado, seguro y acogedor para vecinos y visitantes en una de las fechas m\u00e1s relevantes del a\u00f1o para el sector.<\/p>\n","protected":false},"excerpt":{"rendered":"<p>La iniciativa se desarrollar\u00e1 entre el lunes 22 y el mi\u00e9rcoles 24 de diciembre en calle Ram\u00edrez, e incorpora medidas de ordenamiento, seguridad y apoyo a emprendedores, en coordinaci\u00f3n con..<\/p>\n","protected":false},"author":9,"featured_media":17268,"comment_status":"closed","ping_status":"open","sticky":false,"template":"","format":"standard","meta":{"footnotes":""},"categories":[1,28,26,39,25,55,38,27,29],"tags":[],"class_list":["post-17266","post","type-post","status-publish","format-standard","has-post-thumbnail","hentry","category-acontecer","category-actual","category-comunidad","category-educacion","category-empresas","category-osorno","category-politica","category-tecnologia","category-turismo"],"rttpg_featured_image_url":{"full":["https:\/\/elconquistadorredloslagos.cl\/test\/wp-content\/uploads\/2025\/12\/WhatsApp-Image-2025-12-18-at-11.54.42-AM.jpeg",1920,896,false],"landscape":["https:\/\/elconquistadorredloslagos.cl\/test\/wp-content\/uploads\/2025\/12\/WhatsApp-Image-2025-12-18-at-11.54.42-AM.jpeg",1920,896,false],"portraits":["https:\/\/elconquistadorredloslagos.cl\/test\/wp-content\/uploads\/2025\/12\/WhatsApp-Image-2025-12-18-at-11.54.42-AM.jpeg",1920,896,false],"thumbnail":["https:\/\/elconquistadorredloslagos.cl\/test\/wp-content\/uploads\/2025\/12\/WhatsApp-Image-2025-12-18-at-11.54.42-AM-150x150.jpeg",150,150,true],"medium":["https:\/\/elconquistadorredloslagos.cl\/test\/wp-content\/uploads\/2025\/12\/WhatsApp-Image-2025-12-18-at-11.54.42-AM-300x140.jpeg",300,140,true],"large":["https:\/\/elconquistadorredloslagos.cl\/test\/wp-content\/uploads\/2025\/12\/WhatsApp-Image-2025-12-18-at-11.54.42-AM-1024x478.jpeg",1024,478,true],"1536x1536":["https:\/\/elconquistadorredloslagos.cl\/test\/wp-content\/uploads\/2025\/12\/WhatsApp-Image-2025-12-18-at-11.54.42-AM-1536x717.jpeg",1536,717,true],"2048x2048":["https:\/\/elconquistadorredloslagos.cl\/test\/wp-content\/uploads\/2025\/12\/WhatsApp-Image-2025-12-18-at-11.54.42-AM.jpeg",1920,896,false]},"rttpg_author":{"display_name":"mcifuentes","author_link":"https:\/\/elconquistadorredloslagos.cl\/test\/blog\/author\/mcifuentes\/"},"rttpg_comment":0,"rttpg_category":"<a href=\"https:\/\/elconquistadorredloslagos.cl\/test\/blog\/category\/actual\/acontecer\/\" rel=\"category tag\">Acontecer<\/a> <a href=\"https:\/\/elconquistadorredloslagos.cl\/test\/blog\/category\/actual\/\" rel=\"category tag\">Actualidad<\/a> <a href=\"https:\/\/elconquistadorredloslagos.cl\/test\/blog\/category\/comunidad\/\" rel=\"category tag\">Comunidad<\/a> <a href=\"https:\/\/elconquistadorredloslagos.cl\/test\/blog\/category\/actual\/educacion\/\" rel=\"category tag\">Educaci\u00f3n<\/a> <a href=\"https:\/\/elconquistadorredloslagos.cl\/test\/blog\/category\/empresas\/\" rel=\"category tag\">Empresarial<\/a> <a href=\"https:\/\/elconquistadorredloslagos.cl\/test\/blog\/category\/chile\/osorno\/\" rel=\"category tag\">Osorno<\/a> <a href=\"https:\/\/elconquistadorredloslagos.cl\/test\/blog\/category\/actual\/politica\/\" rel=\"category tag\">Politica<\/a> <a href=\"https:\/\/elconquistadorredloslagos.cl\/test\/blog\/category\/actual\/tecnologia\/\" rel=\"category tag\">Tecnologias<\/a> <a href=\"https:\/\/elconquistadorredloslagos.cl\/test\/blog\/category\/actual\/turismo\/\" rel=\"category tag\">Turismo<\/a>","rttpg_excerpt":"La iniciativa se desarrollar\u00e1 entre el lunes 22 y el mi\u00e9rcoles 24 de diciembre en calle Ram\u00edrez, e incorpora medidas de ordenamiento, seguridad y apoyo a emprendedores, en coordinaci\u00f3n con..","_links":{"self":[{"href":"https:\/\/elconquistadorredloslagos.cl\/test\/wp-json\/wp\/v2\/posts\/17266","targetHints":{"allow":["GET"]}}],"collection":[{"href":"https:\/\/elconquistadorredloslagos.cl\/test\/wp-json\/wp\/v2\/posts"}],"about":[{"href":"https:\/\/elconquistadorredloslagos.cl\/test\/wp-json\/wp\/v2\/types\/post"}],"author":[{"embeddable":true,"href":"https:\/\/elconquistadorredloslagos.cl\/test\/wp-json\/wp\/v2\/users\/9"}],"replies":[{"embeddable":true,"href":"https:\/\/elconquistadorredloslagos.cl\/test\/wp-json\/wp\/v2\/comments?post=17266"}],"version-history":[{"count":1,"href":"https:\/\/elconquistadorredloslagos.cl\/test\/wp-json\/wp\/v2\/posts\/17266\/revisions"}],"predecessor-version":[{"id":17270,"href":"https:\/\/elconquistadorredloslagos.cl\/test\/wp-json\/wp\/v2\/posts\/17266\/revisions\/17270"}],"wp:featuredmedia":[{"embeddable":true,"href":"https:\/\/elconquistadorredloslagos.cl\/test\/wp-json\/wp\/v2\/media\/17268"}],"wp:attachment":[{"href":"https:\/\/elconquistadorredloslagos.cl\/test\/wp-json\/wp\/v2\/media?parent=17266"}],"wp:term":[{"taxonomy":"category","embeddable":true,"href":"https:\/\/elconquistadorredloslagos.cl\/test\/wp-json\/wp\/v2\/categories?post=17266"},{"taxonomy":"post_tag","embeddable":true,"href":"https:\/\/elconquistadorredloslagos.cl\/test\/wp-json\/wp\/v2\/tags?post=17266"}],"curies":[{"name":"wp","href":"https:\/\/api.w.org\/{rel}","templated":true}]}}