{"id":17257,"date":"2025-12-18T14:49:33","date_gmt":"2025-12-18T17:49:33","guid":{"rendered":"https:\/\/elconquistadorredloslagos.cl\/test\/?p=17257"},"modified":"2025-12-18T14:49:34","modified_gmt":"2025-12-18T17:49:34","slug":"investigacion-busca-aclarar-mortal-colision-registrada-en-la-ruta-5-en-quellon","status":"publish","type":"post","link":"https:\/\/elconquistadorredloslagos.cl\/test\/blog\/2025\/12\/18\/investigacion-busca-aclarar-mortal-colision-registrada-en-la-ruta-5-en-quellon\/","title":{"rendered":"Investigaci\u00f3n busca aclarar mortal colisi\u00f3n registrada en la Ruta 5 en Quell\u00f3n"},"content":{"rendered":"\n<p>Las miradas ahora est\u00e1n puestas en las pericias. Tras el grave accidente ocurrido ayer al mediod\u00eda en la comuna de Quell\u00f3n, los equipos especializados trabajan para reconstruir minuto a minuto c\u00f3mo se desencaden\u00f3 la colisi\u00f3n que termin\u00f3 con la vida de dos personas en la Ruta 5, a la altura del sector Chadmo Central.<\/p>\n\n\n\n<p>El siniestro involucr\u00f3 a dos veh\u00edculos particulares y a un bus de transporte de pasajeros que se desplazaba con destino a Castro. Por razones que a\u00fan permanecen bajo an\u00e1lisis, el impacto fue de tal magnitud que uno de los m\u00f3viles menores qued\u00f3 convertido en un amasijo de fierros, escenario que marc\u00f3 el desenlace fatal para sus ocupantes.<\/p>\n\n\n\n<p>Al lugar concurrieron unidades de emergencia que enfrentaron un panorama complejo. Ocho personas resultaron con lesiones de diversa consideraci\u00f3n, debiendo ser estabilizadas en el sitio y trasladadas posteriormente a centros asistenciales. Desde el Cuerpo de Bomberos de Quell\u00f3n, su capit\u00e1n Pedro Guti\u00e9rrez, confirm\u00f3 que el operativo incluy\u00f3 labores de rescate y apoyo a los heridos, constat\u00e1ndose adem\u00e1s el fallecimiento de dos personas.<\/p>\n\n\n\n<figure class=\"wp-block-audio\"><audio controls src=\"https:\/\/elconquistadorredloslagos.cl\/test\/wp-content\/uploads\/2025\/12\/BOMBEROS-QUELLON.mp3\"><\/audio><\/figure>\n\n\n\n<p>Carabineros implement\u00f3 un amplio despliegue para resguardar el tr\u00e1nsito en este tramo de la principal carretera chilota, lo que deriv\u00f3 en un prolongado corte vehicular. Esta medida permiti\u00f3 el trabajo de la Secci\u00f3n de Investigaci\u00f3n de Accidentes de Tr\u00e1nsito (SIAT), encargada de levantar evidencias y determinar responsabilidades. As\u00ed lo detall\u00f3 el mayor de Carabineros de la Sexta Comisar\u00eda de Quell\u00f3n, Gonzalo Morales.<\/p>\n\n\n\n<figure class=\"wp-block-audio\"><audio controls src=\"https:\/\/elconquistadorredloslagos.cl\/test\/wp-content\/uploads\/2025\/12\/CARABINEROS-QUELLON.mp3\"><\/audio><\/figure>\n\n\n\n<p>Desde el Hospital de Quell\u00f3n se entreg\u00f3 un balance m\u00e9dico de los lesionados. De aquello se refiri\u00f3 el doctor H\u00e9ctor Maldonado, subdirector m\u00e9dico del centro asistencial. <\/p>\n\n\n\n<figure class=\"wp-block-audio\"><audio controls src=\"https:\/\/elconquistadorredloslagos.cl\/test\/wp-content\/uploads\/2025\/12\/HOSPITAL-QUELLON.mp3\"><\/audio><\/figure>\n\n\n\n<p>Las autoridades reiteraron el llamado a extremar la precauci\u00f3n, especialmente en fechas festivas, considerando las condiciones estructurales y el alto flujo que soporta la Ruta 5 en la provincia de Chilo\u00e9.<\/p>\n","protected":false},"excerpt":{"rendered":"<p>Las miradas ahora est\u00e1n puestas en las pericias. Tras el grave accidente ocurrido ayer al mediod\u00eda en la comuna de Quell\u00f3n, los equipos especializados trabajan para reconstruir minuto a minuto..<\/p>\n","protected":false},"author":2,"featured_media":17262,"comment_status":"closed","ping_status":"open","sticky":false,"template":"","format":"standard","meta":{"footnotes":""},"categories":[1,28,51],"tags":[],"class_list":["post-17257","post","type-post","status-publish","format-standard","has-post-thumbnail","hentry","category-acontecer","category-actual","category-chiloe"],"rttpg_featured_image_url":{"full":["https:\/\/elconquistadorredloslagos.cl\/test\/wp-content\/uploads\/2025\/12\/img-51.jpg",1920,1080,false],"landscape":["https:\/\/elconquistadorredloslagos.cl\/test\/wp-content\/uploads\/2025\/12\/img-51.jpg",1920,1080,false],"portraits":["https:\/\/elconquistadorredloslagos.cl\/test\/wp-content\/uploads\/2025\/12\/img-51.jpg",1920,1080,false],"thumbnail":["https:\/\/elconquistadorredloslagos.cl\/test\/wp-content\/uploads\/2025\/12\/img-51-150x150.jpg",150,150,true],"medium":["https:\/\/elconquistadorredloslagos.cl\/test\/wp-content\/uploads\/2025\/12\/img-51-300x169.jpg",300,169,true],"large":["https:\/\/elconquistadorredloslagos.cl\/test\/wp-content\/uploads\/2025\/12\/img-51-1024x576.jpg",1024,576,true],"1536x1536":["https:\/\/elconquistadorredloslagos.cl\/test\/wp-content\/uploads\/2025\/12\/img-51-1536x864.jpg",1536,864,true],"2048x2048":["https:\/\/elconquistadorredloslagos.cl\/test\/wp-content\/uploads\/2025\/12\/img-51.jpg",1920,1080,false]},"rttpg_author":{"display_name":"ccardenas","author_link":"https:\/\/elconquistadorredloslagos.cl\/test\/blog\/author\/ccardenas\/"},"rttpg_comment":0,"rttpg_category":"<a href=\"https:\/\/elconquistadorredloslagos.cl\/test\/blog\/category\/actual\/acontecer\/\" rel=\"category tag\">Acontecer<\/a> <a href=\"https:\/\/elconquistadorredloslagos.cl\/test\/blog\/category\/actual\/\" rel=\"category tag\">Actualidad<\/a> <a href=\"https:\/\/elconquistadorredloslagos.cl\/test\/blog\/category\/chile\/chiloe\/\" rel=\"category tag\">Chilo\u00e9<\/a>","rttpg_excerpt":"Las miradas ahora est\u00e1n puestas en las pericias. Tras el grave accidente ocurrido ayer al mediod\u00eda en la comuna de Quell\u00f3n, los equipos especializados trabajan para reconstruir minuto a minuto..","_links":{"self":[{"href":"https:\/\/elconquistadorredloslagos.cl\/test\/wp-json\/wp\/v2\/posts\/17257","targetHints":{"allow":["GET"]}}],"collection":[{"href":"https:\/\/elconquistadorredloslagos.cl\/test\/wp-json\/wp\/v2\/posts"}],"about":[{"href":"https:\/\/elconquistadorredloslagos.cl\/test\/wp-json\/wp\/v2\/types\/post"}],"author":[{"embeddable":true,"href":"https:\/\/elconquistadorredloslagos.cl\/test\/wp-json\/wp\/v2\/users\/2"}],"replies":[{"embeddable":true,"href":"https:\/\/elconquistadorredloslagos.cl\/test\/wp-json\/wp\/v2\/comments?post=17257"}],"version-history":[{"count":1,"href":"https:\/\/elconquistadorredloslagos.cl\/test\/wp-json\/wp\/v2\/posts\/17257\/revisions"}],"predecessor-version":[{"id":17263,"href":"https:\/\/elconquistadorredloslagos.cl\/test\/wp-json\/wp\/v2\/posts\/17257\/revisions\/17263"}],"wp:featuredmedia":[{"embeddable":true,"href":"https:\/\/elconquistadorredloslagos.cl\/test\/wp-json\/wp\/v2\/media\/17262"}],"wp:attachment":[{"href":"https:\/\/elconquistadorredloslagos.cl\/test\/wp-json\/wp\/v2\/media?parent=17257"}],"wp:term":[{"taxonomy":"category","embeddable":true,"href":"https:\/\/elconquistadorredloslagos.cl\/test\/wp-json\/wp\/v2\/categories?post=17257"},{"taxonomy":"post_tag","embeddable":true,"href":"https:\/\/elconquistadorredloslagos.cl\/test\/wp-json\/wp\/v2\/tags?post=17257"}],"curies":[{"name":"wp","href":"https:\/\/api.w.org\/{rel}","templated":true}]}}