{"id":17254,"date":"2025-12-18T14:36:59","date_gmt":"2025-12-18T17:36:59","guid":{"rendered":"https:\/\/elconquistadorredloslagos.cl\/test\/?p=17254"},"modified":"2025-12-18T14:37:00","modified_gmt":"2025-12-18T17:37:00","slug":"dalcahue-conmemorara-134-anos-de-historia-identidad-y-comunidad","status":"publish","type":"post","link":"https:\/\/elconquistadorredloslagos.cl\/test\/blog\/2025\/12\/18\/dalcahue-conmemorara-134-anos-de-historia-identidad-y-comunidad\/","title":{"rendered":"Dalcahue conmemorar\u00e1 134 a\u00f1os de historia, identidad y comunidad"},"content":{"rendered":"\n<p>Con una programaci\u00f3n pensada para relevar la historia, identidad y sentido comunitario de la comuna, Dalcahue celebrar\u00e1 este pr\u00f3ximo lunes 22 de diciembre su 134 aniversario, con actividades que convocan a vecinas y vecinos a participar de una jornada significativa para la vida local.<\/p>\n\n\n\n<p>La conmemoraci\u00f3n comenzar\u00e1 a las 10.00 horas con la Misa de Aniversario, que se realizar\u00e1 en la Iglesia Nuestra Se\u00f1ora de los Dolores de Dalcahue, templo patrimonial y s\u00edmbolo de la historia y espiritualidad de la comuna.<\/p>\n\n\n\n<p>Posteriormente, a partir de las 11:30 horas, se desarrollar\u00e1 el Desfile Conmemorativo del 134 Aniversario Comunal en la Explanada de Dalcahue, instancia que reunir\u00e1 a organizaciones sociales, instituciones y representantes de la comunidad, destacando el compromiso y la identidad de quienes construyen d\u00eda a d\u00eda el desarrollo local.<\/p>\n\n\n\n<p>La jornada continuar\u00e1 durante la tarde con la Fiesta Navide\u00f1a Comunal, programada desde las 14:30 horas en la Plaza de Armas de Dalcahue, actividad orientada al encuentro familiar y comunitario, especialmente pensada para ni\u00f1as, ni\u00f1os y adultos mayores, fortaleciendo los lazos sociales en el cierre del a\u00f1o.<\/p>\n\n\n\n<p>La alcaldesa de Dalcahue, Alejandra Villegas, destac\u00f3 el sentido de esta conmemoraci\u00f3n, se\u00f1alando que \u201cestos 134 a\u00f1os nos invitan a reencontrarnos como comunidad, a valorar nuestra historia y a seguir construyendo Dalcahue desde el respeto, la participaci\u00f3n y el trabajo conjunto por un mejor futuro para todas y todos\u201d.<\/p>\n\n\n\n<p>Desde el municipio se extendi\u00f3 la invitaci\u00f3n a toda la comunidad a ser parte de esta importante fecha, que une tradici\u00f3n, fe y celebraci\u00f3n, reafirmando el compromiso de Dalcahue con su historia y su gente.<\/p>\n","protected":false},"excerpt":{"rendered":"<p>Con una programaci\u00f3n pensada para relevar la historia, identidad y sentido comunitario de la comuna, Dalcahue celebrar\u00e1 este pr\u00f3ximo lunes 22 de diciembre su 134 aniversario, con actividades que convocan..<\/p>\n","protected":false},"author":2,"featured_media":17255,"comment_status":"closed","ping_status":"open","sticky":false,"template":"","format":"standard","meta":{"footnotes":""},"categories":[1,28,51],"tags":[],"class_list":["post-17254","post","type-post","status-publish","format-standard","has-post-thumbnail","hentry","category-acontecer","category-actual","category-chiloe"],"rttpg_featured_image_url":{"full":["https:\/\/elconquistadorredloslagos.cl\/test\/wp-content\/uploads\/2025\/12\/img-50.jpg",1920,1080,false],"landscape":["https:\/\/elconquistadorredloslagos.cl\/test\/wp-content\/uploads\/2025\/12\/img-50.jpg",1920,1080,false],"portraits":["https:\/\/elconquistadorredloslagos.cl\/test\/wp-content\/uploads\/2025\/12\/img-50.jpg",1920,1080,false],"thumbnail":["https:\/\/elconquistadorredloslagos.cl\/test\/wp-content\/uploads\/2025\/12\/img-50-150x150.jpg",150,150,true],"medium":["https:\/\/elconquistadorredloslagos.cl\/test\/wp-content\/uploads\/2025\/12\/img-50-300x169.jpg",300,169,true],"large":["https:\/\/elconquistadorredloslagos.cl\/test\/wp-content\/uploads\/2025\/12\/img-50-1024x576.jpg",1024,576,true],"1536x1536":["https:\/\/elconquistadorredloslagos.cl\/test\/wp-content\/uploads\/2025\/12\/img-50-1536x864.jpg",1536,864,true],"2048x2048":["https:\/\/elconquistadorredloslagos.cl\/test\/wp-content\/uploads\/2025\/12\/img-50.jpg",1920,1080,false]},"rttpg_author":{"display_name":"ccardenas","author_link":"https:\/\/elconquistadorredloslagos.cl\/test\/blog\/author\/ccardenas\/"},"rttpg_comment":0,"rttpg_category":"<a href=\"https:\/\/elconquistadorredloslagos.cl\/test\/blog\/category\/actual\/acontecer\/\" rel=\"category tag\">Acontecer<\/a> <a href=\"https:\/\/elconquistadorredloslagos.cl\/test\/blog\/category\/actual\/\" rel=\"category tag\">Actualidad<\/a> <a href=\"https:\/\/elconquistadorredloslagos.cl\/test\/blog\/category\/chile\/chiloe\/\" rel=\"category tag\">Chilo\u00e9<\/a>","rttpg_excerpt":"Con una programaci\u00f3n pensada para relevar la historia, identidad y sentido comunitario de la comuna, Dalcahue celebrar\u00e1 este pr\u00f3ximo lunes 22 de diciembre su 134 aniversario, con actividades que convocan..","_links":{"self":[{"href":"https:\/\/elconquistadorredloslagos.cl\/test\/wp-json\/wp\/v2\/posts\/17254","targetHints":{"allow":["GET"]}}],"collection":[{"href":"https:\/\/elconquistadorredloslagos.cl\/test\/wp-json\/wp\/v2\/posts"}],"about":[{"href":"https:\/\/elconquistadorredloslagos.cl\/test\/wp-json\/wp\/v2\/types\/post"}],"author":[{"embeddable":true,"href":"https:\/\/elconquistadorredloslagos.cl\/test\/wp-json\/wp\/v2\/users\/2"}],"replies":[{"embeddable":true,"href":"https:\/\/elconquistadorredloslagos.cl\/test\/wp-json\/wp\/v2\/comments?post=17254"}],"version-history":[{"count":1,"href":"https:\/\/elconquistadorredloslagos.cl\/test\/wp-json\/wp\/v2\/posts\/17254\/revisions"}],"predecessor-version":[{"id":17256,"href":"https:\/\/elconquistadorredloslagos.cl\/test\/wp-json\/wp\/v2\/posts\/17254\/revisions\/17256"}],"wp:featuredmedia":[{"embeddable":true,"href":"https:\/\/elconquistadorredloslagos.cl\/test\/wp-json\/wp\/v2\/media\/17255"}],"wp:attachment":[{"href":"https:\/\/elconquistadorredloslagos.cl\/test\/wp-json\/wp\/v2\/media?parent=17254"}],"wp:term":[{"taxonomy":"category","embeddable":true,"href":"https:\/\/elconquistadorredloslagos.cl\/test\/wp-json\/wp\/v2\/categories?post=17254"},{"taxonomy":"post_tag","embeddable":true,"href":"https:\/\/elconquistadorredloslagos.cl\/test\/wp-json\/wp\/v2\/tags?post=17254"}],"curies":[{"name":"wp","href":"https:\/\/api.w.org\/{rel}","templated":true}]}}