{"id":17251,"date":"2025-12-18T14:31:42","date_gmt":"2025-12-18T17:31:42","guid":{"rendered":"https:\/\/elconquistadorredloslagos.cl\/test\/?p=17251"},"modified":"2025-12-18T14:31:43","modified_gmt":"2025-12-18T17:31:43","slug":"osorno-refuerza-llamado-a-dejar-atras-los-fuegos-artificiales-en-fin-de-ano","status":"publish","type":"post","link":"https:\/\/elconquistadorredloslagos.cl\/test\/blog\/2025\/12\/18\/osorno-refuerza-llamado-a-dejar-atras-los-fuegos-artificiales-en-fin-de-ano\/","title":{"rendered":"Osorno refuerza llamado a dejar atr\u00e1s los fuegos artificiales en fin de a\u00f1o"},"content":{"rendered":"\n<p>Con el objetivo de apagar el riesgo antes de que se encienda la celebraci\u00f3n, la comuna de Osorno se sum\u00f3 oficialmente a la campa\u00f1a \u201cNo m\u00e1s fuegos artificiales\u201d, iniciativa impulsada por la Corporaci\u00f3n de Ayuda al Ni\u00f1o Quemado (COANIQUEM) y respaldada por el municipio local. El lanzamiento se realiz\u00f3 en la Sala de Sesiones, como antesala a las festividades de fin de a\u00f1o.<\/p>\n\n\n\n<p>La actividad reuni\u00f3 a autoridades comunales, representantes de COANIQUEM y Carabineros, quienes coincidieron en la necesidad de reforzar el mensaje preventivo hacia la comunidad. Durante el encuentro se record\u00f3 la vigencia de la Ley 19.680, normativa que proh\u00edbe la venta, distribuci\u00f3n y manipulaci\u00f3n de pirotecnia, estableciendo sanciones que van desde multas hasta penas privativas de libertad.<\/p>\n\n\n\n<p>Desde COANIQUEM se enfatiz\u00f3 que el uso de fuegos artificiales no solo puede provocar quemaduras graves, especialmente en ni\u00f1os y j\u00f3venes, sino que tambi\u00e9n genera efectos negativos en personas dentro del espectro autista y en las mascotas, adem\u00e1s de aumentar el riesgo de incendios en sectores residenciales.<\/p>\n\n\n\n<p>Carabineros, en tanto, llam\u00f3 a la ciudadan\u00eda a denunciar este tipo de conductas y recalc\u00f3 que el Plan Navidad Segura contempla fiscalizaciones al comercio informal para detectar la venta ilegal de estos productos. En la instancia tambi\u00e9n se destac\u00f3 el respaldo municipal a la labor de COANIQUEM Osorno, materializado este a\u00f1o con un aporte econ\u00f3mico destinado a apoyar la recuperaci\u00f3n de ni\u00f1os y j\u00f3venes afectados por quemaduras.<\/p>\n\n\n\n<p>\ud83d\udcf7 Referencial<\/p>\n","protected":false},"excerpt":{"rendered":"<p>Con el objetivo de apagar el riesgo antes de que se encienda la celebraci\u00f3n, la comuna de Osorno se sum\u00f3 oficialmente a la campa\u00f1a \u201cNo m\u00e1s fuegos artificiales\u201d, iniciativa impulsada..<\/p>\n","protected":false},"author":2,"featured_media":17252,"comment_status":"closed","ping_status":"open","sticky":false,"template":"","format":"standard","meta":{"footnotes":""},"categories":[1,28,55],"tags":[],"class_list":["post-17251","post","type-post","status-publish","format-standard","has-post-thumbnail","hentry","category-acontecer","category-actual","category-osorno"],"rttpg_featured_image_url":{"full":["https:\/\/elconquistadorredloslagos.cl\/test\/wp-content\/uploads\/2025\/12\/img-49.jpg",1920,1080,false],"landscape":["https:\/\/elconquistadorredloslagos.cl\/test\/wp-content\/uploads\/2025\/12\/img-49.jpg",1920,1080,false],"portraits":["https:\/\/elconquistadorredloslagos.cl\/test\/wp-content\/uploads\/2025\/12\/img-49.jpg",1920,1080,false],"thumbnail":["https:\/\/elconquistadorredloslagos.cl\/test\/wp-content\/uploads\/2025\/12\/img-49-150x150.jpg",150,150,true],"medium":["https:\/\/elconquistadorredloslagos.cl\/test\/wp-content\/uploads\/2025\/12\/img-49-300x169.jpg",300,169,true],"large":["https:\/\/elconquistadorredloslagos.cl\/test\/wp-content\/uploads\/2025\/12\/img-49-1024x576.jpg",1024,576,true],"1536x1536":["https:\/\/elconquistadorredloslagos.cl\/test\/wp-content\/uploads\/2025\/12\/img-49-1536x864.jpg",1536,864,true],"2048x2048":["https:\/\/elconquistadorredloslagos.cl\/test\/wp-content\/uploads\/2025\/12\/img-49.jpg",1920,1080,false]},"rttpg_author":{"display_name":"ccardenas","author_link":"https:\/\/elconquistadorredloslagos.cl\/test\/blog\/author\/ccardenas\/"},"rttpg_comment":0,"rttpg_category":"<a href=\"https:\/\/elconquistadorredloslagos.cl\/test\/blog\/category\/actual\/acontecer\/\" rel=\"category tag\">Acontecer<\/a> <a href=\"https:\/\/elconquistadorredloslagos.cl\/test\/blog\/category\/actual\/\" rel=\"category tag\">Actualidad<\/a> <a href=\"https:\/\/elconquistadorredloslagos.cl\/test\/blog\/category\/chile\/osorno\/\" rel=\"category tag\">Osorno<\/a>","rttpg_excerpt":"Con el objetivo de apagar el riesgo antes de que se encienda la celebraci\u00f3n, la comuna de Osorno se sum\u00f3 oficialmente a la campa\u00f1a \u201cNo m\u00e1s fuegos artificiales\u201d, iniciativa impulsada..","_links":{"self":[{"href":"https:\/\/elconquistadorredloslagos.cl\/test\/wp-json\/wp\/v2\/posts\/17251","targetHints":{"allow":["GET"]}}],"collection":[{"href":"https:\/\/elconquistadorredloslagos.cl\/test\/wp-json\/wp\/v2\/posts"}],"about":[{"href":"https:\/\/elconquistadorredloslagos.cl\/test\/wp-json\/wp\/v2\/types\/post"}],"author":[{"embeddable":true,"href":"https:\/\/elconquistadorredloslagos.cl\/test\/wp-json\/wp\/v2\/users\/2"}],"replies":[{"embeddable":true,"href":"https:\/\/elconquistadorredloslagos.cl\/test\/wp-json\/wp\/v2\/comments?post=17251"}],"version-history":[{"count":1,"href":"https:\/\/elconquistadorredloslagos.cl\/test\/wp-json\/wp\/v2\/posts\/17251\/revisions"}],"predecessor-version":[{"id":17253,"href":"https:\/\/elconquistadorredloslagos.cl\/test\/wp-json\/wp\/v2\/posts\/17251\/revisions\/17253"}],"wp:featuredmedia":[{"embeddable":true,"href":"https:\/\/elconquistadorredloslagos.cl\/test\/wp-json\/wp\/v2\/media\/17252"}],"wp:attachment":[{"href":"https:\/\/elconquistadorredloslagos.cl\/test\/wp-json\/wp\/v2\/media?parent=17251"}],"wp:term":[{"taxonomy":"category","embeddable":true,"href":"https:\/\/elconquistadorredloslagos.cl\/test\/wp-json\/wp\/v2\/categories?post=17251"},{"taxonomy":"post_tag","embeddable":true,"href":"https:\/\/elconquistadorredloslagos.cl\/test\/wp-json\/wp\/v2\/tags?post=17251"}],"curies":[{"name":"wp","href":"https:\/\/api.w.org\/{rel}","templated":true}]}}