{"id":17248,"date":"2025-12-18T14:24:01","date_gmt":"2025-12-18T17:24:01","guid":{"rendered":"https:\/\/elconquistadorredloslagos.cl\/test\/?p=17248"},"modified":"2025-12-18T14:24:01","modified_gmt":"2025-12-18T17:24:01","slug":"clausura-de-feria-las-camelias-deja-en-pausa-a-cientos-de-comerciantes-en-mirasol","status":"publish","type":"post","link":"https:\/\/elconquistadorredloslagos.cl\/test\/blog\/2025\/12\/18\/clausura-de-feria-las-camelias-deja-en-pausa-a-cientos-de-comerciantes-en-mirasol\/","title":{"rendered":"Clausura de feria Las Camelias deja en pausa a cientos de comerciantes en Mirasol"},"content":{"rendered":"\n<p>Este jueves comenz\u00f3 el cierre del terreno donde por m\u00e1s de siete a\u00f1os funcion\u00f3 la feria libre Las Camelias, en el sector Mirasol de Puerto Montt. Desde temprano, cerca de las 07.30 horas, el espacio fue intervenido en un operativo encabezado por personal municipal y resguardado por Carabineros.<\/p>\n\n\n\n<p>El lugar, que cada fin de semana se transformaba en un hervidero de actividad comercial, congregaba a cerca de 200 personas dedicadas a la venta de diversos productos. Esta vez, en cambio, el movimiento fue reemplazado por el silencio y el di\u00e1logo entre autoridades y feriantes, sin que se registraran incidentes durante el procedimiento.<\/p>\n\n\n\n<p>Un funcionario del municipio lleg\u00f3 hasta el sitio para conversar con los vendedores, mientras el contingente policial custodiaba el per\u00edmetro. La escena marc\u00f3 el fin de un espacio que, para muchos, era m\u00e1s que un punto de comercio: era el sustento familiar y una rutina arraigada en el barrio.<\/p>\n\n\n\n<p>Los comerciantes expresaron su preocupaci\u00f3n por el momento en que se concreta la clausura, justo a d\u00edas de las celebraciones de fin de a\u00f1o. <\/p>\n\n\n\n<p>\ud83d\udcf7 Cedida<\/p>\n","protected":false},"excerpt":{"rendered":"<p>Este jueves comenz\u00f3 el cierre del terreno donde por m\u00e1s de siete a\u00f1os funcion\u00f3 la feria libre Las Camelias, en el sector Mirasol de Puerto Montt. Desde temprano, cerca de..<\/p>\n","protected":false},"author":2,"featured_media":17249,"comment_status":"closed","ping_status":"open","sticky":false,"template":"","format":"standard","meta":{"footnotes":""},"categories":[1,28,56],"tags":[],"class_list":["post-17248","post","type-post","status-publish","format-standard","has-post-thumbnail","hentry","category-acontecer","category-actual","category-puerto-montt"],"rttpg_featured_image_url":{"full":["https:\/\/elconquistadorredloslagos.cl\/test\/wp-content\/uploads\/2025\/12\/img-48.jpg",1920,1080,false],"landscape":["https:\/\/elconquistadorredloslagos.cl\/test\/wp-content\/uploads\/2025\/12\/img-48.jpg",1920,1080,false],"portraits":["https:\/\/elconquistadorredloslagos.cl\/test\/wp-content\/uploads\/2025\/12\/img-48.jpg",1920,1080,false],"thumbnail":["https:\/\/elconquistadorredloslagos.cl\/test\/wp-content\/uploads\/2025\/12\/img-48-150x150.jpg",150,150,true],"medium":["https:\/\/elconquistadorredloslagos.cl\/test\/wp-content\/uploads\/2025\/12\/img-48-300x169.jpg",300,169,true],"large":["https:\/\/elconquistadorredloslagos.cl\/test\/wp-content\/uploads\/2025\/12\/img-48-1024x576.jpg",1024,576,true],"1536x1536":["https:\/\/elconquistadorredloslagos.cl\/test\/wp-content\/uploads\/2025\/12\/img-48-1536x864.jpg",1536,864,true],"2048x2048":["https:\/\/elconquistadorredloslagos.cl\/test\/wp-content\/uploads\/2025\/12\/img-48.jpg",1920,1080,false]},"rttpg_author":{"display_name":"ccardenas","author_link":"https:\/\/elconquistadorredloslagos.cl\/test\/blog\/author\/ccardenas\/"},"rttpg_comment":0,"rttpg_category":"<a href=\"https:\/\/elconquistadorredloslagos.cl\/test\/blog\/category\/actual\/acontecer\/\" rel=\"category tag\">Acontecer<\/a> <a href=\"https:\/\/elconquistadorredloslagos.cl\/test\/blog\/category\/actual\/\" rel=\"category tag\">Actualidad<\/a> <a href=\"https:\/\/elconquistadorredloslagos.cl\/test\/blog\/category\/chile\/puerto-montt\/\" rel=\"category tag\">Puerto Montt<\/a>","rttpg_excerpt":"Este jueves comenz\u00f3 el cierre del terreno donde por m\u00e1s de siete a\u00f1os funcion\u00f3 la feria libre Las Camelias, en el sector Mirasol de Puerto Montt. Desde temprano, cerca de..","_links":{"self":[{"href":"https:\/\/elconquistadorredloslagos.cl\/test\/wp-json\/wp\/v2\/posts\/17248","targetHints":{"allow":["GET"]}}],"collection":[{"href":"https:\/\/elconquistadorredloslagos.cl\/test\/wp-json\/wp\/v2\/posts"}],"about":[{"href":"https:\/\/elconquistadorredloslagos.cl\/test\/wp-json\/wp\/v2\/types\/post"}],"author":[{"embeddable":true,"href":"https:\/\/elconquistadorredloslagos.cl\/test\/wp-json\/wp\/v2\/users\/2"}],"replies":[{"embeddable":true,"href":"https:\/\/elconquistadorredloslagos.cl\/test\/wp-json\/wp\/v2\/comments?post=17248"}],"version-history":[{"count":1,"href":"https:\/\/elconquistadorredloslagos.cl\/test\/wp-json\/wp\/v2\/posts\/17248\/revisions"}],"predecessor-version":[{"id":17250,"href":"https:\/\/elconquistadorredloslagos.cl\/test\/wp-json\/wp\/v2\/posts\/17248\/revisions\/17250"}],"wp:featuredmedia":[{"embeddable":true,"href":"https:\/\/elconquistadorredloslagos.cl\/test\/wp-json\/wp\/v2\/media\/17249"}],"wp:attachment":[{"href":"https:\/\/elconquistadorredloslagos.cl\/test\/wp-json\/wp\/v2\/media?parent=17248"}],"wp:term":[{"taxonomy":"category","embeddable":true,"href":"https:\/\/elconquistadorredloslagos.cl\/test\/wp-json\/wp\/v2\/categories?post=17248"},{"taxonomy":"post_tag","embeddable":true,"href":"https:\/\/elconquistadorredloslagos.cl\/test\/wp-json\/wp\/v2\/tags?post=17248"}],"curies":[{"name":"wp","href":"https:\/\/api.w.org\/{rel}","templated":true}]}}