{"id":17041,"date":"2025-12-11T14:38:20","date_gmt":"2025-12-11T17:38:20","guid":{"rendered":"https:\/\/elconquistadorredloslagos.cl\/test\/?p=17041"},"modified":"2025-12-11T14:38:21","modified_gmt":"2025-12-11T17:38:21","slug":"top-de-puerto-montt-condena-a-5-anos-y-un-dia-de-presidio-a-autor-de-abuso-sexual-de-menor-de-edad","status":"publish","type":"post","link":"https:\/\/elconquistadorredloslagos.cl\/test\/blog\/2025\/12\/11\/top-de-puerto-montt-condena-a-5-anos-y-un-dia-de-presidio-a-autor-de-abuso-sexual-de-menor-de-edad\/","title":{"rendered":"TOP de Puerto Montt condena a 5 a\u00f1os y un d\u00eda de presidio a autor de abuso sexual de menor de edad"},"content":{"rendered":"\n<p>El Tribunal de Juicio Oral en lo Penal de Puerto Montt conden\u00f3 a J.A.A.V. a la pena de 5 a\u00f1os y un d\u00eda de presidio efectivo, m\u00e1s las accesorias legales de inhabilitaci\u00f3n absoluta perpetua para cargos y oficios p\u00fablicos y derechos pol\u00edticos e inhabilitaci\u00f3n absoluta para profesiones titulares mientras dure la condena, en calidad de autor del delito consumado y reiterado de abuso sexual de menor de 14 a\u00f1os. Il\u00edcito perpetrado entre 2017 y 2022, en la comuna de Calbuco.<\/p>\n\n\n\n<p>En fallo un\u00e1nime, el tribunal \u2013integrado por los magistrados Jorge D\u00edaz Rojas (presidente), Patricia Miranda Alvarado (redactora) y Andr\u00e9s Villagra Ram\u00edrez\u2013 dio por acreditado, m\u00e1s all\u00e1 de toda duda razonable, que en d\u00edas indeterminados del periodo comprendido entre enero de 2017 y abril de 2022, J.A.A.V. ejerci\u00f3 de forma reiterada acciones de significaci\u00f3n sexual y relevancia, en contra de la v\u00edctima, una menor nacida en 2007 e hija de su pareja, acciones abusivas que fueron realizadas en dos domicilios y en paseos familiares, en la comuna de Calbuco.&nbsp;<\/p>\n\n\n\n<p>El tribunal aplic\u00f3, adem\u00e1s, a J.A.A.V. las penas de interdicci\u00f3n del derecho de ejercer la guarda y ser o\u00eddo como pariente en los casos en que la ley designa; la sujeci\u00f3n a la vigilancia de la autoridad durante los 10 a\u00f1os siguientes al cumplimiento de la pena principal y la inhabilitaci\u00f3n absoluta perpetua para cargos, empleos, oficios o profesiones ejercidos en \u00e1mbitos educacionales o que involucren una relaci\u00f3n directa y habitual con menores de edad; m\u00e1s la prohibici\u00f3n de acercarse a la v\u00edctima y de visitar el domicilio de la ofendida y su familia, el lugar de trabajo o establecimiento educacional, por el t\u00e9rmino de 10 a\u00f1os, tras el cumplimiento de la pena principal.&nbsp;<\/p>\n\n\n\n<p>Una vez que el fallo quede ejecutoriado, el tribunal dispuso que se proceda a la toma de muestras biol\u00f3gicas del sentenciado, para determinar su huella gen\u00e9tica e inclusi\u00f3n en el registro nacional de ADN de condenados.<\/p>\n\n\n\n<p>Decisi\u00f3n acordada con la prevenci\u00f3n del magistrado D\u00edaz, quien consider\u00f3 que en la especie concurre la circunstancia modificatoria de responsabilidad penal agravante del art\u00edculo 12 N\u00b07 del C\u00f3digo Penal; es decir, cometer el delito con abuso de confianza.<\/p>\n\n\n\n<p>\ud83d\udcf7 Referencial<\/p>\n","protected":false},"excerpt":{"rendered":"<p>El Tribunal de Juicio Oral en lo Penal de Puerto Montt conden\u00f3 a J.A.A.V. a la pena de 5 a\u00f1os y un d\u00eda de presidio efectivo, m\u00e1s las accesorias legales..<\/p>\n","protected":false},"author":2,"featured_media":17042,"comment_status":"closed","ping_status":"open","sticky":false,"template":"","format":"standard","meta":{"footnotes":""},"categories":[1,28,56],"tags":[],"class_list":["post-17041","post","type-post","status-publish","format-standard","has-post-thumbnail","hentry","category-acontecer","category-actual","category-puerto-montt"],"rttpg_featured_image_url":{"full":["https:\/\/elconquistadorredloslagos.cl\/test\/wp-content\/uploads\/2025\/12\/IMG-41.jpg",1920,1080,false],"landscape":["https:\/\/elconquistadorredloslagos.cl\/test\/wp-content\/uploads\/2025\/12\/IMG-41.jpg",1920,1080,false],"portraits":["https:\/\/elconquistadorredloslagos.cl\/test\/wp-content\/uploads\/2025\/12\/IMG-41.jpg",1920,1080,false],"thumbnail":["https:\/\/elconquistadorredloslagos.cl\/test\/wp-content\/uploads\/2025\/12\/IMG-41-150x150.jpg",150,150,true],"medium":["https:\/\/elconquistadorredloslagos.cl\/test\/wp-content\/uploads\/2025\/12\/IMG-41-300x169.jpg",300,169,true],"large":["https:\/\/elconquistadorredloslagos.cl\/test\/wp-content\/uploads\/2025\/12\/IMG-41-1024x576.jpg",1024,576,true],"1536x1536":["https:\/\/elconquistadorredloslagos.cl\/test\/wp-content\/uploads\/2025\/12\/IMG-41-1536x864.jpg",1536,864,true],"2048x2048":["https:\/\/elconquistadorredloslagos.cl\/test\/wp-content\/uploads\/2025\/12\/IMG-41.jpg",1920,1080,false]},"rttpg_author":{"display_name":"ccardenas","author_link":"https:\/\/elconquistadorredloslagos.cl\/test\/blog\/author\/ccardenas\/"},"rttpg_comment":0,"rttpg_category":"<a href=\"https:\/\/elconquistadorredloslagos.cl\/test\/blog\/category\/actual\/acontecer\/\" rel=\"category tag\">Acontecer<\/a> <a href=\"https:\/\/elconquistadorredloslagos.cl\/test\/blog\/category\/actual\/\" rel=\"category tag\">Actualidad<\/a> <a href=\"https:\/\/elconquistadorredloslagos.cl\/test\/blog\/category\/chile\/puerto-montt\/\" rel=\"category tag\">Puerto Montt<\/a>","rttpg_excerpt":"El Tribunal de Juicio Oral en lo Penal de Puerto Montt conden\u00f3 a J.A.A.V. a la pena de 5 a\u00f1os y un d\u00eda de presidio efectivo, m\u00e1s las accesorias legales..","_links":{"self":[{"href":"https:\/\/elconquistadorredloslagos.cl\/test\/wp-json\/wp\/v2\/posts\/17041","targetHints":{"allow":["GET"]}}],"collection":[{"href":"https:\/\/elconquistadorredloslagos.cl\/test\/wp-json\/wp\/v2\/posts"}],"about":[{"href":"https:\/\/elconquistadorredloslagos.cl\/test\/wp-json\/wp\/v2\/types\/post"}],"author":[{"embeddable":true,"href":"https:\/\/elconquistadorredloslagos.cl\/test\/wp-json\/wp\/v2\/users\/2"}],"replies":[{"embeddable":true,"href":"https:\/\/elconquistadorredloslagos.cl\/test\/wp-json\/wp\/v2\/comments?post=17041"}],"version-history":[{"count":1,"href":"https:\/\/elconquistadorredloslagos.cl\/test\/wp-json\/wp\/v2\/posts\/17041\/revisions"}],"predecessor-version":[{"id":17043,"href":"https:\/\/elconquistadorredloslagos.cl\/test\/wp-json\/wp\/v2\/posts\/17041\/revisions\/17043"}],"wp:featuredmedia":[{"embeddable":true,"href":"https:\/\/elconquistadorredloslagos.cl\/test\/wp-json\/wp\/v2\/media\/17042"}],"wp:attachment":[{"href":"https:\/\/elconquistadorredloslagos.cl\/test\/wp-json\/wp\/v2\/media?parent=17041"}],"wp:term":[{"taxonomy":"category","embeddable":true,"href":"https:\/\/elconquistadorredloslagos.cl\/test\/wp-json\/wp\/v2\/categories?post=17041"},{"taxonomy":"post_tag","embeddable":true,"href":"https:\/\/elconquistadorredloslagos.cl\/test\/wp-json\/wp\/v2\/tags?post=17041"}],"curies":[{"name":"wp","href":"https:\/\/api.w.org\/{rel}","templated":true}]}}