{"id":17036,"date":"2025-12-11T14:30:36","date_gmt":"2025-12-11T17:30:36","guid":{"rendered":"https:\/\/elconquistadorredloslagos.cl\/test\/?p=17036"},"modified":"2025-12-11T14:30:36","modified_gmt":"2025-12-11T17:30:36","slug":"chile-y-argentina-avanzan-en-implementacion-de-programa-turistico-binacional","status":"publish","type":"post","link":"https:\/\/elconquistadorredloslagos.cl\/test\/blog\/2025\/12\/11\/chile-y-argentina-avanzan-en-implementacion-de-programa-turistico-binacional\/","title":{"rendered":"Chile y Argentina avanzan en implementaci\u00f3n de programa tur\u00edstico binacional"},"content":{"rendered":"\n<p>El 27 y 28 de noviembre se dio inicio oficial a la implementaci\u00f3n del Programa de Cooperaci\u00f3n Internacional Binacional Chile-Argentina, impulsado por el Gobierno Regional de Los Lagos y la Subsecretar\u00eda de Turismo del pa\u00eds vecino. Durante ambas jornadas, equipos t\u00e9cnicos trabajaron en los lineamientos estrat\u00e9gicos de un plan que busca fortalecer la promoci\u00f3n tur\u00edstica conjunta en Esquel, Trevelin, Palena y Futaleuf\u00fa, considerando adem\u00e1s la futura incorporaci\u00f3n de Chait\u00e9n. En representaci\u00f3n de Chile participaron los consejeros regionales Francisco Reyes y Bernardo Barr\u00eda, acompa\u00f1ando al jefe de Fomento e Industrias, Felipe Petit Laurent.<\/p>\n\n\n\n<p>El programa cuenta con financiamiento de las canciller\u00edas de ambos pa\u00edses y forma parte de una agenda que apunta a consolidar un circuito tur\u00edstico sostenible y competitivo. El encuentro permiti\u00f3 avanzar en el dise\u00f1o de la ruta binacional, compartir diagn\u00f3sticos y relevar temas como identidad local, \u00e1reas protegidas, naturaleza y agroturismo. Se acord\u00f3 elaborar un diagn\u00f3stico conjunto para priorizar acciones y proyectar el destino a escala internacional.<\/p>\n\n\n\n<p>Petit destac\u00f3 que este proceso comenz\u00f3 en abril y que la actual fase t\u00e9cnica permitir\u00e1 definir la estrategia de promoci\u00f3n binacional, bajo la premisa de que ambos pa\u00edses se complementan para potenciar la Patagonia. <\/p>\n\n\n\n<figure class=\"wp-block-audio\"><audio controls src=\"https:\/\/elconquistadorredloslagos.cl\/test\/wp-content\/uploads\/2025\/12\/PETIT.mp3\"><\/audio><\/figure>\n\n\n\n<p>La pr\u00f3xima reuni\u00f3n se realizar\u00e1 el 20 de enero en Futaleuf\u00fa, con la participaci\u00f3n del sector privado y agencias de turismo, para revisar avances y proyectar nuevas acciones del circuito binacional.<\/p>\n","protected":false},"excerpt":{"rendered":"<p>El 27 y 28 de noviembre se dio inicio oficial a la implementaci\u00f3n del Programa de Cooperaci\u00f3n Internacional Binacional Chile-Argentina, impulsado por el Gobierno Regional de Los Lagos y la..<\/p>\n","protected":false},"author":2,"featured_media":17039,"comment_status":"closed","ping_status":"open","sticky":false,"template":"","format":"standard","meta":{"footnotes":""},"categories":[1,28,51,53,54,52,55,56,29],"tags":[],"class_list":["post-17036","post","type-post","status-publish","format-standard","has-post-thumbnail","hentry","category-acontecer","category-actual","category-chiloe","category-mundo","category-lago-llanquihue","category-chile","category-osorno","category-puerto-montt","category-turismo"],"rttpg_featured_image_url":{"full":["https:\/\/elconquistadorredloslagos.cl\/test\/wp-content\/uploads\/2025\/12\/IMG-40.jpg",1920,1080,false],"landscape":["https:\/\/elconquistadorredloslagos.cl\/test\/wp-content\/uploads\/2025\/12\/IMG-40.jpg",1920,1080,false],"portraits":["https:\/\/elconquistadorredloslagos.cl\/test\/wp-content\/uploads\/2025\/12\/IMG-40.jpg",1920,1080,false],"thumbnail":["https:\/\/elconquistadorredloslagos.cl\/test\/wp-content\/uploads\/2025\/12\/IMG-40-150x150.jpg",150,150,true],"medium":["https:\/\/elconquistadorredloslagos.cl\/test\/wp-content\/uploads\/2025\/12\/IMG-40-300x169.jpg",300,169,true],"large":["https:\/\/elconquistadorredloslagos.cl\/test\/wp-content\/uploads\/2025\/12\/IMG-40-1024x576.jpg",1024,576,true],"1536x1536":["https:\/\/elconquistadorredloslagos.cl\/test\/wp-content\/uploads\/2025\/12\/IMG-40-1536x864.jpg",1536,864,true],"2048x2048":["https:\/\/elconquistadorredloslagos.cl\/test\/wp-content\/uploads\/2025\/12\/IMG-40.jpg",1920,1080,false]},"rttpg_author":{"display_name":"ccardenas","author_link":"https:\/\/elconquistadorredloslagos.cl\/test\/blog\/author\/ccardenas\/"},"rttpg_comment":0,"rttpg_category":"<a href=\"https:\/\/elconquistadorredloslagos.cl\/test\/blog\/category\/actual\/acontecer\/\" rel=\"category tag\">Acontecer<\/a> <a href=\"https:\/\/elconquistadorredloslagos.cl\/test\/blog\/category\/actual\/\" rel=\"category tag\">Actualidad<\/a> <a href=\"https:\/\/elconquistadorredloslagos.cl\/test\/blog\/category\/chile\/chiloe\/\" rel=\"category tag\">Chilo\u00e9<\/a> <a href=\"https:\/\/elconquistadorredloslagos.cl\/test\/blog\/category\/mundo\/\" rel=\"category tag\">Internacional<\/a> <a href=\"https:\/\/elconquistadorredloslagos.cl\/test\/blog\/category\/chile\/lago-llanquihue\/\" rel=\"category tag\">Lago LLanquihue<\/a> <a href=\"https:\/\/elconquistadorredloslagos.cl\/test\/blog\/category\/chile\/\" rel=\"category tag\">Nacional<\/a> <a href=\"https:\/\/elconquistadorredloslagos.cl\/test\/blog\/category\/chile\/osorno\/\" rel=\"category tag\">Osorno<\/a> <a href=\"https:\/\/elconquistadorredloslagos.cl\/test\/blog\/category\/chile\/puerto-montt\/\" rel=\"category tag\">Puerto Montt<\/a> <a href=\"https:\/\/elconquistadorredloslagos.cl\/test\/blog\/category\/actual\/turismo\/\" rel=\"category tag\">Turismo<\/a>","rttpg_excerpt":"El 27 y 28 de noviembre se dio inicio oficial a la implementaci\u00f3n del Programa de Cooperaci\u00f3n Internacional Binacional Chile-Argentina, impulsado por el Gobierno Regional de Los Lagos y la..","_links":{"self":[{"href":"https:\/\/elconquistadorredloslagos.cl\/test\/wp-json\/wp\/v2\/posts\/17036","targetHints":{"allow":["GET"]}}],"collection":[{"href":"https:\/\/elconquistadorredloslagos.cl\/test\/wp-json\/wp\/v2\/posts"}],"about":[{"href":"https:\/\/elconquistadorredloslagos.cl\/test\/wp-json\/wp\/v2\/types\/post"}],"author":[{"embeddable":true,"href":"https:\/\/elconquistadorredloslagos.cl\/test\/wp-json\/wp\/v2\/users\/2"}],"replies":[{"embeddable":true,"href":"https:\/\/elconquistadorredloslagos.cl\/test\/wp-json\/wp\/v2\/comments?post=17036"}],"version-history":[{"count":1,"href":"https:\/\/elconquistadorredloslagos.cl\/test\/wp-json\/wp\/v2\/posts\/17036\/revisions"}],"predecessor-version":[{"id":17040,"href":"https:\/\/elconquistadorredloslagos.cl\/test\/wp-json\/wp\/v2\/posts\/17036\/revisions\/17040"}],"wp:featuredmedia":[{"embeddable":true,"href":"https:\/\/elconquistadorredloslagos.cl\/test\/wp-json\/wp\/v2\/media\/17039"}],"wp:attachment":[{"href":"https:\/\/elconquistadorredloslagos.cl\/test\/wp-json\/wp\/v2\/media?parent=17036"}],"wp:term":[{"taxonomy":"category","embeddable":true,"href":"https:\/\/elconquistadorredloslagos.cl\/test\/wp-json\/wp\/v2\/categories?post=17036"},{"taxonomy":"post_tag","embeddable":true,"href":"https:\/\/elconquistadorredloslagos.cl\/test\/wp-json\/wp\/v2\/tags?post=17036"}],"curies":[{"name":"wp","href":"https:\/\/api.w.org\/{rel}","templated":true}]}}