{"id":17031,"date":"2025-12-11T14:12:41","date_gmt":"2025-12-11T17:12:41","guid":{"rendered":"https:\/\/elconquistadorredloslagos.cl\/test\/?p=17031"},"modified":"2025-12-11T14:12:41","modified_gmt":"2025-12-11T17:12:41","slug":"region-de-los-lagos-adelanta-lanzamiento-del-fondo-comunidad-2026","status":"publish","type":"post","link":"https:\/\/elconquistadorredloslagos.cl\/test\/blog\/2025\/12\/11\/region-de-los-lagos-adelanta-lanzamiento-del-fondo-comunidad-2026\/","title":{"rendered":"Regi\u00f3n de Los Lagos adelanta lanzamiento del Fondo Comunidad 2026"},"content":{"rendered":"\n<p>El Gobierno Regional de Los Lagos present\u00f3 de manera anticipada la versi\u00f3n 2026 del Fondo Comunidad, en una instancia que reuni\u00f3 a representantes municipales, al administrador regional Carlos Recondo y a consejeros regionales. La decisi\u00f3n busca acortar plazos, agilizar la distribuci\u00f3n de recursos y permitir que los proyectos comunitarios comiencen su ejecuci\u00f3n durante los primeros meses del pr\u00f3ximo a\u00f1o.<\/p>\n\n\n\n<p>Durante el lanzamiento se detallaron las principales modificaciones del programa, entre ellas la ampliaci\u00f3n de las l\u00edneas financiables en \u00e1mbitos como cultura, desarrollo social, deporte, medio ambiente, seguridad y la creaci\u00f3n de una l\u00ednea especial Bicentenario Chilo\u00e9. Adem\u00e1s, se anunci\u00f3 un aumento en los montos destinados a seguridad p\u00fablica, que para los municipios alcanzar\u00e1 un tope de $15 millones. La entrega anticipada de instructivos permitir\u00e1 abrir el concurso a comienzos de 2026.<\/p>\n\n\n\n<p>El administrador regional Carlos Recondo destac\u00f3 que los cambios apuntan a adelantar adjudicaci\u00f3n, agilizar procesos y comenzar 2026 con mayor eficiencia.<\/p>\n\n\n\n<figure class=\"wp-block-audio\"><audio controls src=\"https:\/\/elconquistadorredloslagos.cl\/test\/wp-content\/uploads\/2025\/12\/Carlos-Recondo.mp3\"><\/audio><\/figure>\n\n\n\n<p>El consejero regional C\u00e9sar Negr\u00f3n valor\u00f3 el trabajo conjunto con los municipios y resalt\u00f3 la importancia del Fondo Comunidad como principal instrumento concursable para organizaciones locales. <\/p>\n\n\n\n<figure class=\"wp-block-audio\"><audio controls src=\"https:\/\/elconquistadorredloslagos.cl\/test\/wp-content\/uploads\/2025\/12\/Core-Cesar-Negron.mp3\"><\/audio><\/figure>\n\n\n\n<p>Este fondo, que corresponde al 8% del presupuesto regional y se financia con recursos del FNDR, busca fortalecer la participaci\u00f3n ciudadana, el bienestar y la identidad territorial mediante el apoyo a organizaciones sociales, culturales, deportivas y comunitarias.<\/p>\n\n\n\n<p>\ud83d\udcf7 GORE Los Lagos<\/p>\n","protected":false},"excerpt":{"rendered":"<p>El Gobierno Regional de Los Lagos present\u00f3 de manera anticipada la versi\u00f3n 2026 del Fondo Comunidad, en una instancia que reuni\u00f3 a representantes municipales, al administrador regional Carlos Recondo y..<\/p>\n","protected":false},"author":2,"featured_media":17034,"comment_status":"closed","ping_status":"open","sticky":false,"template":"","format":"standard","meta":{"footnotes":""},"categories":[1,28,51,54,55,56],"tags":[],"class_list":["post-17031","post","type-post","status-publish","format-standard","has-post-thumbnail","hentry","category-acontecer","category-actual","category-chiloe","category-lago-llanquihue","category-osorno","category-puerto-montt"],"rttpg_featured_image_url":{"full":["https:\/\/elconquistadorredloslagos.cl\/test\/wp-content\/uploads\/2025\/12\/IMG-39.jpg",1920,1080,false],"landscape":["https:\/\/elconquistadorredloslagos.cl\/test\/wp-content\/uploads\/2025\/12\/IMG-39.jpg",1920,1080,false],"portraits":["https:\/\/elconquistadorredloslagos.cl\/test\/wp-content\/uploads\/2025\/12\/IMG-39.jpg",1920,1080,false],"thumbnail":["https:\/\/elconquistadorredloslagos.cl\/test\/wp-content\/uploads\/2025\/12\/IMG-39-150x150.jpg",150,150,true],"medium":["https:\/\/elconquistadorredloslagos.cl\/test\/wp-content\/uploads\/2025\/12\/IMG-39-300x169.jpg",300,169,true],"large":["https:\/\/elconquistadorredloslagos.cl\/test\/wp-content\/uploads\/2025\/12\/IMG-39-1024x576.jpg",1024,576,true],"1536x1536":["https:\/\/elconquistadorredloslagos.cl\/test\/wp-content\/uploads\/2025\/12\/IMG-39-1536x864.jpg",1536,864,true],"2048x2048":["https:\/\/elconquistadorredloslagos.cl\/test\/wp-content\/uploads\/2025\/12\/IMG-39.jpg",1920,1080,false]},"rttpg_author":{"display_name":"ccardenas","author_link":"https:\/\/elconquistadorredloslagos.cl\/test\/blog\/author\/ccardenas\/"},"rttpg_comment":0,"rttpg_category":"<a href=\"https:\/\/elconquistadorredloslagos.cl\/test\/blog\/category\/actual\/acontecer\/\" rel=\"category tag\">Acontecer<\/a> <a href=\"https:\/\/elconquistadorredloslagos.cl\/test\/blog\/category\/actual\/\" rel=\"category tag\">Actualidad<\/a> <a href=\"https:\/\/elconquistadorredloslagos.cl\/test\/blog\/category\/chile\/chiloe\/\" rel=\"category tag\">Chilo\u00e9<\/a> <a href=\"https:\/\/elconquistadorredloslagos.cl\/test\/blog\/category\/chile\/lago-llanquihue\/\" rel=\"category tag\">Lago LLanquihue<\/a> <a href=\"https:\/\/elconquistadorredloslagos.cl\/test\/blog\/category\/chile\/osorno\/\" rel=\"category tag\">Osorno<\/a> <a href=\"https:\/\/elconquistadorredloslagos.cl\/test\/blog\/category\/chile\/puerto-montt\/\" rel=\"category tag\">Puerto Montt<\/a>","rttpg_excerpt":"El Gobierno Regional de Los Lagos present\u00f3 de manera anticipada la versi\u00f3n 2026 del Fondo Comunidad, en una instancia que reuni\u00f3 a representantes municipales, al administrador regional Carlos Recondo y..","_links":{"self":[{"href":"https:\/\/elconquistadorredloslagos.cl\/test\/wp-json\/wp\/v2\/posts\/17031","targetHints":{"allow":["GET"]}}],"collection":[{"href":"https:\/\/elconquistadorredloslagos.cl\/test\/wp-json\/wp\/v2\/posts"}],"about":[{"href":"https:\/\/elconquistadorredloslagos.cl\/test\/wp-json\/wp\/v2\/types\/post"}],"author":[{"embeddable":true,"href":"https:\/\/elconquistadorredloslagos.cl\/test\/wp-json\/wp\/v2\/users\/2"}],"replies":[{"embeddable":true,"href":"https:\/\/elconquistadorredloslagos.cl\/test\/wp-json\/wp\/v2\/comments?post=17031"}],"version-history":[{"count":1,"href":"https:\/\/elconquistadorredloslagos.cl\/test\/wp-json\/wp\/v2\/posts\/17031\/revisions"}],"predecessor-version":[{"id":17035,"href":"https:\/\/elconquistadorredloslagos.cl\/test\/wp-json\/wp\/v2\/posts\/17031\/revisions\/17035"}],"wp:featuredmedia":[{"embeddable":true,"href":"https:\/\/elconquistadorredloslagos.cl\/test\/wp-json\/wp\/v2\/media\/17034"}],"wp:attachment":[{"href":"https:\/\/elconquistadorredloslagos.cl\/test\/wp-json\/wp\/v2\/media?parent=17031"}],"wp:term":[{"taxonomy":"category","embeddable":true,"href":"https:\/\/elconquistadorredloslagos.cl\/test\/wp-json\/wp\/v2\/categories?post=17031"},{"taxonomy":"post_tag","embeddable":true,"href":"https:\/\/elconquistadorredloslagos.cl\/test\/wp-json\/wp\/v2\/tags?post=17031"}],"curies":[{"name":"wp","href":"https:\/\/api.w.org\/{rel}","templated":true}]}}