{"id":17025,"date":"2025-12-11T14:00:21","date_gmt":"2025-12-11T17:00:21","guid":{"rendered":"https:\/\/elconquistadorredloslagos.cl\/test\/?p=17025"},"modified":"2025-12-11T14:00:22","modified_gmt":"2025-12-11T17:00:22","slug":"suspenden-transito-de-camiones-en-puente-aucha-por-dano-estructural-en-calbuco","status":"publish","type":"post","link":"https:\/\/elconquistadorredloslagos.cl\/test\/blog\/2025\/12\/11\/suspenden-transito-de-camiones-en-puente-aucha-por-dano-estructural-en-calbuco\/","title":{"rendered":"Suspenden tr\u00e1nsito de camiones en puente Aucha por da\u00f1o estructural en Calbuco"},"content":{"rendered":"\n<p>El puente Aucha en Calbuco qued\u00f3 con tr\u00e1nsito restringido para veh\u00edculos que superen las 4 toneladas, luego de que un cami\u00f3n con sobrecarga da\u00f1ara parte de la estructura y provocara un derrame de combustible. El Ministerio de Obras P\u00fablicas a trav\u00e9s de la Direcci\u00f3n de Vialidad, confirm\u00f3 que la reparaci\u00f3n definitiva se ejecutar\u00e1 en enero de 2026, pero que la medida preventiva rige de inmediato.<\/p>\n\n\n\n<p>El director regional de Vialidad, Jorge Loncomilla, explic\u00f3 que personal provincial acudi\u00f3 tras la emergencia para realizar una reparaci\u00f3n inicial y evitar un deterioro mayor. Por ello se decidi\u00f3 prohibir el paso de camiones, permitiendo solo la circulaci\u00f3n de residentes por el viaducto ubicado en el kil\u00f3metro 5,6 del cruce entre la Ruta 5, Colaco y cruce C\u00e1rdenas.<\/p>\n\n\n\n<p>Desde la comunidad, el secretario de la Junta de Vecinos de Colaco, Eduardo Jerez, advirti\u00f3 que transportistas utilizan el puente para evadir el peaje y circulan a alta velocidad, muchas veces superando las 8 toneladas, lo que ha generado da\u00f1os frecuentes. Relat\u00f3 que incluso pasan varios camiones en fila, \u201ccomo un tren\u201d, aumentando el riesgo para los habitantes.<\/p>\n\n\n\n<p>Los vecinos solicitar\u00e1n un estudio de resistencia del puente, nueva se\u00f1al\u00e9tica y un proyecto de recambio total de la estructura, dada la condici\u00f3n industrial del sector. En paralelo, el alcalde Marcos Silva inform\u00f3 que se establecer\u00e1 una mesa de trabajo entre autoridades y la comunidad para acelerar soluciones y priorizar el dise\u00f1o de un nuevo viaducto, ya que el actual presenta fallas recurrentes.<\/p>\n\n\n\n<p>\ud83d\udcf7 MOP<\/p>\n","protected":false},"excerpt":{"rendered":"<p>El puente Aucha en Calbuco qued\u00f3 con tr\u00e1nsito restringido para veh\u00edculos que superen las 4 toneladas, luego de que un cami\u00f3n con sobrecarga da\u00f1ara parte de la estructura y provocara..<\/p>\n","protected":false},"author":2,"featured_media":17026,"comment_status":"closed","ping_status":"open","sticky":false,"template":"","format":"standard","meta":{"footnotes":""},"categories":[1,28,60],"tags":[],"class_list":["post-17025","post","type-post","status-publish","format-standard","has-post-thumbnail","hentry","category-acontecer","category-actual","category-calbuco"],"rttpg_featured_image_url":{"full":["https:\/\/elconquistadorredloslagos.cl\/test\/wp-content\/uploads\/2025\/12\/IMG-37.jpg",1920,1080,false],"landscape":["https:\/\/elconquistadorredloslagos.cl\/test\/wp-content\/uploads\/2025\/12\/IMG-37.jpg",1920,1080,false],"portraits":["https:\/\/elconquistadorredloslagos.cl\/test\/wp-content\/uploads\/2025\/12\/IMG-37.jpg",1920,1080,false],"thumbnail":["https:\/\/elconquistadorredloslagos.cl\/test\/wp-content\/uploads\/2025\/12\/IMG-37-150x150.jpg",150,150,true],"medium":["https:\/\/elconquistadorredloslagos.cl\/test\/wp-content\/uploads\/2025\/12\/IMG-37-300x169.jpg",300,169,true],"large":["https:\/\/elconquistadorredloslagos.cl\/test\/wp-content\/uploads\/2025\/12\/IMG-37-1024x576.jpg",1024,576,true],"1536x1536":["https:\/\/elconquistadorredloslagos.cl\/test\/wp-content\/uploads\/2025\/12\/IMG-37-1536x864.jpg",1536,864,true],"2048x2048":["https:\/\/elconquistadorredloslagos.cl\/test\/wp-content\/uploads\/2025\/12\/IMG-37.jpg",1920,1080,false]},"rttpg_author":{"display_name":"ccardenas","author_link":"https:\/\/elconquistadorredloslagos.cl\/test\/blog\/author\/ccardenas\/"},"rttpg_comment":0,"rttpg_category":"<a href=\"https:\/\/elconquistadorredloslagos.cl\/test\/blog\/category\/actual\/acontecer\/\" rel=\"category tag\">Acontecer<\/a> <a href=\"https:\/\/elconquistadorredloslagos.cl\/test\/blog\/category\/actual\/\" rel=\"category tag\">Actualidad<\/a> <a href=\"https:\/\/elconquistadorredloslagos.cl\/test\/blog\/category\/calbuco\/\" rel=\"category tag\">Calbuco<\/a>","rttpg_excerpt":"El puente Aucha en Calbuco qued\u00f3 con tr\u00e1nsito restringido para veh\u00edculos que superen las 4 toneladas, luego de que un cami\u00f3n con sobrecarga da\u00f1ara parte de la estructura y provocara..","_links":{"self":[{"href":"https:\/\/elconquistadorredloslagos.cl\/test\/wp-json\/wp\/v2\/posts\/17025","targetHints":{"allow":["GET"]}}],"collection":[{"href":"https:\/\/elconquistadorredloslagos.cl\/test\/wp-json\/wp\/v2\/posts"}],"about":[{"href":"https:\/\/elconquistadorredloslagos.cl\/test\/wp-json\/wp\/v2\/types\/post"}],"author":[{"embeddable":true,"href":"https:\/\/elconquistadorredloslagos.cl\/test\/wp-json\/wp\/v2\/users\/2"}],"replies":[{"embeddable":true,"href":"https:\/\/elconquistadorredloslagos.cl\/test\/wp-json\/wp\/v2\/comments?post=17025"}],"version-history":[{"count":1,"href":"https:\/\/elconquistadorredloslagos.cl\/test\/wp-json\/wp\/v2\/posts\/17025\/revisions"}],"predecessor-version":[{"id":17027,"href":"https:\/\/elconquistadorredloslagos.cl\/test\/wp-json\/wp\/v2\/posts\/17025\/revisions\/17027"}],"wp:featuredmedia":[{"embeddable":true,"href":"https:\/\/elconquistadorredloslagos.cl\/test\/wp-json\/wp\/v2\/media\/17026"}],"wp:attachment":[{"href":"https:\/\/elconquistadorredloslagos.cl\/test\/wp-json\/wp\/v2\/media?parent=17025"}],"wp:term":[{"taxonomy":"category","embeddable":true,"href":"https:\/\/elconquistadorredloslagos.cl\/test\/wp-json\/wp\/v2\/categories?post=17025"},{"taxonomy":"post_tag","embeddable":true,"href":"https:\/\/elconquistadorredloslagos.cl\/test\/wp-json\/wp\/v2\/tags?post=17025"}],"curies":[{"name":"wp","href":"https:\/\/api.w.org\/{rel}","templated":true}]}}