{"id":16949,"date":"2025-12-09T14:39:42","date_gmt":"2025-12-09T17:39:42","guid":{"rendered":"https:\/\/elconquistadorredloslagos.cl\/test\/?p=16949"},"modified":"2025-12-09T14:39:42","modified_gmt":"2025-12-09T17:39:42","slug":"jara-y-kast-se-enfrentan-en-el-ultimo-debate-presidencial-televisado-antes-del-balotaje","status":"publish","type":"post","link":"https:\/\/elconquistadorredloslagos.cl\/test\/blog\/2025\/12\/09\/jara-y-kast-se-enfrentan-en-el-ultimo-debate-presidencial-televisado-antes-del-balotaje\/","title":{"rendered":"Jara y Kast se enfrentan en el \u00faltimo debate presidencial televisado antes del balotaje"},"content":{"rendered":"\n<p>A seis d\u00edas de la definici\u00f3n presidencial, Jos\u00e9 Antonio Kast y Jeannette Jara volver\u00e1n a encontrarse esta noche en el Debate Presidencial de Segunda Vuelta organizado por Anatel, el \u00faltimo cara a cara antes del balotaje del 14 de diciembre. El encuentro ser\u00e1 transmitido en vivo desde las 21:00 horas por TVN, Mega, Canal 13, Chilevisi\u00f3n, TV+ y La Red, con una duraci\u00f3n estimada de dos horas y cuarenta minutos.<\/p>\n\n\n\n<p>El formato contempla nueve bloques tem\u00e1ticos definidos en funci\u00f3n de criterios period\u00edsticos y temas de inter\u00e9s ciudadano, entre ellos seguridad, econom\u00eda, pensiones, salud, educaci\u00f3n, inmigraci\u00f3n, relaciones internacionales y corrupci\u00f3n. Cada candidato dispondr\u00e1 de cuatro minutos por eje para responder y debatir, adem\u00e1s de dos rondas de preguntas cruzadas que permitir\u00e1n interpelaciones directas. El debate incluye un minuto final para cada participante.<\/p>\n\n\n\n<p>Los periodistas Carolina Urrejola (TVN), Constanza Santa Mar\u00eda (Mega), Iv\u00e1n Valenzuela (Canal 13), Macarena Pizarro (Chilevisi\u00f3n) y Julia Vial (TV+), estar\u00e1n a cargo de la conducci\u00f3n de cada uno de los bloques tem\u00e1ticos. Seg\u00fan el sorteo previo, Kast ser\u00e1 el encargado de abrir el encuentro, mientras que Jara cerrar\u00e1 la jornada. La primera pregunta cruzada quedar\u00e1 en manos de la candidata oficialista y la segunda ser\u00e1 formulada por el abanderado del Partido Republicano.<\/p>\n\n\n\n<p>El debate se realizar\u00e1 sin p\u00fablico en el estudio. Los candidatos estar\u00e1n ubicados frente a frente y no podr\u00e1n utilizar dispositivos electr\u00f3nicos, pudiendo apoyarse \u00fanicamente en papel y l\u00e1piz. La organizaci\u00f3n explic\u00f3 que estas condiciones buscan favorecer un intercambio directo y transparente entre los aspirantes a La Moneda.<\/p>\n\n\n\n<p>\ud83d\udcf7 Anatel<\/p>\n","protected":false},"excerpt":{"rendered":"<p>A seis d\u00edas de la definici\u00f3n presidencial, Jos\u00e9 Antonio Kast y Jeannette Jara volver\u00e1n a encontrarse esta noche en el Debate Presidencial de Segunda Vuelta organizado por Anatel, el \u00faltimo..<\/p>\n","protected":false},"author":2,"featured_media":16950,"comment_status":"closed","ping_status":"open","sticky":false,"template":"","format":"standard","meta":{"footnotes":""},"categories":[1,28,52,38],"tags":[],"class_list":["post-16949","post","type-post","status-publish","format-standard","has-post-thumbnail","hentry","category-acontecer","category-actual","category-chile","category-politica"],"rttpg_featured_image_url":{"full":["https:\/\/elconquistadorredloslagos.cl\/test\/wp-content\/uploads\/2025\/12\/IMG-26.jpg",1920,1080,false],"landscape":["https:\/\/elconquistadorredloslagos.cl\/test\/wp-content\/uploads\/2025\/12\/IMG-26.jpg",1920,1080,false],"portraits":["https:\/\/elconquistadorredloslagos.cl\/test\/wp-content\/uploads\/2025\/12\/IMG-26.jpg",1920,1080,false],"thumbnail":["https:\/\/elconquistadorredloslagos.cl\/test\/wp-content\/uploads\/2025\/12\/IMG-26-150x150.jpg",150,150,true],"medium":["https:\/\/elconquistadorredloslagos.cl\/test\/wp-content\/uploads\/2025\/12\/IMG-26-300x169.jpg",300,169,true],"large":["https:\/\/elconquistadorredloslagos.cl\/test\/wp-content\/uploads\/2025\/12\/IMG-26-1024x576.jpg",1024,576,true],"1536x1536":["https:\/\/elconquistadorredloslagos.cl\/test\/wp-content\/uploads\/2025\/12\/IMG-26-1536x864.jpg",1536,864,true],"2048x2048":["https:\/\/elconquistadorredloslagos.cl\/test\/wp-content\/uploads\/2025\/12\/IMG-26.jpg",1920,1080,false]},"rttpg_author":{"display_name":"ccardenas","author_link":"https:\/\/elconquistadorredloslagos.cl\/test\/blog\/author\/ccardenas\/"},"rttpg_comment":0,"rttpg_category":"<a href=\"https:\/\/elconquistadorredloslagos.cl\/test\/blog\/category\/actual\/acontecer\/\" rel=\"category tag\">Acontecer<\/a> <a href=\"https:\/\/elconquistadorredloslagos.cl\/test\/blog\/category\/actual\/\" rel=\"category tag\">Actualidad<\/a> <a href=\"https:\/\/elconquistadorredloslagos.cl\/test\/blog\/category\/chile\/\" rel=\"category tag\">Nacional<\/a> <a href=\"https:\/\/elconquistadorredloslagos.cl\/test\/blog\/category\/actual\/politica\/\" rel=\"category tag\">Politica<\/a>","rttpg_excerpt":"A seis d\u00edas de la definici\u00f3n presidencial, Jos\u00e9 Antonio Kast y Jeannette Jara volver\u00e1n a encontrarse esta noche en el Debate Presidencial de Segunda Vuelta organizado por Anatel, el \u00faltimo..","_links":{"self":[{"href":"https:\/\/elconquistadorredloslagos.cl\/test\/wp-json\/wp\/v2\/posts\/16949","targetHints":{"allow":["GET"]}}],"collection":[{"href":"https:\/\/elconquistadorredloslagos.cl\/test\/wp-json\/wp\/v2\/posts"}],"about":[{"href":"https:\/\/elconquistadorredloslagos.cl\/test\/wp-json\/wp\/v2\/types\/post"}],"author":[{"embeddable":true,"href":"https:\/\/elconquistadorredloslagos.cl\/test\/wp-json\/wp\/v2\/users\/2"}],"replies":[{"embeddable":true,"href":"https:\/\/elconquistadorredloslagos.cl\/test\/wp-json\/wp\/v2\/comments?post=16949"}],"version-history":[{"count":1,"href":"https:\/\/elconquistadorredloslagos.cl\/test\/wp-json\/wp\/v2\/posts\/16949\/revisions"}],"predecessor-version":[{"id":16951,"href":"https:\/\/elconquistadorredloslagos.cl\/test\/wp-json\/wp\/v2\/posts\/16949\/revisions\/16951"}],"wp:featuredmedia":[{"embeddable":true,"href":"https:\/\/elconquistadorredloslagos.cl\/test\/wp-json\/wp\/v2\/media\/16950"}],"wp:attachment":[{"href":"https:\/\/elconquistadorredloslagos.cl\/test\/wp-json\/wp\/v2\/media?parent=16949"}],"wp:term":[{"taxonomy":"category","embeddable":true,"href":"https:\/\/elconquistadorredloslagos.cl\/test\/wp-json\/wp\/v2\/categories?post=16949"},{"taxonomy":"post_tag","embeddable":true,"href":"https:\/\/elconquistadorredloslagos.cl\/test\/wp-json\/wp\/v2\/tags?post=16949"}],"curies":[{"name":"wp","href":"https:\/\/api.w.org\/{rel}","templated":true}]}}