{"id":16946,"date":"2025-12-09T14:32:00","date_gmt":"2025-12-09T17:32:00","guid":{"rendered":"https:\/\/elconquistadorredloslagos.cl\/test\/?p=16946"},"modified":"2025-12-09T14:32:01","modified_gmt":"2025-12-09T17:32:01","slug":"servel-publica-facsimil-de-cedula-para-la-segunda-votacion-presidencial-del-14-de-diciembre","status":"publish","type":"post","link":"https:\/\/elconquistadorredloslagos.cl\/test\/blog\/2025\/12\/09\/servel-publica-facsimil-de-cedula-para-la-segunda-votacion-presidencial-del-14-de-diciembre\/","title":{"rendered":"SERVEL publica facs\u00edmil de c\u00e9dula para la segunda votaci\u00f3n presidencial del 14 de diciembre"},"content":{"rendered":"\n<p>Desde el viernes 5 de diciembre, el Servicio Electoral (SERVEL) puso a disposici\u00f3n del p\u00fablico el facs\u00edmil de la c\u00e9dula que se utilizar\u00e1 en la Segunda Votaci\u00f3n Presidencial del pr\u00f3ximo 14 de diciembre. El proceso tendr\u00e1 car\u00e1cter obligatorio dentro del pa\u00eds y voluntario para quienes se encuentren en el extranjero.<\/p>\n\n\n\n<p>El documento incluye a las dos candidaturas que obtuvieron las mayor\u00edas relativas m\u00e1s altas en la elecci\u00f3n de noviembre y mantiene el mismo n\u00famero y orden de esa jornada. Para revisar el facs\u00edmil o conocer informaci\u00f3n personal como mesa y local de votaci\u00f3n, el electorado puede ingresar a consulta.servel.cl, donde se mantienen los mismos datos registrados en la primera vuelta.<\/p>\n\n\n\n<p>Servel tambi\u00e9n record\u00f3 que las funciones de vocal de mesa recaen nuevamente en quienes ya desempe\u00f1aron ese rol en noviembre, al igual que las labores de los Miembros de los Colegios Escrutadores. La presidenta del Consejo Directivo del organismo, Pamela Figueroa, enfatiz\u00f3 que se trata de un deber legal y que la inasistencia puede derivar en multas contempladas en la normativa vigente.<\/p>\n\n\n\n<p>Las personas deber\u00e1n acudir al mismo local y mesa asignados previamente, conservando el n\u00famero de registro que figura en el padr\u00f3n electoral.<\/p>\n\n\n\n<p>\ud83d\udcf7 Contexto<\/p>\n","protected":false},"excerpt":{"rendered":"<p>Desde el viernes 5 de diciembre, el Servicio Electoral (SERVEL) puso a disposici\u00f3n del p\u00fablico el facs\u00edmil de la c\u00e9dula que se utilizar\u00e1 en la Segunda Votaci\u00f3n Presidencial del pr\u00f3ximo..<\/p>\n","protected":false},"author":2,"featured_media":16947,"comment_status":"closed","ping_status":"open","sticky":false,"template":"","format":"standard","meta":{"footnotes":""},"categories":[1,28,52,38],"tags":[],"class_list":["post-16946","post","type-post","status-publish","format-standard","has-post-thumbnail","hentry","category-acontecer","category-actual","category-chile","category-politica"],"rttpg_featured_image_url":{"full":["https:\/\/elconquistadorredloslagos.cl\/test\/wp-content\/uploads\/2025\/12\/IMG-25.jpg",1920,1080,false],"landscape":["https:\/\/elconquistadorredloslagos.cl\/test\/wp-content\/uploads\/2025\/12\/IMG-25.jpg",1920,1080,false],"portraits":["https:\/\/elconquistadorredloslagos.cl\/test\/wp-content\/uploads\/2025\/12\/IMG-25.jpg",1920,1080,false],"thumbnail":["https:\/\/elconquistadorredloslagos.cl\/test\/wp-content\/uploads\/2025\/12\/IMG-25-150x150.jpg",150,150,true],"medium":["https:\/\/elconquistadorredloslagos.cl\/test\/wp-content\/uploads\/2025\/12\/IMG-25-300x169.jpg",300,169,true],"large":["https:\/\/elconquistadorredloslagos.cl\/test\/wp-content\/uploads\/2025\/12\/IMG-25-1024x576.jpg",1024,576,true],"1536x1536":["https:\/\/elconquistadorredloslagos.cl\/test\/wp-content\/uploads\/2025\/12\/IMG-25-1536x864.jpg",1536,864,true],"2048x2048":["https:\/\/elconquistadorredloslagos.cl\/test\/wp-content\/uploads\/2025\/12\/IMG-25.jpg",1920,1080,false]},"rttpg_author":{"display_name":"ccardenas","author_link":"https:\/\/elconquistadorredloslagos.cl\/test\/blog\/author\/ccardenas\/"},"rttpg_comment":0,"rttpg_category":"<a href=\"https:\/\/elconquistadorredloslagos.cl\/test\/blog\/category\/actual\/acontecer\/\" rel=\"category tag\">Acontecer<\/a> <a href=\"https:\/\/elconquistadorredloslagos.cl\/test\/blog\/category\/actual\/\" rel=\"category tag\">Actualidad<\/a> <a href=\"https:\/\/elconquistadorredloslagos.cl\/test\/blog\/category\/chile\/\" rel=\"category tag\">Nacional<\/a> <a href=\"https:\/\/elconquistadorredloslagos.cl\/test\/blog\/category\/actual\/politica\/\" rel=\"category tag\">Politica<\/a>","rttpg_excerpt":"Desde el viernes 5 de diciembre, el Servicio Electoral (SERVEL) puso a disposici\u00f3n del p\u00fablico el facs\u00edmil de la c\u00e9dula que se utilizar\u00e1 en la Segunda Votaci\u00f3n Presidencial del pr\u00f3ximo..","_links":{"self":[{"href":"https:\/\/elconquistadorredloslagos.cl\/test\/wp-json\/wp\/v2\/posts\/16946","targetHints":{"allow":["GET"]}}],"collection":[{"href":"https:\/\/elconquistadorredloslagos.cl\/test\/wp-json\/wp\/v2\/posts"}],"about":[{"href":"https:\/\/elconquistadorredloslagos.cl\/test\/wp-json\/wp\/v2\/types\/post"}],"author":[{"embeddable":true,"href":"https:\/\/elconquistadorredloslagos.cl\/test\/wp-json\/wp\/v2\/users\/2"}],"replies":[{"embeddable":true,"href":"https:\/\/elconquistadorredloslagos.cl\/test\/wp-json\/wp\/v2\/comments?post=16946"}],"version-history":[{"count":1,"href":"https:\/\/elconquistadorredloslagos.cl\/test\/wp-json\/wp\/v2\/posts\/16946\/revisions"}],"predecessor-version":[{"id":16948,"href":"https:\/\/elconquistadorredloslagos.cl\/test\/wp-json\/wp\/v2\/posts\/16946\/revisions\/16948"}],"wp:featuredmedia":[{"embeddable":true,"href":"https:\/\/elconquistadorredloslagos.cl\/test\/wp-json\/wp\/v2\/media\/16947"}],"wp:attachment":[{"href":"https:\/\/elconquistadorredloslagos.cl\/test\/wp-json\/wp\/v2\/media?parent=16946"}],"wp:term":[{"taxonomy":"category","embeddable":true,"href":"https:\/\/elconquistadorredloslagos.cl\/test\/wp-json\/wp\/v2\/categories?post=16946"},{"taxonomy":"post_tag","embeddable":true,"href":"https:\/\/elconquistadorredloslagos.cl\/test\/wp-json\/wp\/v2\/tags?post=16946"}],"curies":[{"name":"wp","href":"https:\/\/api.w.org\/{rel}","templated":true}]}}