{"id":16943,"date":"2025-12-09T14:28:27","date_gmt":"2025-12-09T17:28:27","guid":{"rendered":"https:\/\/elconquistadorredloslagos.cl\/test\/?p=16943"},"modified":"2025-12-09T14:28:28","modified_gmt":"2025-12-09T17:28:28","slug":"tragedia-en-chancon-conmociona-a-rancagua-tras-muerte-por-electrocucion-de-dos-hermanos","status":"publish","type":"post","link":"https:\/\/elconquistadorredloslagos.cl\/test\/blog\/2025\/12\/09\/tragedia-en-chancon-conmociona-a-rancagua-tras-muerte-por-electrocucion-de-dos-hermanos\/","title":{"rendered":"Tragedia en Chanc\u00f3n conmociona a Rancagua tras muerte por electrocuci\u00f3n de dos hermanos"},"content":{"rendered":"\n<p>Una tragedia estremeci\u00f3 a la localidad de Chanc\u00f3n, en Rancagua, luego de la muerte de dos hermanos (un ni\u00f1o de 12 a\u00f1os y una joven de 18) que fallecieron este lunes tras recibir una fuerte descarga el\u00e9ctrica en una piscina particular. <\/p>\n\n\n\n<p>De acuerdo con los antecedentes recopilados por Carabineros, ambos hab\u00edan estado nadando y se dirigieron posteriormente hacia los camarines del recinto. Fue en ese momento cuando el menor encendi\u00f3 un interruptor de luz y sufri\u00f3 una descarga que lo dej\u00f3 inconsciente. Ante la desesperaci\u00f3n, su hermana intent\u00f3 socorrerlo, pero tambi\u00e9n result\u00f3 afectada por la electricidad.<\/p>\n\n\n\n<p>Personal de emergencia acudi\u00f3 r\u00e1pidamente al lugar y ambos j\u00f3venes fueron trasladados al Hospital Regional de O\u2019Higgins. Pese a los esfuerzos m\u00e9dicos, ninguno logr\u00f3 sobrevivir debido a la gravedad de las lesiones provocadas por la electrocuci\u00f3n.<\/p>\n\n\n\n<p>El caso est\u00e1 siendo investigado para determinar responsabilidades y esclarecer las condiciones de seguridad del recinto. <\/p>\n\n\n\n<p>\ud83d\udcf7 Contexto<\/p>\n","protected":false},"excerpt":{"rendered":"<p>Una tragedia estremeci\u00f3 a la localidad de Chanc\u00f3n, en Rancagua, luego de la muerte de dos hermanos (un ni\u00f1o de 12 a\u00f1os y una joven de 18) que fallecieron este..<\/p>\n","protected":false},"author":2,"featured_media":16944,"comment_status":"closed","ping_status":"open","sticky":false,"template":"","format":"standard","meta":{"footnotes":""},"categories":[1,28,52],"tags":[],"class_list":["post-16943","post","type-post","status-publish","format-standard","has-post-thumbnail","hentry","category-acontecer","category-actual","category-chile"],"rttpg_featured_image_url":{"full":["https:\/\/elconquistadorredloslagos.cl\/test\/wp-content\/uploads\/2025\/12\/IMG-24.jpg",1920,1080,false],"landscape":["https:\/\/elconquistadorredloslagos.cl\/test\/wp-content\/uploads\/2025\/12\/IMG-24.jpg",1920,1080,false],"portraits":["https:\/\/elconquistadorredloslagos.cl\/test\/wp-content\/uploads\/2025\/12\/IMG-24.jpg",1920,1080,false],"thumbnail":["https:\/\/elconquistadorredloslagos.cl\/test\/wp-content\/uploads\/2025\/12\/IMG-24-150x150.jpg",150,150,true],"medium":["https:\/\/elconquistadorredloslagos.cl\/test\/wp-content\/uploads\/2025\/12\/IMG-24-300x169.jpg",300,169,true],"large":["https:\/\/elconquistadorredloslagos.cl\/test\/wp-content\/uploads\/2025\/12\/IMG-24-1024x576.jpg",1024,576,true],"1536x1536":["https:\/\/elconquistadorredloslagos.cl\/test\/wp-content\/uploads\/2025\/12\/IMG-24-1536x864.jpg",1536,864,true],"2048x2048":["https:\/\/elconquistadorredloslagos.cl\/test\/wp-content\/uploads\/2025\/12\/IMG-24.jpg",1920,1080,false]},"rttpg_author":{"display_name":"ccardenas","author_link":"https:\/\/elconquistadorredloslagos.cl\/test\/blog\/author\/ccardenas\/"},"rttpg_comment":0,"rttpg_category":"<a href=\"https:\/\/elconquistadorredloslagos.cl\/test\/blog\/category\/actual\/acontecer\/\" rel=\"category tag\">Acontecer<\/a> <a href=\"https:\/\/elconquistadorredloslagos.cl\/test\/blog\/category\/actual\/\" rel=\"category tag\">Actualidad<\/a> <a href=\"https:\/\/elconquistadorredloslagos.cl\/test\/blog\/category\/chile\/\" rel=\"category tag\">Nacional<\/a>","rttpg_excerpt":"Una tragedia estremeci\u00f3 a la localidad de Chanc\u00f3n, en Rancagua, luego de la muerte de dos hermanos (un ni\u00f1o de 12 a\u00f1os y una joven de 18) que fallecieron este..","_links":{"self":[{"href":"https:\/\/elconquistadorredloslagos.cl\/test\/wp-json\/wp\/v2\/posts\/16943","targetHints":{"allow":["GET"]}}],"collection":[{"href":"https:\/\/elconquistadorredloslagos.cl\/test\/wp-json\/wp\/v2\/posts"}],"about":[{"href":"https:\/\/elconquistadorredloslagos.cl\/test\/wp-json\/wp\/v2\/types\/post"}],"author":[{"embeddable":true,"href":"https:\/\/elconquistadorredloslagos.cl\/test\/wp-json\/wp\/v2\/users\/2"}],"replies":[{"embeddable":true,"href":"https:\/\/elconquistadorredloslagos.cl\/test\/wp-json\/wp\/v2\/comments?post=16943"}],"version-history":[{"count":1,"href":"https:\/\/elconquistadorredloslagos.cl\/test\/wp-json\/wp\/v2\/posts\/16943\/revisions"}],"predecessor-version":[{"id":16945,"href":"https:\/\/elconquistadorredloslagos.cl\/test\/wp-json\/wp\/v2\/posts\/16943\/revisions\/16945"}],"wp:featuredmedia":[{"embeddable":true,"href":"https:\/\/elconquistadorredloslagos.cl\/test\/wp-json\/wp\/v2\/media\/16944"}],"wp:attachment":[{"href":"https:\/\/elconquistadorredloslagos.cl\/test\/wp-json\/wp\/v2\/media?parent=16943"}],"wp:term":[{"taxonomy":"category","embeddable":true,"href":"https:\/\/elconquistadorredloslagos.cl\/test\/wp-json\/wp\/v2\/categories?post=16943"},{"taxonomy":"post_tag","embeddable":true,"href":"https:\/\/elconquistadorredloslagos.cl\/test\/wp-json\/wp\/v2\/tags?post=16943"}],"curies":[{"name":"wp","href":"https:\/\/api.w.org\/{rel}","templated":true}]}}