{"id":16927,"date":"2025-12-09T14:08:28","date_gmt":"2025-12-09T17:08:28","guid":{"rendered":"https:\/\/elconquistadorredloslagos.cl\/test\/?p=16927"},"modified":"2025-12-09T14:08:29","modified_gmt":"2025-12-09T17:08:29","slug":"pdi-desarticula-red-de-trafico-y-concreta-el-mayor-decomiso-de-droga-del-ano-en-los-lagos","status":"publish","type":"post","link":"https:\/\/elconquistadorredloslagos.cl\/test\/blog\/2025\/12\/09\/pdi-desarticula-red-de-trafico-y-concreta-el-mayor-decomiso-de-droga-del-ano-en-los-lagos\/","title":{"rendered":"PDI desarticula red de tr\u00e1fico y concreta el mayor decomiso de droga del a\u00f1o en Los Lagos"},"content":{"rendered":"\n<p>En un amplio operativo desarrollado en la regi\u00f3n de Los Lagos, la PDI concret\u00f3 el decomiso de droga m\u00e1s importante del 2025, tras incautar 62 kilos de cannabis sativa y detener a cinco personas que intentaban ingresar la sustancia a la zona. La investigaci\u00f3n permiti\u00f3 desbaratar una estructura criminal que operaba desde la Regi\u00f3n Metropolitana, desde donde trasladaban cargamentos de droga en grandes vol\u00famenes hacia la zona sur.<\/p>\n\n\n\n<p>El subprefecto Pedro Torres, jefe de la Brigada Antinarc\u00f3ticos y Contra el Crimen Organizado de Puerto Montt, explic\u00f3 que la operaci\u00f3n permiti\u00f3 desactivar por completo la log\u00edstica del grupo, el cual manten\u00eda rutas y m\u00e9todos de traslado establecidos para abastecer distintos puntos de la regi\u00f3n.<\/p>\n\n\n\n<figure class=\"wp-block-audio\"><audio controls src=\"https:\/\/elconquistadorredloslagos.cl\/test\/wp-content\/uploads\/2025\/12\/CUNA-PEDRO-TORRES.mp3\"><\/audio><\/figure>\n\n\n\n<p>Desde el Ministerio P\u00fablico, la fiscal regional de Los Lagos, Carmen Gloria Wittwer, destac\u00f3 que las cifras de incautaci\u00f3n podr\u00edan superar a las del a\u00f1o pasado, cuando se registraron cerca de 590 kilos de sustancias il\u00edcitas retiradas de circulaci\u00f3n, lo que evidencia la intensificaci\u00f3n del trabajo investigativo.<\/p>\n\n\n\n<figure class=\"wp-block-audio\"><audio controls src=\"https:\/\/elconquistadorredloslagos.cl\/test\/wp-content\/uploads\/2025\/12\/CUNA-PDI1-1.mp3\"><\/audio><\/figure>\n\n\n\n<p>En tanto, la seremi de Seguridad P\u00fablica de Los Lagos, Patricia Rada, valor\u00f3 la labor de la PDI y la coordinaci\u00f3n con la Fiscal\u00eda, subrayando que este operativo refleja la importancia del trabajo conjunto para enfrentar al crimen organizado en la regi\u00f3n.<\/p>\n\n\n\n<p>\ud83d\udcf7 PDI<\/p>\n","protected":false},"excerpt":{"rendered":"<p>En un amplio operativo desarrollado en la regi\u00f3n de Los Lagos, la PDI concret\u00f3 el decomiso de droga m\u00e1s importante del 2025, tras incautar 62 kilos de cannabis sativa y..<\/p>\n","protected":false},"author":2,"featured_media":16931,"comment_status":"closed","ping_status":"open","sticky":false,"template":"","format":"standard","meta":{"footnotes":""},"categories":[1,28,51,54,55,56],"tags":[],"class_list":["post-16927","post","type-post","status-publish","format-standard","has-post-thumbnail","hentry","category-acontecer","category-actual","category-chiloe","category-lago-llanquihue","category-osorno","category-puerto-montt"],"rttpg_featured_image_url":{"full":["https:\/\/elconquistadorredloslagos.cl\/test\/wp-content\/uploads\/2025\/12\/IMG-21.jpg",1920,1080,false],"landscape":["https:\/\/elconquistadorredloslagos.cl\/test\/wp-content\/uploads\/2025\/12\/IMG-21.jpg",1920,1080,false],"portraits":["https:\/\/elconquistadorredloslagos.cl\/test\/wp-content\/uploads\/2025\/12\/IMG-21.jpg",1920,1080,false],"thumbnail":["https:\/\/elconquistadorredloslagos.cl\/test\/wp-content\/uploads\/2025\/12\/IMG-21-150x150.jpg",150,150,true],"medium":["https:\/\/elconquistadorredloslagos.cl\/test\/wp-content\/uploads\/2025\/12\/IMG-21-300x169.jpg",300,169,true],"large":["https:\/\/elconquistadorredloslagos.cl\/test\/wp-content\/uploads\/2025\/12\/IMG-21-1024x576.jpg",1024,576,true],"1536x1536":["https:\/\/elconquistadorredloslagos.cl\/test\/wp-content\/uploads\/2025\/12\/IMG-21-1536x864.jpg",1536,864,true],"2048x2048":["https:\/\/elconquistadorredloslagos.cl\/test\/wp-content\/uploads\/2025\/12\/IMG-21.jpg",1920,1080,false]},"rttpg_author":{"display_name":"ccardenas","author_link":"https:\/\/elconquistadorredloslagos.cl\/test\/blog\/author\/ccardenas\/"},"rttpg_comment":0,"rttpg_category":"<a href=\"https:\/\/elconquistadorredloslagos.cl\/test\/blog\/category\/actual\/acontecer\/\" rel=\"category tag\">Acontecer<\/a> <a href=\"https:\/\/elconquistadorredloslagos.cl\/test\/blog\/category\/actual\/\" rel=\"category tag\">Actualidad<\/a> <a href=\"https:\/\/elconquistadorredloslagos.cl\/test\/blog\/category\/chile\/chiloe\/\" rel=\"category tag\">Chilo\u00e9<\/a> <a href=\"https:\/\/elconquistadorredloslagos.cl\/test\/blog\/category\/chile\/lago-llanquihue\/\" rel=\"category tag\">Lago LLanquihue<\/a> <a href=\"https:\/\/elconquistadorredloslagos.cl\/test\/blog\/category\/chile\/osorno\/\" rel=\"category tag\">Osorno<\/a> <a href=\"https:\/\/elconquistadorredloslagos.cl\/test\/blog\/category\/chile\/puerto-montt\/\" rel=\"category tag\">Puerto Montt<\/a>","rttpg_excerpt":"En un amplio operativo desarrollado en la regi\u00f3n de Los Lagos, la PDI concret\u00f3 el decomiso de droga m\u00e1s importante del 2025, tras incautar 62 kilos de cannabis sativa y..","_links":{"self":[{"href":"https:\/\/elconquistadorredloslagos.cl\/test\/wp-json\/wp\/v2\/posts\/16927","targetHints":{"allow":["GET"]}}],"collection":[{"href":"https:\/\/elconquistadorredloslagos.cl\/test\/wp-json\/wp\/v2\/posts"}],"about":[{"href":"https:\/\/elconquistadorredloslagos.cl\/test\/wp-json\/wp\/v2\/types\/post"}],"author":[{"embeddable":true,"href":"https:\/\/elconquistadorredloslagos.cl\/test\/wp-json\/wp\/v2\/users\/2"}],"replies":[{"embeddable":true,"href":"https:\/\/elconquistadorredloslagos.cl\/test\/wp-json\/wp\/v2\/comments?post=16927"}],"version-history":[{"count":1,"href":"https:\/\/elconquistadorredloslagos.cl\/test\/wp-json\/wp\/v2\/posts\/16927\/revisions"}],"predecessor-version":[{"id":16932,"href":"https:\/\/elconquistadorredloslagos.cl\/test\/wp-json\/wp\/v2\/posts\/16927\/revisions\/16932"}],"wp:featuredmedia":[{"embeddable":true,"href":"https:\/\/elconquistadorredloslagos.cl\/test\/wp-json\/wp\/v2\/media\/16931"}],"wp:attachment":[{"href":"https:\/\/elconquistadorredloslagos.cl\/test\/wp-json\/wp\/v2\/media?parent=16927"}],"wp:term":[{"taxonomy":"category","embeddable":true,"href":"https:\/\/elconquistadorredloslagos.cl\/test\/wp-json\/wp\/v2\/categories?post=16927"},{"taxonomy":"post_tag","embeddable":true,"href":"https:\/\/elconquistadorredloslagos.cl\/test\/wp-json\/wp\/v2\/tags?post=16927"}],"curies":[{"name":"wp","href":"https:\/\/api.w.org\/{rel}","templated":true}]}}