{"id":16903,"date":"2025-12-08T21:52:41","date_gmt":"2025-12-09T00:52:41","guid":{"rendered":"https:\/\/elconquistadorredloslagos.cl\/test\/?p=16903"},"modified":"2025-12-08T21:52:42","modified_gmt":"2025-12-09T00:52:42","slug":"ter-declaro-admisible-requerimiento-para-remover-al-alcalde-de-calbuco-y-fiscalia-evalua-posibles-aristas-penales","status":"publish","type":"post","link":"https:\/\/elconquistadorredloslagos.cl\/test\/blog\/2025\/12\/08\/ter-declaro-admisible-requerimiento-para-remover-al-alcalde-de-calbuco-y-fiscalia-evalua-posibles-aristas-penales\/","title":{"rendered":"TER declar\u00f3 admisible requerimiento para remover al alcalde de Calbuco y Fiscal\u00eda eval\u00faa posibles aristas penales"},"content":{"rendered":"\n<p>El Tribunal Electoral Regional (TER) de Los Lagos declar\u00f3 admisible el requerimiento presentado por dos concejales de Calbuco para solicitar la remoci\u00f3n del alcalde Marco Silva, en medio de acusaciones que apuntan a una presunta inhabilidad derivada de una sanci\u00f3n previa por faltas a la probidad. La Fiscal\u00eda Regional, en paralelo, no descarta abrir una investigaci\u00f3n penal si surgen antecedentes que configuren delito.<\/p>\n\n\n\n<p>Los ediles sostienen que Silva no podr\u00eda ejercer cargos p\u00fablicos desde 2022, cuando un sumario de la Tesorer\u00eda General de la Rep\u00fablica concluy\u00f3 con su destituci\u00f3n por infracciones graves a la probidad administrativa. Esa condici\u00f3n, afirman, lo mantendr\u00eda inhabilitado por cinco a\u00f1os, lo que har\u00eda improcedente su actual mandato.<\/p>\n\n\n\n<p>El abogado que representa a los concejales, <strong>Braulio Sanhueza<\/strong>, explic\u00f3 que la admisibilidad del requerimiento permitir\u00e1 al TER revisar los antecedentes y determinar si corresponde aplicar las causales de remoci\u00f3n previstas en la normativa municipal. El caso surge pocas semanas despu\u00e9s de que el mismo tribunal desestimara una presentaci\u00f3n similar realizada por el exalcalde Juan Francisco Calbucoy.<\/p>\n\n\n\n<p>Desde el Ministerio P\u00fablico, la fiscal regional de Los Lagos, <strong>Carmen Gloria Wittwer<\/strong>, confirm\u00f3 que est\u00e1n atentos a los antecedentes expuestos p\u00fablicamente y que, en caso de detectarse hechos que pudieran constituir delito, podr\u00eda iniciarse una indagatoria penal para esclarecer responsabilidades.<\/p>\n","protected":false},"excerpt":{"rendered":"<p>El Tribunal Electoral Regional (TER) de Los Lagos declar\u00f3 admisible el requerimiento presentado por dos concejales de Calbuco para solicitar la remoci\u00f3n del alcalde Marco Silva, en medio de acusaciones..<\/p>\n","protected":false},"author":7,"featured_media":16904,"comment_status":"closed","ping_status":"open","sticky":false,"template":"","format":"standard","meta":{"footnotes":""},"categories":[1,28,60,38],"tags":[],"class_list":["post-16903","post","type-post","status-publish","format-standard","has-post-thumbnail","hentry","category-acontecer","category-actual","category-calbuco","category-politica"],"rttpg_featured_image_url":{"full":["https:\/\/elconquistadorredloslagos.cl\/test\/wp-content\/uploads\/2025\/12\/calbuco-alcalde-2.png",1920,1080,false],"landscape":["https:\/\/elconquistadorredloslagos.cl\/test\/wp-content\/uploads\/2025\/12\/calbuco-alcalde-2.png",1920,1080,false],"portraits":["https:\/\/elconquistadorredloslagos.cl\/test\/wp-content\/uploads\/2025\/12\/calbuco-alcalde-2.png",1920,1080,false],"thumbnail":["https:\/\/elconquistadorredloslagos.cl\/test\/wp-content\/uploads\/2025\/12\/calbuco-alcalde-2-150x150.png",150,150,true],"medium":["https:\/\/elconquistadorredloslagos.cl\/test\/wp-content\/uploads\/2025\/12\/calbuco-alcalde-2-300x169.png",300,169,true],"large":["https:\/\/elconquistadorredloslagos.cl\/test\/wp-content\/uploads\/2025\/12\/calbuco-alcalde-2-1024x576.png",1024,576,true],"1536x1536":["https:\/\/elconquistadorredloslagos.cl\/test\/wp-content\/uploads\/2025\/12\/calbuco-alcalde-2-1536x864.png",1536,864,true],"2048x2048":["https:\/\/elconquistadorredloslagos.cl\/test\/wp-content\/uploads\/2025\/12\/calbuco-alcalde-2.png",1920,1080,false]},"rttpg_author":{"display_name":"enzodelahoz1988","author_link":"https:\/\/elconquistadorredloslagos.cl\/test\/blog\/author\/enzodelahoz1988\/"},"rttpg_comment":0,"rttpg_category":"<a href=\"https:\/\/elconquistadorredloslagos.cl\/test\/blog\/category\/actual\/acontecer\/\" rel=\"category tag\">Acontecer<\/a> <a href=\"https:\/\/elconquistadorredloslagos.cl\/test\/blog\/category\/actual\/\" rel=\"category tag\">Actualidad<\/a> <a href=\"https:\/\/elconquistadorredloslagos.cl\/test\/blog\/category\/calbuco\/\" rel=\"category tag\">Calbuco<\/a> <a href=\"https:\/\/elconquistadorredloslagos.cl\/test\/blog\/category\/actual\/politica\/\" rel=\"category tag\">Politica<\/a>","rttpg_excerpt":"El Tribunal Electoral Regional (TER) de Los Lagos declar\u00f3 admisible el requerimiento presentado por dos concejales de Calbuco para solicitar la remoci\u00f3n del alcalde Marco Silva, en medio de acusaciones..","_links":{"self":[{"href":"https:\/\/elconquistadorredloslagos.cl\/test\/wp-json\/wp\/v2\/posts\/16903","targetHints":{"allow":["GET"]}}],"collection":[{"href":"https:\/\/elconquistadorredloslagos.cl\/test\/wp-json\/wp\/v2\/posts"}],"about":[{"href":"https:\/\/elconquistadorredloslagos.cl\/test\/wp-json\/wp\/v2\/types\/post"}],"author":[{"embeddable":true,"href":"https:\/\/elconquistadorredloslagos.cl\/test\/wp-json\/wp\/v2\/users\/7"}],"replies":[{"embeddable":true,"href":"https:\/\/elconquistadorredloslagos.cl\/test\/wp-json\/wp\/v2\/comments?post=16903"}],"version-history":[{"count":1,"href":"https:\/\/elconquistadorredloslagos.cl\/test\/wp-json\/wp\/v2\/posts\/16903\/revisions"}],"predecessor-version":[{"id":16905,"href":"https:\/\/elconquistadorredloslagos.cl\/test\/wp-json\/wp\/v2\/posts\/16903\/revisions\/16905"}],"wp:featuredmedia":[{"embeddable":true,"href":"https:\/\/elconquistadorredloslagos.cl\/test\/wp-json\/wp\/v2\/media\/16904"}],"wp:attachment":[{"href":"https:\/\/elconquistadorredloslagos.cl\/test\/wp-json\/wp\/v2\/media?parent=16903"}],"wp:term":[{"taxonomy":"category","embeddable":true,"href":"https:\/\/elconquistadorredloslagos.cl\/test\/wp-json\/wp\/v2\/categories?post=16903"},{"taxonomy":"post_tag","embeddable":true,"href":"https:\/\/elconquistadorredloslagos.cl\/test\/wp-json\/wp\/v2\/tags?post=16903"}],"curies":[{"name":"wp","href":"https:\/\/api.w.org\/{rel}","templated":true}]}}