{"id":16896,"date":"2025-12-05T21:15:00","date_gmt":"2025-12-06T00:15:00","guid":{"rendered":"https:\/\/elconquistadorredloslagos.cl\/test\/?p=16896"},"modified":"2025-12-05T21:15:01","modified_gmt":"2025-12-06T00:15:01","slug":"expo-educa-2025-deslumbro-en-osorno-con-una-masiva-celebracion-del-aprendizaje-y-la-educacion-publica","status":"publish","type":"post","link":"https:\/\/elconquistadorredloslagos.cl\/test\/blog\/2025\/12\/05\/expo-educa-2025-deslumbro-en-osorno-con-una-masiva-celebracion-del-aprendizaje-y-la-educacion-publica\/","title":{"rendered":"Expo Educa 2025 deslumbr\u00f3 en Osorno con una masiva celebraci\u00f3n del aprendizaje y la educaci\u00f3n p\u00fablica"},"content":{"rendered":"\n<p><\/p>\n\n\n\n<p><\/p>\n\n\n\n<p>Con gran entusiasmo y esp\u00edritu comunitario se desarroll\u00f3 una nueva versi\u00f3n de <strong>Expo Educa 2025<\/strong>, evento que reuni\u00f3 en la Plaza de Armas a los 46 establecimientos educacionales municipales de la comuna. La actividad, encabezada por el alcalde <strong>Jaime Bertin<\/strong>, permiti\u00f3 exhibir el talento, la creatividad y el compromiso que distingue a la educaci\u00f3n p\u00fablica osornina.<\/p>\n\n\n\n<p>Durante el recorrido por los stands, jardines infantiles VTF, escuelas y liceos presentaron sus principales sellos educativos. Hubo espacio para la innovaci\u00f3n tecnol\u00f3gica con rob\u00f3tica, proyectos ecol\u00f3gicos, iniciativas deportivas, arte, cultura y propuestas centradas en el cuidado de la naturaleza. Cada comunidad escolar mostr\u00f3 con orgullo el resultado de su trabajo anual y la identidad que caracteriza a su establecimiento.<\/p>\n\n\n\n<p>La Expo se enmarca en las pol\u00edticas impulsadas por el municipio y el DAEM Osorno para fortalecer la educaci\u00f3n p\u00fablica, promover el v\u00ednculo con las familias y destacar el esfuerzo de los equipos docentes y directivos. El alcalde Bertin valor\u00f3 el compromiso demostrado:<br><strong>\u201cReafirmamos nuestro compromiso con una educaci\u00f3n p\u00fablica de excelencia, reflejada en cada stand y en el trabajo que realizan a diario nuestros equipos. Agradecemos a las familias por confiar en nuestros establecimientos\u201d,<\/strong> expres\u00f3.<\/p>\n\n\n\n<p>La organizaci\u00f3n del evento tambi\u00e9n cont\u00f3 con un despliegue significativo del DAEM, cuyos equipos trabajaron desde temprano en montaje, log\u00edstica y acompa\u00f1amiento a las comunidades escolares. Su labor permiti\u00f3 que la jornada se desarrollara de manera fluida, acogedora y participativa.<\/p>\n\n\n\n<p>Uno de los momentos m\u00e1s destacados fue la animaci\u00f3n del evento, a cargo de <strong>Jocelyne Kramm<\/strong>, encargada de Convivencia Educativa del DAEM. Con cercan\u00eda y entusiasmo, present\u00f3 cada uno de los n\u00fameros art\u00edsticos preparados por los establecimientos, coordinados por la Unidad Extraescolar. Las presentaciones dieron vida al encuentro y pusieron en valor el talento de estudiantes y docentes.<\/p>\n\n\n\n<p><strong>Expo Educa 2025<\/strong> se consolid\u00f3 as\u00ed como una verdadera fiesta del aprendizaje y la colaboraci\u00f3n, un espacio para celebrar logros, compartir experiencias y reafirmar el compromiso de Osorno con una educaci\u00f3n p\u00fablica que inspira, transforma y llega a cada rinc\u00f3n de la comuna con identidad y esperanza.<\/p>\n\n\n\n<figure class=\"wp-block-image size-large\"><img loading=\"lazy\" decoding=\"async\" width=\"768\" height=\"1024\" src=\"https:\/\/elconquistadorredloslagos.cl\/test\/wp-content\/uploads\/2025\/12\/IMG_0705-1-768x1024.jpg\" alt=\"\" class=\"wp-image-16901\" \/><\/figure>\n","protected":false},"excerpt":{"rendered":"<p>Con gran entusiasmo y esp\u00edritu comunitario se desarroll\u00f3 una nueva versi\u00f3n de Expo Educa 2025, evento que reuni\u00f3 en la Plaza de Armas a los 46 establecimientos educacionales municipales de..<\/p>\n","protected":false},"author":9,"featured_media":16899,"comment_status":"closed","ping_status":"open","sticky":false,"template":"","format":"standard","meta":{"footnotes":""},"categories":[1,28,26,34,39,55,27],"tags":[],"class_list":["post-16896","post","type-post","status-publish","format-standard","has-post-thumbnail","hentry","category-acontecer","category-actual","category-comunidad","category-cultura","category-educacion","category-osorno","category-tecnologia"],"rttpg_featured_image_url":{"full":["https:\/\/elconquistadorredloslagos.cl\/test\/wp-content\/uploads\/2025\/12\/IMG_0690-1.jpg",1920,1440,false],"landscape":["https:\/\/elconquistadorredloslagos.cl\/test\/wp-content\/uploads\/2025\/12\/IMG_0690-1.jpg",1920,1440,false],"portraits":["https:\/\/elconquistadorredloslagos.cl\/test\/wp-content\/uploads\/2025\/12\/IMG_0690-1.jpg",1920,1440,false],"thumbnail":["https:\/\/elconquistadorredloslagos.cl\/test\/wp-content\/uploads\/2025\/12\/IMG_0690-1-150x150.jpg",150,150,true],"medium":["https:\/\/elconquistadorredloslagos.cl\/test\/wp-content\/uploads\/2025\/12\/IMG_0690-1-300x225.jpg",300,225,true],"large":["https:\/\/elconquistadorredloslagos.cl\/test\/wp-content\/uploads\/2025\/12\/IMG_0690-1-1024x768.jpg",1024,768,true],"1536x1536":["https:\/\/elconquistadorredloslagos.cl\/test\/wp-content\/uploads\/2025\/12\/IMG_0690-1-1536x1152.jpg",1536,1152,true],"2048x2048":["https:\/\/elconquistadorredloslagos.cl\/test\/wp-content\/uploads\/2025\/12\/IMG_0690-1.jpg",1920,1440,false]},"rttpg_author":{"display_name":"mcifuentes","author_link":"https:\/\/elconquistadorredloslagos.cl\/test\/blog\/author\/mcifuentes\/"},"rttpg_comment":0,"rttpg_category":"<a href=\"https:\/\/elconquistadorredloslagos.cl\/test\/blog\/category\/actual\/acontecer\/\" rel=\"category tag\">Acontecer<\/a> <a href=\"https:\/\/elconquistadorredloslagos.cl\/test\/blog\/category\/actual\/\" rel=\"category tag\">Actualidad<\/a> <a href=\"https:\/\/elconquistadorredloslagos.cl\/test\/blog\/category\/comunidad\/\" rel=\"category tag\">Comunidad<\/a> <a href=\"https:\/\/elconquistadorredloslagos.cl\/test\/blog\/category\/cultura\/\" rel=\"category tag\">Cultural<\/a> <a href=\"https:\/\/elconquistadorredloslagos.cl\/test\/blog\/category\/actual\/educacion\/\" rel=\"category tag\">Educaci\u00f3n<\/a> <a href=\"https:\/\/elconquistadorredloslagos.cl\/test\/blog\/category\/chile\/osorno\/\" rel=\"category tag\">Osorno<\/a> <a href=\"https:\/\/elconquistadorredloslagos.cl\/test\/blog\/category\/actual\/tecnologia\/\" rel=\"category tag\">Tecnologias<\/a>","rttpg_excerpt":"Con gran entusiasmo y esp\u00edritu comunitario se desarroll\u00f3 una nueva versi\u00f3n de Expo Educa 2025, evento que reuni\u00f3 en la Plaza de Armas a los 46 establecimientos educacionales municipales de..","_links":{"self":[{"href":"https:\/\/elconquistadorredloslagos.cl\/test\/wp-json\/wp\/v2\/posts\/16896","targetHints":{"allow":["GET"]}}],"collection":[{"href":"https:\/\/elconquistadorredloslagos.cl\/test\/wp-json\/wp\/v2\/posts"}],"about":[{"href":"https:\/\/elconquistadorredloslagos.cl\/test\/wp-json\/wp\/v2\/types\/post"}],"author":[{"embeddable":true,"href":"https:\/\/elconquistadorredloslagos.cl\/test\/wp-json\/wp\/v2\/users\/9"}],"replies":[{"embeddable":true,"href":"https:\/\/elconquistadorredloslagos.cl\/test\/wp-json\/wp\/v2\/comments?post=16896"}],"version-history":[{"count":1,"href":"https:\/\/elconquistadorredloslagos.cl\/test\/wp-json\/wp\/v2\/posts\/16896\/revisions"}],"predecessor-version":[{"id":16902,"href":"https:\/\/elconquistadorredloslagos.cl\/test\/wp-json\/wp\/v2\/posts\/16896\/revisions\/16902"}],"wp:featuredmedia":[{"embeddable":true,"href":"https:\/\/elconquistadorredloslagos.cl\/test\/wp-json\/wp\/v2\/media\/16899"}],"wp:attachment":[{"href":"https:\/\/elconquistadorredloslagos.cl\/test\/wp-json\/wp\/v2\/media?parent=16896"}],"wp:term":[{"taxonomy":"category","embeddable":true,"href":"https:\/\/elconquistadorredloslagos.cl\/test\/wp-json\/wp\/v2\/categories?post=16896"},{"taxonomy":"post_tag","embeddable":true,"href":"https:\/\/elconquistadorredloslagos.cl\/test\/wp-json\/wp\/v2\/tags?post=16896"}],"curies":[{"name":"wp","href":"https:\/\/api.w.org\/{rel}","templated":true}]}}