{"id":16705,"date":"2025-12-03T17:57:21","date_gmt":"2025-12-03T20:57:21","guid":{"rendered":"https:\/\/elconquistadorredloslagos.cl\/test\/?p=16705"},"modified":"2025-12-03T17:57:22","modified_gmt":"2025-12-03T20:57:22","slug":"investigacion-en-curso-por-violento-choque-en-puente-llicaldad","status":"publish","type":"post","link":"https:\/\/elconquistadorredloslagos.cl\/test\/blog\/2025\/12\/03\/investigacion-en-curso-por-violento-choque-en-puente-llicaldad\/","title":{"rendered":"Investigaci\u00f3n en curso por violento choque en puente Llicaldad"},"content":{"rendered":"\n<p>Se investigan las causas del grave accidente de tr\u00e1nsito registrado la tarde de este martes 2 de diciembre en el sector del puente Llicaldad, en Castro, donde un taxi colectivo y un cami\u00f3n colisionaron de manera frontal en un hecho catalogado como de alta energ\u00eda.<\/p>\n\n\n\n<p>El siniestro, ocurrido cerca de las 14:00 horas, dej\u00f3 a seis personas involucradas y cinco lesionados, dos de ellos con heridas de mayor complejidad. Ambos permanecen internados en el Hospital de Castro, donde se eval\u00faa su evoluci\u00f3n.<\/p>\n\n\n\n<p>Equipos de emergencia provenientes de distintas comunas de Chilo\u00e9 se desplazaron hasta el lugar para asistir a los afectados. Entre ellos estuvo el SAMU de Castro. <\/p>\n\n\n\n<p>Su reanimador, Cristian C\u00e1rcamo, detall\u00f3 que las mayores complicaciones se concentraron en los pasajeros que viajaban en la parte trasera del colectivo y que no utilizaban cintur\u00f3n de seguridad, situaci\u00f3n que habr\u00eda intensificado la fuerza del impacto.<\/p>\n\n\n\n<figure class=\"wp-block-audio\"><audio controls src=\"https:\/\/elconquistadorredloslagos.cl\/test\/wp-content\/uploads\/2025\/12\/SAMU-CASTRO.mp3\"><\/audio><\/figure>\n\n\n\n<p>El taxi colectivo realizaba el trayecto entre Chonchi y Castro, mientras que el cami\u00f3n avanzaba en sentido contrario al momento de la colisi\u00f3n. Mientras las labores de rescate obligaron a suspender temporalmente el tr\u00e1nsito, las autoridades contin\u00faan reuniendo antecedentes para determinar qu\u00e9 origin\u00f3 el choque.<\/p>\n\n\n\n<p>\ud83d\udcf7 Redes Sociales<\/p>\n","protected":false},"excerpt":{"rendered":"<p>Se investigan las causas del grave accidente de tr\u00e1nsito registrado la tarde de este martes 2 de diciembre en el sector del puente Llicaldad, en Castro, donde un taxi colectivo..<\/p>\n","protected":false},"author":2,"featured_media":16708,"comment_status":"closed","ping_status":"open","sticky":false,"template":"","format":"standard","meta":{"footnotes":""},"categories":[1,28,51],"tags":[],"class_list":["post-16705","post","type-post","status-publish","format-standard","has-post-thumbnail","hentry","category-acontecer","category-actual","category-chiloe"],"rttpg_featured_image_url":{"full":["https:\/\/elconquistadorredloslagos.cl\/test\/wp-content\/uploads\/2025\/12\/img-6.jpg",1920,1080,false],"landscape":["https:\/\/elconquistadorredloslagos.cl\/test\/wp-content\/uploads\/2025\/12\/img-6.jpg",1920,1080,false],"portraits":["https:\/\/elconquistadorredloslagos.cl\/test\/wp-content\/uploads\/2025\/12\/img-6.jpg",1920,1080,false],"thumbnail":["https:\/\/elconquistadorredloslagos.cl\/test\/wp-content\/uploads\/2025\/12\/img-6-150x150.jpg",150,150,true],"medium":["https:\/\/elconquistadorredloslagos.cl\/test\/wp-content\/uploads\/2025\/12\/img-6-300x169.jpg",300,169,true],"large":["https:\/\/elconquistadorredloslagos.cl\/test\/wp-content\/uploads\/2025\/12\/img-6-1024x576.jpg",1024,576,true],"1536x1536":["https:\/\/elconquistadorredloslagos.cl\/test\/wp-content\/uploads\/2025\/12\/img-6-1536x864.jpg",1536,864,true],"2048x2048":["https:\/\/elconquistadorredloslagos.cl\/test\/wp-content\/uploads\/2025\/12\/img-6.jpg",1920,1080,false]},"rttpg_author":{"display_name":"ccardenas","author_link":"https:\/\/elconquistadorredloslagos.cl\/test\/blog\/author\/ccardenas\/"},"rttpg_comment":0,"rttpg_category":"<a href=\"https:\/\/elconquistadorredloslagos.cl\/test\/blog\/category\/actual\/acontecer\/\" rel=\"category tag\">Acontecer<\/a> <a href=\"https:\/\/elconquistadorredloslagos.cl\/test\/blog\/category\/actual\/\" rel=\"category tag\">Actualidad<\/a> <a href=\"https:\/\/elconquistadorredloslagos.cl\/test\/blog\/category\/chile\/chiloe\/\" rel=\"category tag\">Chilo\u00e9<\/a>","rttpg_excerpt":"Se investigan las causas del grave accidente de tr\u00e1nsito registrado la tarde de este martes 2 de diciembre en el sector del puente Llicaldad, en Castro, donde un taxi colectivo..","_links":{"self":[{"href":"https:\/\/elconquistadorredloslagos.cl\/test\/wp-json\/wp\/v2\/posts\/16705","targetHints":{"allow":["GET"]}}],"collection":[{"href":"https:\/\/elconquistadorredloslagos.cl\/test\/wp-json\/wp\/v2\/posts"}],"about":[{"href":"https:\/\/elconquistadorredloslagos.cl\/test\/wp-json\/wp\/v2\/types\/post"}],"author":[{"embeddable":true,"href":"https:\/\/elconquistadorredloslagos.cl\/test\/wp-json\/wp\/v2\/users\/2"}],"replies":[{"embeddable":true,"href":"https:\/\/elconquistadorredloslagos.cl\/test\/wp-json\/wp\/v2\/comments?post=16705"}],"version-history":[{"count":1,"href":"https:\/\/elconquistadorredloslagos.cl\/test\/wp-json\/wp\/v2\/posts\/16705\/revisions"}],"predecessor-version":[{"id":16709,"href":"https:\/\/elconquistadorredloslagos.cl\/test\/wp-json\/wp\/v2\/posts\/16705\/revisions\/16709"}],"wp:featuredmedia":[{"embeddable":true,"href":"https:\/\/elconquistadorredloslagos.cl\/test\/wp-json\/wp\/v2\/media\/16708"}],"wp:attachment":[{"href":"https:\/\/elconquistadorredloslagos.cl\/test\/wp-json\/wp\/v2\/media?parent=16705"}],"wp:term":[{"taxonomy":"category","embeddable":true,"href":"https:\/\/elconquistadorredloslagos.cl\/test\/wp-json\/wp\/v2\/categories?post=16705"},{"taxonomy":"post_tag","embeddable":true,"href":"https:\/\/elconquistadorredloslagos.cl\/test\/wp-json\/wp\/v2\/tags?post=16705"}],"curies":[{"name":"wp","href":"https:\/\/api.w.org\/{rel}","templated":true}]}}