{"id":16686,"date":"2025-12-03T16:40:40","date_gmt":"2025-12-03T19:40:40","guid":{"rendered":"https:\/\/elconquistadorredloslagos.cl\/test\/?p=16686"},"modified":"2025-12-03T16:40:41","modified_gmt":"2025-12-03T19:40:41","slug":"dalcahue-celebra-su-encendido-del-arbol-navideno-con-un-espiritu-comunitario-y-familiar","status":"publish","type":"post","link":"https:\/\/elconquistadorredloslagos.cl\/test\/blog\/2025\/12\/03\/dalcahue-celebra-su-encendido-del-arbol-navideno-con-un-espiritu-comunitario-y-familiar\/","title":{"rendered":"Dalcahue celebra su encendido del \u00e1rbol navide\u00f1o con un esp\u00edritu comunitario y familiar"},"content":{"rendered":"\n<p>Con una masiva participaci\u00f3n ciudadana, la comunidad de Dalcahue dio inicio oficial a las celebraciones navide\u00f1as con el encendido del \u00e1rbol comunitario en la explanada y en el recinto de Carabineros, iniciativa que refleja el sello de la administraci\u00f3n municipal liderada por la alcaldesa Alejandra Villegas, centrada en fortalecer la vida en familia, la identidad local y la participaci\u00f3n activa de las vecinas y vecinos.<\/p>\n\n\n\n<p>Este a\u00f1o, el \u00e1rbol navide\u00f1o fue elaborado colectivamente por decenas de mujeres de la comuna, quienes durante semanas se reunieron hasta tres veces por semana en los espacios de Dideco para tejer sus piezas en telar, palillo y crochet. Incluso, muchas vecinas que no pod\u00edan asistir diversos motivos enviaron sus tejidos desde sus hogares, en un gesto que reafirma el compromiso y la pertenencia que caracteriza a la comunidad dalcahuina.<\/p>\n\n\n\n<p>El resultado fue una obra cargada de emoci\u00f3n, cari\u00f1o y dedicaci\u00f3n, que hoy se levanta como s\u00edmbolo del esfuerzo comunitario y del rol fundamental de las mujeres en la vida social de Dalcahue.<\/p>\n\n\n\n<p>La jornada de este lunes cont\u00f3 con una alta participaci\u00f3n de familias, donde ni\u00f1os, ni\u00f1as, j\u00f3venes, adultos y adultos mayores se reunieron para disfrutar del Carnaval Navide\u00f1o, organizado con el apoyo de la escuela b\u00e1sica, Ra\u00edces de Mi Tierra y los jardines infantiles de la comuna.<\/p>\n\n\n\n<p>Un momento especialmente aplaudido fue la presentaci\u00f3n de la Banda Escolar de la Escuela B\u00e1sica de Dalcahue, la cual recientemente obtuvo un premio a nivel nacional, dejando en alto el nombre de la comuna y demostrando una vez m\u00e1s el talento y la disciplina de sus integrantes.<\/p>\n\n\n\n<p>Como parte de esta celebraci\u00f3n, tambi\u00e9n fue destacada la participaci\u00f3n de los Reyes Adultos Mayores&nbsp; Mar\u00eda Vel\u00e1squez y Carlos Alvarado quienes son los representantes protocolares en cada una de las actividades municipales que se realicen.<\/p>\n\n\n\n<p>Ambos recibieron el cari\u00f1o del p\u00fablico y simbolizaron la integraci\u00f3n de todas las generaciones en una fiesta que busca fortalecer los lazos familiares y comunitarios.<\/p>\n\n\n\n<p>Frente a la Iglesia de Dalcahue, Patrimonio de la Humanidad, la plaza de armas fue iluminada reforzando de esta manera la belleza y el sentido espiritual de esta fecha donde la comunidad celebra el nacimiento, la esperanza y el encuentro.<\/p>\n\n\n\n<p>En la ocasi\u00f3n, la alcaldesa Alejandra Villegas anunci\u00f3 que, desde este a\u00f1o, el encendido del \u00e1rbol navide\u00f1o quedar\u00e1 instalado como una tradici\u00f3n permanente para la comuna: \u201cQueremos que cada primero de diciembre se convierta en una fecha especial para Dalcahue. Esta celebraci\u00f3n nace del trabajo de nuestra gente, de las familias, de las escuelas y de nuestros adultos mayores. Aqu\u00ed hay participaci\u00f3n ciudadana real, un cari\u00f1o enorme por nuestra comuna y un compromiso que nos emociona. Que esta tradici\u00f3n perdure en el tiempo y que cada a\u00f1o m\u00e1s vecinos y establecimientos educacionales se sumen a este hermoso carnaval.\u201d<\/p>\n\n\n\n<p>Finalmente, la alcaldesa de Dalcahue agradeci\u00f3 a todas las personas e instituciones que hicieron posible esta jornada llena de luz, m\u00fasica y alegr\u00eda, y reiter\u00f3 su compromiso con seguir construyendo comunidad, identidad y espacios de encuentro familiar para todos.<\/p>\n\n\n\n<figure class=\"wp-block-gallery has-nested-images columns-default is-cropped wp-block-gallery-1 is-layout-flex wp-block-gallery-is-layout-flex\">\n<figure class=\"wp-block-image size-large\"><img loading=\"lazy\" decoding=\"async\" width=\"1024\" height=\"576\" data-id=\"16697\" src=\"https:\/\/elconquistadorredloslagos.cl\/test\/wp-content\/uploads\/2025\/12\/IMG2025-8-1024x576.jpg\" alt=\"\" class=\"wp-image-16697\" \/><\/figure>\n\n\n\n<figure class=\"wp-block-image size-large\"><img loading=\"lazy\" decoding=\"async\" width=\"568\" height=\"1024\" data-id=\"16696\" src=\"https:\/\/elconquistadorredloslagos.cl\/test\/wp-content\/uploads\/2025\/12\/interior-568x1024.jpg\" alt=\"\" class=\"wp-image-16696\" \/><\/figure>\n\n\n\n<figure class=\"wp-block-image size-large\"><img loading=\"lazy\" decoding=\"async\" width=\"1024\" height=\"576\" data-id=\"16687\" src=\"https:\/\/elconquistadorredloslagos.cl\/test\/wp-content\/uploads\/2025\/12\/portada-1024x576.jpg\" alt=\"\" class=\"wp-image-16687\" \/><\/figure>\n\n\n\n<figure class=\"wp-block-image size-large\"><img loading=\"lazy\" decoding=\"async\" width=\"1024\" height=\"768\" data-id=\"16694\" src=\"https:\/\/elconquistadorredloslagos.cl\/test\/wp-content\/uploads\/2025\/12\/IMG-20251202-WA0064-1024x768.jpg\" alt=\"\" class=\"wp-image-16694\" \/><\/figure>\n\n\n\n<figure class=\"wp-block-image size-large\"><img loading=\"lazy\" decoding=\"async\" width=\"1024\" height=\"768\" data-id=\"16689\" src=\"https:\/\/elconquistadorredloslagos.cl\/test\/wp-content\/uploads\/2025\/12\/IMG-20251202-WA0057-1024x768.jpg\" alt=\"\" class=\"wp-image-16689\" \/><\/figure>\n\n\n\n<figure class=\"wp-block-image size-large\"><img loading=\"lazy\" decoding=\"async\" width=\"1024\" height=\"768\" data-id=\"16692\" src=\"https:\/\/elconquistadorredloslagos.cl\/test\/wp-content\/uploads\/2025\/12\/IMG-20251202-WA0053-1024x768.jpg\" alt=\"\" class=\"wp-image-16692\" \/><\/figure>\n\n\n\n<figure class=\"wp-block-image size-large\"><img loading=\"lazy\" decoding=\"async\" width=\"1024\" height=\"768\" data-id=\"16690\" src=\"https:\/\/elconquistadorredloslagos.cl\/test\/wp-content\/uploads\/2025\/12\/IMG-20251202-WA0033-1024x768.jpg\" alt=\"\" class=\"wp-image-16690\" \/><\/figure>\n\n\n\n<figure class=\"wp-block-image size-large\"><img loading=\"lazy\" decoding=\"async\" width=\"1024\" height=\"768\" data-id=\"16693\" src=\"https:\/\/elconquistadorredloslagos.cl\/test\/wp-content\/uploads\/2025\/12\/IMG-20251202-WA0040-1024x768.jpg\" alt=\"\" class=\"wp-image-16693\" \/><\/figure>\n\n\n\n<figure class=\"wp-block-image size-large\"><img loading=\"lazy\" decoding=\"async\" width=\"1024\" height=\"768\" data-id=\"16691\" src=\"https:\/\/elconquistadorredloslagos.cl\/test\/wp-content\/uploads\/2025\/12\/IMG-20251202-WA0052-1024x768.jpg\" alt=\"\" class=\"wp-image-16691\" \/><\/figure>\n\n\n\n<figure class=\"wp-block-image size-large\"><img loading=\"lazy\" decoding=\"async\" width=\"1024\" height=\"768\" data-id=\"16688\" src=\"https:\/\/elconquistadorredloslagos.cl\/test\/wp-content\/uploads\/2025\/12\/IMG-20251202-WA0045-1024x768.jpg\" alt=\"\" class=\"wp-image-16688\" \/><\/figure>\n\n\n\n<figure class=\"wp-block-image size-large\"><img loading=\"lazy\" decoding=\"async\" width=\"1024\" height=\"768\" data-id=\"16695\" src=\"https:\/\/elconquistadorredloslagos.cl\/test\/wp-content\/uploads\/2025\/12\/IMG-20251202-WA0058-1024x768.jpg\" alt=\"\" class=\"wp-image-16695\" \/><\/figure>\n<\/figure>\n","protected":false},"excerpt":{"rendered":"<p>Con una masiva participaci\u00f3n ciudadana, la comunidad de Dalcahue dio inicio oficial a las celebraciones navide\u00f1as con el encendido del \u00e1rbol comunitario en la explanada y en el recinto de..<\/p>\n","protected":false},"author":2,"featured_media":16698,"comment_status":"closed","ping_status":"open","sticky":false,"template":"","format":"standard","meta":{"footnotes":""},"categories":[1,28,51],"tags":[],"class_list":["post-16686","post","type-post","status-publish","format-standard","has-post-thumbnail","hentry","category-acontecer","category-actual","category-chiloe"],"rttpg_featured_image_url":{"full":["https:\/\/elconquistadorredloslagos.cl\/test\/wp-content\/uploads\/2025\/12\/IMG2025-9.jpg",1920,1080,false],"landscape":["https:\/\/elconquistadorredloslagos.cl\/test\/wp-content\/uploads\/2025\/12\/IMG2025-9.jpg",1920,1080,false],"portraits":["https:\/\/elconquistadorredloslagos.cl\/test\/wp-content\/uploads\/2025\/12\/IMG2025-9.jpg",1920,1080,false],"thumbnail":["https:\/\/elconquistadorredloslagos.cl\/test\/wp-content\/uploads\/2025\/12\/IMG2025-9-150x150.jpg",150,150,true],"medium":["https:\/\/elconquistadorredloslagos.cl\/test\/wp-content\/uploads\/2025\/12\/IMG2025-9-300x169.jpg",300,169,true],"large":["https:\/\/elconquistadorredloslagos.cl\/test\/wp-content\/uploads\/2025\/12\/IMG2025-9-1024x576.jpg",1024,576,true],"1536x1536":["https:\/\/elconquistadorredloslagos.cl\/test\/wp-content\/uploads\/2025\/12\/IMG2025-9-1536x864.jpg",1536,864,true],"2048x2048":["https:\/\/elconquistadorredloslagos.cl\/test\/wp-content\/uploads\/2025\/12\/IMG2025-9.jpg",1920,1080,false]},"rttpg_author":{"display_name":"ccardenas","author_link":"https:\/\/elconquistadorredloslagos.cl\/test\/blog\/author\/ccardenas\/"},"rttpg_comment":0,"rttpg_category":"<a href=\"https:\/\/elconquistadorredloslagos.cl\/test\/blog\/category\/actual\/acontecer\/\" rel=\"category tag\">Acontecer<\/a> <a href=\"https:\/\/elconquistadorredloslagos.cl\/test\/blog\/category\/actual\/\" rel=\"category tag\">Actualidad<\/a> <a href=\"https:\/\/elconquistadorredloslagos.cl\/test\/blog\/category\/chile\/chiloe\/\" rel=\"category tag\">Chilo\u00e9<\/a>","rttpg_excerpt":"Con una masiva participaci\u00f3n ciudadana, la comunidad de Dalcahue dio inicio oficial a las celebraciones navide\u00f1as con el encendido del \u00e1rbol comunitario en la explanada y en el recinto de..","_links":{"self":[{"href":"https:\/\/elconquistadorredloslagos.cl\/test\/wp-json\/wp\/v2\/posts\/16686","targetHints":{"allow":["GET"]}}],"collection":[{"href":"https:\/\/elconquistadorredloslagos.cl\/test\/wp-json\/wp\/v2\/posts"}],"about":[{"href":"https:\/\/elconquistadorredloslagos.cl\/test\/wp-json\/wp\/v2\/types\/post"}],"author":[{"embeddable":true,"href":"https:\/\/elconquistadorredloslagos.cl\/test\/wp-json\/wp\/v2\/users\/2"}],"replies":[{"embeddable":true,"href":"https:\/\/elconquistadorredloslagos.cl\/test\/wp-json\/wp\/v2\/comments?post=16686"}],"version-history":[{"count":1,"href":"https:\/\/elconquistadorredloslagos.cl\/test\/wp-json\/wp\/v2\/posts\/16686\/revisions"}],"predecessor-version":[{"id":16699,"href":"https:\/\/elconquistadorredloslagos.cl\/test\/wp-json\/wp\/v2\/posts\/16686\/revisions\/16699"}],"wp:featuredmedia":[{"embeddable":true,"href":"https:\/\/elconquistadorredloslagos.cl\/test\/wp-json\/wp\/v2\/media\/16698"}],"wp:attachment":[{"href":"https:\/\/elconquistadorredloslagos.cl\/test\/wp-json\/wp\/v2\/media?parent=16686"}],"wp:term":[{"taxonomy":"category","embeddable":true,"href":"https:\/\/elconquistadorredloslagos.cl\/test\/wp-json\/wp\/v2\/categories?post=16686"},{"taxonomy":"post_tag","embeddable":true,"href":"https:\/\/elconquistadorredloslagos.cl\/test\/wp-json\/wp\/v2\/tags?post=16686"}],"curies":[{"name":"wp","href":"https:\/\/api.w.org\/{rel}","templated":true}]}}