{"id":16683,"date":"2025-12-02T22:39:34","date_gmt":"2025-12-03T01:39:34","guid":{"rendered":"https:\/\/elconquistadorredloslagos.cl\/test\/?p=16683"},"modified":"2025-12-02T22:39:35","modified_gmt":"2025-12-03T01:39:35","slug":"uach-sede-puerto-montt-realizo-la-primera-ceremonia-de-titulacion-de-la-escuela-de-trabajo-social","status":"publish","type":"post","link":"https:\/\/elconquistadorredloslagos.cl\/test\/blog\/2025\/12\/02\/uach-sede-puerto-montt-realizo-la-primera-ceremonia-de-titulacion-de-la-escuela-de-trabajo-social\/","title":{"rendered":"UACh Sede Puerto Montt realiz\u00f3 la primera Ceremonia de Titulaci\u00f3n de la Escuela de Trabajo Social"},"content":{"rendered":"\n<p><\/p>\n\n\n\n<ul class=\"wp-block-list\">\n<li><strong>Durante esta instancia tambi\u00e9n se otorgaron distinciones especiales, entre ellas la Distinci\u00f3n al M\u00e9rito Acad\u00e9mico para Javiera Bel\u00e9n Ojeda S\u00e1nchez \u2014reconocimiento recibido por sus padres, Dolly S\u00e1nchez P\u00e9rez y Carlos Ojeda Uribe\u2014 y el Premio al Mejor Compa\u00f1ero, elegido por votaci\u00f3n de la propia generaci\u00f3n, que recay\u00f3 en Donkan Eduardo Bustamante Gonz\u00e1lez. Asimismo, se realiz\u00f3 un reconocimiento a la primera directora de la Escuela de Trabajo Social, Mg. Alejandra Cant\u00edn Caro, por su entrega y dedicaci\u00f3n en la etapa de instalaci\u00f3n de la carrera, junto con un emotivo homenaje p\u00f3stumo a la ex estudiante Yulisa Figueroa, a trav\u00e9s de su madre, Marcela Castro.<\/strong><\/li>\n<\/ul>\n\n\n\n<p>En un hito hist\u00f3rico para la instituci\u00f3n y para la formaci\u00f3n profesional en la regi\u00f3n, la Universidad Austral de Chile Sede Puerto Montt realiz\u00f3 la primera Ceremonia de Titulaci\u00f3n de la Escuela de Trabajo Social, instancia en la que 23 nuevos profesionales recibieron su t\u00edtulo en el Aula Magna, acompa\u00f1ados por autoridades universitarias, docentes, familiares e invitados especiales.<\/p>\n\n\n\n<p>La jornada se inici\u00f3 con el ingreso de las y los titulados, quienes fueron recibidos con un c\u00e1lido aplauso, dando paso a la bienvenida de las autoridades presentes, entre ellas la Vicerrectora de la UACh Sede Puerto Montt, Dra. Sylvia Soto Alvarado; el Profesor Em\u00e9rito y ex Vicerrector de Sede, Dr. Renato Westermeier Hitschfeld; adem\u00e1s de directores de institutos y escuelas, docentes y familias.<\/p>\n\n\n\n<p>Durante su saludo, la Vicerrectora Soto destac\u00f3 el profundo significado de este logro institucional. \u201cEs la primera generaci\u00f3n que se titula, una generaci\u00f3n que comenz\u00f3 el 2020 pero que se gest\u00f3 el 2018. Hoy Trabajo Social es una carrera plenamente consolidada en nuestra Sede, con un rol fundamental para el desarrollo del territorio. Formamos profesionales con un profundo sentido de justicia social, con una mirada humana y emp\u00e1tica que responde a las necesidades reales de nuestras comunidades. Actualmente, la carrera cuenta con 129 estudiantes y hoy celebra a sus primeros 23 titulados, quienes se integran al mundo laboral con una formaci\u00f3n orientada a la excelencia acad\u00e9mica, el compromiso social y la defensa de los derechos humanos\u201d, se\u00f1al\u00f3 la Vicerrectora de la UACh Sede Puerto Montt.<\/p>\n\n\n\n<p>Por su parte, el Dr. Renato Westermeier expres\u00f3 la satisfacci\u00f3n de ver materializado un proyecto acad\u00e9mico que impuls\u00f3 desde sus inicios. \u201cPara m\u00ed es muy satisfactorio estar hoy aqu\u00ed compartiendo con nuevos profesionales. Alguna vez, junto a la Direcci\u00f3n Acad\u00e9mica, tuvimos la visi\u00f3n de que esta carrera podr\u00eda aportar de manera significativa a la regi\u00f3n y al pa\u00eds. Por eso nos jugamos enteros, pese a algunas dificultades, hasta que la carrera de Trabajo Social se convirti\u00f3 en una realidad. Hoy estamos viendo a sus primeros egresados y reencontr\u00e1ndonos con sus familias y con quienes acompa\u00f1aron este proceso\u201d, indic\u00f3 el ex Vicerrector de sede.<\/p>\n\n\n\n<p>La directora de la Escuela de Trabajo Social, Mg. Catalina Bol\u00edvar Pati\u00f1o, tambi\u00e9n dedic\u00f3 palabras a esta primera generaci\u00f3n, destacando el car\u00e1cter humano y el valor hist\u00f3rico del momento. \u201cEs un d\u00eda muy emotivo, en el que tambi\u00e9n recordamos a nuestra estudiante Yulisa Figueroa, que ya no se encuentra con nosotros. Adem\u00e1s, estamos culminando las actividades de conmemoraci\u00f3n de los 100 a\u00f1os del Trabajo Social. Esta primera generaci\u00f3n se titula en un a\u00f1o marcado por la defensa de los derechos humanos, la justicia social y la dignidad de las personas. Nos llena de esperanza y nos tiene muy felices. Fue una jornada preciosa, adem\u00e1s de que nos acompa\u00f1\u00f3 un d\u00eda muy bonito\u201d, expres\u00f3 Bol\u00edvar.<\/p>\n\n\n\n<p>Posteriormente, se realiz\u00f3 uno de los momentos m\u00e1s significativos de la jornada: la entrega de diplomas a las y los 23 titulados de la generaci\u00f3n 2020, quienes subieron al escenario acompa\u00f1ados por un familiar y recibieron su t\u00edtulo de manos de la directora de Escuela, Mg. Catalina Bol\u00edvar, junto a la docente Alejandra Cant\u00edn Caro.<\/p>\n\n\n\n<p>Durante esta instancia tambi\u00e9n se otorgaron distinciones especiales, entre ellas la Distinci\u00f3n al M\u00e9rito Acad\u00e9mico para Javiera Bel\u00e9n Ojeda S\u00e1nchez \u2014reconocimiento recibido por sus padres, Dolly S\u00e1nchez P\u00e9rez y Carlos Ojeda Uribe\u2014 y el Premio al Mejor Compa\u00f1ero, elegido por votaci\u00f3n de la propia generaci\u00f3n, que recay\u00f3 en Donkan Eduardo Bustamante Gonz\u00e1lez. Asimismo, se realiz\u00f3 un reconocimiento a la primera directora de la Escuela de Trabajo Social, Mg. Alejandra Cant\u00edn Caro, por su entrega y dedicaci\u00f3n en la etapa de instalaci\u00f3n de la carrera, junto con un emotivo homenaje p\u00f3stumo a la ex estudiante Yulisa Figueroa, a trav\u00e9s de su madre, Marcela Castro.<\/p>\n\n\n\n<p>Finalmente, y en representaci\u00f3n de su generaci\u00f3n, Mar\u00eda Fernanda Ruiz Hohmann entreg\u00f3 un mensaje de cierre cargado de gratitud y emoci\u00f3n. \u201cNos reencontramos con nuestros compa\u00f1eros, nuestras familias y nuestros profesores. Recordamos todo lo vivido durante estos cinco a\u00f1os, desde que comenzamos en plena pandemia hasta este d\u00eda en que nos convertimos en profesionales. Agradecemos a nuestra casa de estudios por entregarnos los valores para enfrentarnos al mundo laboral. Estoy orgullosa de todos mis compa\u00f1eros y de nuestra Escuela\u201d, finaliz\u00f3 Ru\u00edz.<\/p>\n\n\n\n<p>Escrito por: Patricia Ferreira Oliva, Periodista UACh Sede Puerto Montt.&nbsp;<\/p>\n","protected":false},"excerpt":{"rendered":"<p>En un hito hist\u00f3rico para la instituci\u00f3n y para la formaci\u00f3n profesional en la regi\u00f3n, la Universidad Austral de Chile Sede Puerto Montt realiz\u00f3 la primera Ceremonia de Titulaci\u00f3n de..<\/p>\n","protected":false},"author":9,"featured_media":16684,"comment_status":"closed","ping_status":"open","sticky":false,"template":"","format":"standard","meta":{"footnotes":""},"categories":[1,28,39,56],"tags":[],"class_list":["post-16683","post","type-post","status-publish","format-standard","has-post-thumbnail","hentry","category-acontecer","category-actual","category-educacion","category-puerto-montt"],"rttpg_featured_image_url":{"full":["https:\/\/elconquistadorredloslagos.cl\/test\/wp-content\/uploads\/2025\/12\/TSOCIAL-TIT.jpg",1920,1175,false],"landscape":["https:\/\/elconquistadorredloslagos.cl\/test\/wp-content\/uploads\/2025\/12\/TSOCIAL-TIT.jpg",1920,1175,false],"portraits":["https:\/\/elconquistadorredloslagos.cl\/test\/wp-content\/uploads\/2025\/12\/TSOCIAL-TIT.jpg",1920,1175,false],"thumbnail":["https:\/\/elconquistadorredloslagos.cl\/test\/wp-content\/uploads\/2025\/12\/TSOCIAL-TIT-150x150.jpg",150,150,true],"medium":["https:\/\/elconquistadorredloslagos.cl\/test\/wp-content\/uploads\/2025\/12\/TSOCIAL-TIT-300x184.jpg",300,184,true],"large":["https:\/\/elconquistadorredloslagos.cl\/test\/wp-content\/uploads\/2025\/12\/TSOCIAL-TIT-1024x627.jpg",1024,627,true],"1536x1536":["https:\/\/elconquistadorredloslagos.cl\/test\/wp-content\/uploads\/2025\/12\/TSOCIAL-TIT-1536x940.jpg",1536,940,true],"2048x2048":["https:\/\/elconquistadorredloslagos.cl\/test\/wp-content\/uploads\/2025\/12\/TSOCIAL-TIT.jpg",1920,1175,false]},"rttpg_author":{"display_name":"mcifuentes","author_link":"https:\/\/elconquistadorredloslagos.cl\/test\/blog\/author\/mcifuentes\/"},"rttpg_comment":0,"rttpg_category":"<a href=\"https:\/\/elconquistadorredloslagos.cl\/test\/blog\/category\/actual\/acontecer\/\" rel=\"category tag\">Acontecer<\/a> <a href=\"https:\/\/elconquistadorredloslagos.cl\/test\/blog\/category\/actual\/\" rel=\"category tag\">Actualidad<\/a> <a href=\"https:\/\/elconquistadorredloslagos.cl\/test\/blog\/category\/actual\/educacion\/\" rel=\"category tag\">Educaci\u00f3n<\/a> <a href=\"https:\/\/elconquistadorredloslagos.cl\/test\/blog\/category\/chile\/puerto-montt\/\" rel=\"category tag\">Puerto Montt<\/a>","rttpg_excerpt":"En un hito hist\u00f3rico para la instituci\u00f3n y para la formaci\u00f3n profesional en la regi\u00f3n, la Universidad Austral de Chile Sede Puerto Montt realiz\u00f3 la primera Ceremonia de Titulaci\u00f3n de..","_links":{"self":[{"href":"https:\/\/elconquistadorredloslagos.cl\/test\/wp-json\/wp\/v2\/posts\/16683","targetHints":{"allow":["GET"]}}],"collection":[{"href":"https:\/\/elconquistadorredloslagos.cl\/test\/wp-json\/wp\/v2\/posts"}],"about":[{"href":"https:\/\/elconquistadorredloslagos.cl\/test\/wp-json\/wp\/v2\/types\/post"}],"author":[{"embeddable":true,"href":"https:\/\/elconquistadorredloslagos.cl\/test\/wp-json\/wp\/v2\/users\/9"}],"replies":[{"embeddable":true,"href":"https:\/\/elconquistadorredloslagos.cl\/test\/wp-json\/wp\/v2\/comments?post=16683"}],"version-history":[{"count":1,"href":"https:\/\/elconquistadorredloslagos.cl\/test\/wp-json\/wp\/v2\/posts\/16683\/revisions"}],"predecessor-version":[{"id":16685,"href":"https:\/\/elconquistadorredloslagos.cl\/test\/wp-json\/wp\/v2\/posts\/16683\/revisions\/16685"}],"wp:featuredmedia":[{"embeddable":true,"href":"https:\/\/elconquistadorredloslagos.cl\/test\/wp-json\/wp\/v2\/media\/16684"}],"wp:attachment":[{"href":"https:\/\/elconquistadorredloslagos.cl\/test\/wp-json\/wp\/v2\/media?parent=16683"}],"wp:term":[{"taxonomy":"category","embeddable":true,"href":"https:\/\/elconquistadorredloslagos.cl\/test\/wp-json\/wp\/v2\/categories?post=16683"},{"taxonomy":"post_tag","embeddable":true,"href":"https:\/\/elconquistadorredloslagos.cl\/test\/wp-json\/wp\/v2\/tags?post=16683"}],"curies":[{"name":"wp","href":"https:\/\/api.w.org\/{rel}","templated":true}]}}