{"id":16638,"date":"2025-12-02T11:53:47","date_gmt":"2025-12-02T14:53:47","guid":{"rendered":"https:\/\/elconquistadorredloslagos.cl\/test\/?p=16638"},"modified":"2025-12-02T14:21:40","modified_gmt":"2025-12-02T17:21:40","slug":"comite-de-chiloe-denuncia-incertidumbre-y-tension-por-reactivacion-de-solicitudes-de-ecmpo-en-aysen","status":"publish","type":"post","link":"https:\/\/elconquistadorredloslagos.cl\/test\/blog\/2025\/12\/02\/comite-de-chiloe-denuncia-incertidumbre-y-tension-por-reactivacion-de-solicitudes-de-ecmpo-en-aysen\/","title":{"rendered":"Comit\u00e9 de Chilo\u00e9 denuncia incertidumbre y tensi\u00f3n por reactivaci\u00f3n de solicitudes de ECMPO en Ays\u00e9n"},"content":{"rendered":"\n<p>El Comit\u00e9 del Patrimonio Ancestral y Territorial de Chilo\u00e9 expres\u00f3 su preocupaci\u00f3n por la inesperada reactivaci\u00f3n de m\u00e1s de 700 mil hect\u00e1reas en solicitudes de ECMPO en Ays\u00e9n, peticiones que en 2024 hab\u00edan sido rechazadas por la Comisi\u00f3n Regional de Uso del Borde Costero (CRUBC).<\/p>\n\n\n\n<p>La situaci\u00f3n resurgi\u00f3 tras el fallo de la Corte Suprema del 11 de noviembre, que calific\u00f3 como arbitrarios los argumentos utilizados para desestimarlas. Seg\u00fan el Comit\u00e9, esta resoluci\u00f3n deja sin resguardo a quienes desarrollan oficios tradicionales ligados al maritorio y desconoce d\u00e9cadas de uso responsable del territorio.<\/p>\n\n\n\n<p>Las organizaciones firmantes recalcan que el mar ha sostenido identidades, oficios y econom\u00edas locales (desde la pesca artesanal hasta la carpinter\u00eda de ribera, el turismo menor, la recolecci\u00f3n de orilla y la salmonicultura), actividades que hoy sienten amenazadas. Aseguran que la Ley Lafkenche, lejos de fortalecer la convivencia, est\u00e1 siendo instrumentalizada por grupos externos que, afirman, promueven divisiones y tensiones comunitarias.<\/p>\n\n\n\n<p>El Comit\u00e9 acusa al Estado de no haber ofrecido soluciones reales y de permitir que el conflicto escale, afectando la estabilidad de miles de familias. Exigen al gobierno asumir su responsabilidad, encauzar el problema y garantizar un desarrollo equitativo para todas las comunidades que forman parte del maritorio austral: \u201cdecimos con firmeza al poder pol\u00edtico: ustedes crearon este problema y hoy se les escap\u00f3 completamente de las manos\u201d, se\u00f1alan como parte de un comunicado. \u201cdecimos con firmeza al poder pol\u00edtico: ustedes crearon este problema y hoy se les escap\u00f3 completamente de las manos\u201d, se\u00f1alan como parte de un comunicado.<\/p>\n\n\n\n<p>\ud83d\udcf7 Referencial<\/p>\n","protected":false},"excerpt":{"rendered":"<p>El Comit\u00e9 del Patrimonio Ancestral y Territorial de Chilo\u00e9 expres\u00f3 su preocupaci\u00f3n por la inesperada reactivaci\u00f3n de m\u00e1s de 700 mil hect\u00e1reas en solicitudes de ECMPO en Ays\u00e9n, peticiones que..<\/p>\n","protected":false},"author":2,"featured_media":16639,"comment_status":"closed","ping_status":"open","sticky":false,"template":"","format":"standard","meta":{"footnotes":""},"categories":[1,28,51,52],"tags":[],"class_list":["post-16638","post","type-post","status-publish","format-standard","has-post-thumbnail","hentry","category-acontecer","category-actual","category-chiloe","category-chile"],"rttpg_featured_image_url":{"full":["https:\/\/elconquistadorredloslagos.cl\/test\/wp-content\/uploads\/2025\/12\/img-1.jpg",1920,1080,false],"landscape":["https:\/\/elconquistadorredloslagos.cl\/test\/wp-content\/uploads\/2025\/12\/img-1.jpg",1920,1080,false],"portraits":["https:\/\/elconquistadorredloslagos.cl\/test\/wp-content\/uploads\/2025\/12\/img-1.jpg",1920,1080,false],"thumbnail":["https:\/\/elconquistadorredloslagos.cl\/test\/wp-content\/uploads\/2025\/12\/img-1-150x150.jpg",150,150,true],"medium":["https:\/\/elconquistadorredloslagos.cl\/test\/wp-content\/uploads\/2025\/12\/img-1-300x169.jpg",300,169,true],"large":["https:\/\/elconquistadorredloslagos.cl\/test\/wp-content\/uploads\/2025\/12\/img-1-1024x576.jpg",1024,576,true],"1536x1536":["https:\/\/elconquistadorredloslagos.cl\/test\/wp-content\/uploads\/2025\/12\/img-1-1536x864.jpg",1536,864,true],"2048x2048":["https:\/\/elconquistadorredloslagos.cl\/test\/wp-content\/uploads\/2025\/12\/img-1.jpg",1920,1080,false]},"rttpg_author":{"display_name":"ccardenas","author_link":"https:\/\/elconquistadorredloslagos.cl\/test\/blog\/author\/ccardenas\/"},"rttpg_comment":0,"rttpg_category":"<a href=\"https:\/\/elconquistadorredloslagos.cl\/test\/blog\/category\/actual\/acontecer\/\" rel=\"category tag\">Acontecer<\/a> <a href=\"https:\/\/elconquistadorredloslagos.cl\/test\/blog\/category\/actual\/\" rel=\"category tag\">Actualidad<\/a> <a href=\"https:\/\/elconquistadorredloslagos.cl\/test\/blog\/category\/chile\/chiloe\/\" rel=\"category tag\">Chilo\u00e9<\/a> <a href=\"https:\/\/elconquistadorredloslagos.cl\/test\/blog\/category\/chile\/\" rel=\"category tag\">Nacional<\/a>","rttpg_excerpt":"El Comit\u00e9 del Patrimonio Ancestral y Territorial de Chilo\u00e9 expres\u00f3 su preocupaci\u00f3n por la inesperada reactivaci\u00f3n de m\u00e1s de 700 mil hect\u00e1reas en solicitudes de ECMPO en Ays\u00e9n, peticiones que..","_links":{"self":[{"href":"https:\/\/elconquistadorredloslagos.cl\/test\/wp-json\/wp\/v2\/posts\/16638","targetHints":{"allow":["GET"]}}],"collection":[{"href":"https:\/\/elconquistadorredloslagos.cl\/test\/wp-json\/wp\/v2\/posts"}],"about":[{"href":"https:\/\/elconquistadorredloslagos.cl\/test\/wp-json\/wp\/v2\/types\/post"}],"author":[{"embeddable":true,"href":"https:\/\/elconquistadorredloslagos.cl\/test\/wp-json\/wp\/v2\/users\/2"}],"replies":[{"embeddable":true,"href":"https:\/\/elconquistadorredloslagos.cl\/test\/wp-json\/wp\/v2\/comments?post=16638"}],"version-history":[{"count":2,"href":"https:\/\/elconquistadorredloslagos.cl\/test\/wp-json\/wp\/v2\/posts\/16638\/revisions"}],"predecessor-version":[{"id":16667,"href":"https:\/\/elconquistadorredloslagos.cl\/test\/wp-json\/wp\/v2\/posts\/16638\/revisions\/16667"}],"wp:featuredmedia":[{"embeddable":true,"href":"https:\/\/elconquistadorredloslagos.cl\/test\/wp-json\/wp\/v2\/media\/16639"}],"wp:attachment":[{"href":"https:\/\/elconquistadorredloslagos.cl\/test\/wp-json\/wp\/v2\/media?parent=16638"}],"wp:term":[{"taxonomy":"category","embeddable":true,"href":"https:\/\/elconquistadorredloslagos.cl\/test\/wp-json\/wp\/v2\/categories?post=16638"},{"taxonomy":"post_tag","embeddable":true,"href":"https:\/\/elconquistadorredloslagos.cl\/test\/wp-json\/wp\/v2\/tags?post=16638"}],"curies":[{"name":"wp","href":"https:\/\/api.w.org\/{rel}","templated":true}]}}