{"id":16474,"date":"2025-11-26T21:59:22","date_gmt":"2025-11-27T00:59:22","guid":{"rendered":"https:\/\/elconquistadorredloslagos.cl\/test\/?p=16474"},"modified":"2025-11-26T21:59:22","modified_gmt":"2025-11-27T00:59:22","slug":"detienen-a-sujeto-que-amenazaba-a-joven-de-16-anos-en-osorno-y-sera-formalizado-este-jueves","status":"publish","type":"post","link":"https:\/\/elconquistadorredloslagos.cl\/test\/blog\/2025\/11\/26\/detienen-a-sujeto-que-amenazaba-a-joven-de-16-anos-en-osorno-y-sera-formalizado-este-jueves\/","title":{"rendered":"Detienen a sujeto que amenazaba a joven de 16 a\u00f1os en Osorno y ser\u00e1 formalizado este jueves"},"content":{"rendered":"\n<p>Detienen a un sujeto que amenazaba a una joven de 16 a\u00f1os en Osorno. La detenci\u00f3n fue realizada por la Polic\u00eda de Investigaciones en la Carretera Austral. El individuo ser\u00e1 formalizado este jueves en el Tribunal Oral en lo Penal de Osorno.<\/p>\n\n\n\n<p>Seg\u00fan los antecedentes preliminares, la investigaci\u00f3n se inici\u00f3 luego de que la familia de la menor denunciara una serie de mensajes intimidatorios que hab\u00edan generado preocupaci\u00f3n por su seguridad. A partir de la denuncia, personal especializado de la PDI llev\u00f3 a cabo diversas diligencias para identificar y ubicar al presunto responsable.<\/p>\n\n\n\n<p>Durante el operativo, los funcionarios policiales lograron interceptar al sospechoso mientras transitaba por la Carretera Austral, procediendo a su detenci\u00f3n sin incidentes. Adem\u00e1s, se indic\u00f3 que su identidad comenz\u00f3 a difundirse entre diversos grupos de vecinos de Osorno, lo que habr\u00eda contribuido a la r\u00e1pida ubicaci\u00f3n del individuo por parte de las autoridades.<\/p>\n\n\n\n<p>Los padres de la joven valoraron la detenci\u00f3n y expresaron su deseo de que la justicia imponga sanciones proporcionales al da\u00f1o causado. Asimismo, se\u00f1alaron que esperan que, de ser declarado culpable, se determinen las medidas legales correspondientes seg\u00fan la normativa vigente respecto a extranjeros involucrados en delitos, que sean expulsados de Chile.<\/p>\n\n\n\n<p>La Fiscal\u00eda local de Osorno confirm\u00f3 que el imputado enfrentar\u00e1 cargos relacionados con amenazas y otros posibles delitos asociados, dependiendo de lo que arrojen las pericias en curso. Se espera que en la audiencia de formalizaci\u00f3n se definan las medidas cautelares solicitadas por el Ministerio P\u00fablico, mientras la investigaci\u00f3n contin\u00faa para esclarecer completamente el caso.<\/p>\n","protected":false},"excerpt":{"rendered":"<p>Detienen a un sujeto que amenazaba a una joven de 16 a\u00f1os en Osorno. La detenci\u00f3n fue realizada por la Polic\u00eda de Investigaciones en la Carretera Austral. El individuo ser\u00e1..<\/p>\n","protected":false},"author":9,"featured_media":16472,"comment_status":"closed","ping_status":"open","sticky":false,"template":"","format":"standard","meta":{"footnotes":""},"categories":[1,28,52,55],"tags":[],"class_list":["post-16474","post","type-post","status-publish","format-standard","has-post-thumbnail","hentry","category-acontecer","category-actual","category-chile","category-osorno"],"rttpg_featured_image_url":{"full":["https:\/\/elconquistadorredloslagos.cl\/test\/wp-content\/uploads\/2025\/11\/img-114.jpg",1920,1080,false],"landscape":["https:\/\/elconquistadorredloslagos.cl\/test\/wp-content\/uploads\/2025\/11\/img-114.jpg",1920,1080,false],"portraits":["https:\/\/elconquistadorredloslagos.cl\/test\/wp-content\/uploads\/2025\/11\/img-114.jpg",1920,1080,false],"thumbnail":["https:\/\/elconquistadorredloslagos.cl\/test\/wp-content\/uploads\/2025\/11\/img-114-150x150.jpg",150,150,true],"medium":["https:\/\/elconquistadorredloslagos.cl\/test\/wp-content\/uploads\/2025\/11\/img-114-300x169.jpg",300,169,true],"large":["https:\/\/elconquistadorredloslagos.cl\/test\/wp-content\/uploads\/2025\/11\/img-114-1024x576.jpg",1024,576,true],"1536x1536":["https:\/\/elconquistadorredloslagos.cl\/test\/wp-content\/uploads\/2025\/11\/img-114-1536x864.jpg",1536,864,true],"2048x2048":["https:\/\/elconquistadorredloslagos.cl\/test\/wp-content\/uploads\/2025\/11\/img-114.jpg",1920,1080,false]},"rttpg_author":{"display_name":"mcifuentes","author_link":"https:\/\/elconquistadorredloslagos.cl\/test\/blog\/author\/mcifuentes\/"},"rttpg_comment":0,"rttpg_category":"<a href=\"https:\/\/elconquistadorredloslagos.cl\/test\/blog\/category\/actual\/acontecer\/\" rel=\"category tag\">Acontecer<\/a> <a href=\"https:\/\/elconquistadorredloslagos.cl\/test\/blog\/category\/actual\/\" rel=\"category tag\">Actualidad<\/a> <a href=\"https:\/\/elconquistadorredloslagos.cl\/test\/blog\/category\/chile\/\" rel=\"category tag\">Nacional<\/a> <a href=\"https:\/\/elconquistadorredloslagos.cl\/test\/blog\/category\/chile\/osorno\/\" rel=\"category tag\">Osorno<\/a>","rttpg_excerpt":"Detienen a un sujeto que amenazaba a una joven de 16 a\u00f1os en Osorno. La detenci\u00f3n fue realizada por la Polic\u00eda de Investigaciones en la Carretera Austral. El individuo ser\u00e1..","_links":{"self":[{"href":"https:\/\/elconquistadorredloslagos.cl\/test\/wp-json\/wp\/v2\/posts\/16474","targetHints":{"allow":["GET"]}}],"collection":[{"href":"https:\/\/elconquistadorredloslagos.cl\/test\/wp-json\/wp\/v2\/posts"}],"about":[{"href":"https:\/\/elconquistadorredloslagos.cl\/test\/wp-json\/wp\/v2\/types\/post"}],"author":[{"embeddable":true,"href":"https:\/\/elconquistadorredloslagos.cl\/test\/wp-json\/wp\/v2\/users\/9"}],"replies":[{"embeddable":true,"href":"https:\/\/elconquistadorredloslagos.cl\/test\/wp-json\/wp\/v2\/comments?post=16474"}],"version-history":[{"count":1,"href":"https:\/\/elconquistadorredloslagos.cl\/test\/wp-json\/wp\/v2\/posts\/16474\/revisions"}],"predecessor-version":[{"id":16475,"href":"https:\/\/elconquistadorredloslagos.cl\/test\/wp-json\/wp\/v2\/posts\/16474\/revisions\/16475"}],"wp:featuredmedia":[{"embeddable":true,"href":"https:\/\/elconquistadorredloslagos.cl\/test\/wp-json\/wp\/v2\/media\/16472"}],"wp:attachment":[{"href":"https:\/\/elconquistadorredloslagos.cl\/test\/wp-json\/wp\/v2\/media?parent=16474"}],"wp:term":[{"taxonomy":"category","embeddable":true,"href":"https:\/\/elconquistadorredloslagos.cl\/test\/wp-json\/wp\/v2\/categories?post=16474"},{"taxonomy":"post_tag","embeddable":true,"href":"https:\/\/elconquistadorredloslagos.cl\/test\/wp-json\/wp\/v2\/tags?post=16474"}],"curies":[{"name":"wp","href":"https:\/\/api.w.org\/{rel}","templated":true}]}}