{"id":16470,"date":"2025-11-26T18:34:26","date_gmt":"2025-11-26T21:34:26","guid":{"rendered":"https:\/\/elconquistadorredloslagos.cl\/test\/?p=16470"},"modified":"2025-11-26T18:34:27","modified_gmt":"2025-11-26T21:34:27","slug":"detienen-en-la-carretera-austral-a-sospechoso-acusado-de-acosar-a-adolescente-en-osorno","status":"publish","type":"post","link":"https:\/\/elconquistadorredloslagos.cl\/test\/blog\/2025\/11\/26\/detienen-en-la-carretera-austral-a-sospechoso-acusado-de-acosar-a-adolescente-en-osorno\/","title":{"rendered":"Detienen en la Carretera Austral a sospechoso acusado de acosar a adolescente en Osorno"},"content":{"rendered":"\n<p>Un hombre de nacionalidad venezolana fue detenido este mi\u00e9rcoles por la Polic\u00eda de Investigaciones tras ser acusado de acosar y amenazar a una adolescente de 16 a\u00f1os en Osorno. La captura se concret\u00f3 en la Carretera Austral, donde funcionarios de la Brigada de Delitos Sexuales lograron ubicarlo luego de un trabajo investigativo que incluy\u00f3 un equipo multidisciplinario.<\/p>\n\n\n\n<p>La b\u00fasqueda se hab\u00eda intensificado durante la jornada, luego de que la Fiscal\u00eda Local de Osorno solicitara la colaboraci\u00f3n de la comunidad para dar con el paradero del sospechoso, quien manten\u00eda una orden de detenci\u00f3n vigente. Horas m\u00e1s tarde, la PDI confirm\u00f3 su aprehensi\u00f3n a trav\u00e9s de sus redes sociales.<\/p>\n\n\n\n<p>El caso tom\u00f3 notoriedad p\u00fablica gracias al testimonio de Bel\u00e9n Castillo, hermana de la v\u00edctima, quien relat\u00f3 que el sujeto habr\u00eda merodeado la vivienda familiar, enviado im\u00e1genes de armas y hasta intentado retirar a la menor de su establecimiento educacional mediante un correo electr\u00f3nico fraudulento.<\/p>\n\n\n\n<p>Aunque la identidad formal del detenido a\u00fan no ha sido confirmada por el Ministerio P\u00fablico, la familia hab\u00eda se\u00f1alado previamente a un hombre identificado como C\u00e9sar Alejandro Vivas Becerra como el presunto responsable.<\/p>\n\n\n\n<p>AQU\u00cd EL MOMENTO DE LA DETENCI\u00d3N \ud83c\udfa5<\/p>\n\n\n\n<figure class=\"wp-block-video\"><video height=\"1080\" style=\"aspect-ratio: 1920 \/ 1080;\" width=\"1920\" controls src=\"https:\/\/elconquistadorredloslagos.cl\/test\/wp-content\/uploads\/2025\/11\/PDI1.mp4\"><\/video><\/figure>\n","protected":false},"excerpt":{"rendered":"<p>Un hombre de nacionalidad venezolana fue detenido este mi\u00e9rcoles por la Polic\u00eda de Investigaciones tras ser acusado de acosar y amenazar a una adolescente de 16 a\u00f1os en Osorno. La..<\/p>\n","protected":false},"author":2,"featured_media":16472,"comment_status":"closed","ping_status":"open","sticky":false,"template":"","format":"standard","meta":{"footnotes":""},"categories":[1,28,55],"tags":[],"class_list":["post-16470","post","type-post","status-publish","format-standard","has-post-thumbnail","hentry","category-acontecer","category-actual","category-osorno"],"rttpg_featured_image_url":{"full":["https:\/\/elconquistadorredloslagos.cl\/test\/wp-content\/uploads\/2025\/11\/img-114.jpg",1920,1080,false],"landscape":["https:\/\/elconquistadorredloslagos.cl\/test\/wp-content\/uploads\/2025\/11\/img-114.jpg",1920,1080,false],"portraits":["https:\/\/elconquistadorredloslagos.cl\/test\/wp-content\/uploads\/2025\/11\/img-114.jpg",1920,1080,false],"thumbnail":["https:\/\/elconquistadorredloslagos.cl\/test\/wp-content\/uploads\/2025\/11\/img-114-150x150.jpg",150,150,true],"medium":["https:\/\/elconquistadorredloslagos.cl\/test\/wp-content\/uploads\/2025\/11\/img-114-300x169.jpg",300,169,true],"large":["https:\/\/elconquistadorredloslagos.cl\/test\/wp-content\/uploads\/2025\/11\/img-114-1024x576.jpg",1024,576,true],"1536x1536":["https:\/\/elconquistadorredloslagos.cl\/test\/wp-content\/uploads\/2025\/11\/img-114-1536x864.jpg",1536,864,true],"2048x2048":["https:\/\/elconquistadorredloslagos.cl\/test\/wp-content\/uploads\/2025\/11\/img-114.jpg",1920,1080,false]},"rttpg_author":{"display_name":"ccardenas","author_link":"https:\/\/elconquistadorredloslagos.cl\/test\/blog\/author\/ccardenas\/"},"rttpg_comment":0,"rttpg_category":"<a href=\"https:\/\/elconquistadorredloslagos.cl\/test\/blog\/category\/actual\/acontecer\/\" rel=\"category tag\">Acontecer<\/a> <a href=\"https:\/\/elconquistadorredloslagos.cl\/test\/blog\/category\/actual\/\" rel=\"category tag\">Actualidad<\/a> <a href=\"https:\/\/elconquistadorredloslagos.cl\/test\/blog\/category\/chile\/osorno\/\" rel=\"category tag\">Osorno<\/a>","rttpg_excerpt":"Un hombre de nacionalidad venezolana fue detenido este mi\u00e9rcoles por la Polic\u00eda de Investigaciones tras ser acusado de acosar y amenazar a una adolescente de 16 a\u00f1os en Osorno. La..","_links":{"self":[{"href":"https:\/\/elconquistadorredloslagos.cl\/test\/wp-json\/wp\/v2\/posts\/16470","targetHints":{"allow":["GET"]}}],"collection":[{"href":"https:\/\/elconquistadorredloslagos.cl\/test\/wp-json\/wp\/v2\/posts"}],"about":[{"href":"https:\/\/elconquistadorredloslagos.cl\/test\/wp-json\/wp\/v2\/types\/post"}],"author":[{"embeddable":true,"href":"https:\/\/elconquistadorredloslagos.cl\/test\/wp-json\/wp\/v2\/users\/2"}],"replies":[{"embeddable":true,"href":"https:\/\/elconquistadorredloslagos.cl\/test\/wp-json\/wp\/v2\/comments?post=16470"}],"version-history":[{"count":1,"href":"https:\/\/elconquistadorredloslagos.cl\/test\/wp-json\/wp\/v2\/posts\/16470\/revisions"}],"predecessor-version":[{"id":16473,"href":"https:\/\/elconquistadorredloslagos.cl\/test\/wp-json\/wp\/v2\/posts\/16470\/revisions\/16473"}],"wp:featuredmedia":[{"embeddable":true,"href":"https:\/\/elconquistadorredloslagos.cl\/test\/wp-json\/wp\/v2\/media\/16472"}],"wp:attachment":[{"href":"https:\/\/elconquistadorredloslagos.cl\/test\/wp-json\/wp\/v2\/media?parent=16470"}],"wp:term":[{"taxonomy":"category","embeddable":true,"href":"https:\/\/elconquistadorredloslagos.cl\/test\/wp-json\/wp\/v2\/categories?post=16470"},{"taxonomy":"post_tag","embeddable":true,"href":"https:\/\/elconquistadorredloslagos.cl\/test\/wp-json\/wp\/v2\/tags?post=16470"}],"curies":[{"name":"wp","href":"https:\/\/api.w.org\/{rel}","templated":true}]}}