{"id":16462,"date":"2025-11-26T16:28:12","date_gmt":"2025-11-26T19:28:12","guid":{"rendered":"https:\/\/elconquistadorredloslagos.cl\/test\/?p=16462"},"modified":"2025-11-26T16:30:20","modified_gmt":"2025-11-26T19:30:20","slug":"saesa-refuerza-su-labor-preventiva-para-asegurar-la-continuidad-del-suministro-electrico-durante-el-verano","status":"publish","type":"post","link":"https:\/\/elconquistadorredloslagos.cl\/test\/blog\/2025\/11\/26\/saesa-refuerza-su-labor-preventiva-para-asegurar-la-continuidad-del-suministro-electrico-durante-el-verano\/","title":{"rendered":"Saesa refuerza su labor preventiva para asegurar la continuidad del suministro el\u00e9ctrico durante el verano"},"content":{"rendered":"\n<h3 class=\"wp-block-heading\">Con el objetivo de garantizar un servicio el\u00e9ctrico seguro y continuo durante la temporada de verano, Saesa est\u00e1 intensificando su trabajo preventivo en terreno, en un contexto marcado por el aumento de eventos clim\u00e1ticos asociados al cambio clim\u00e1tico.<\/h3>\n\n\n\n<p>La compa\u00f1\u00eda contempla para este periodo la <strong>inspecci\u00f3n y mantenimiento de m\u00e1s de 300 kil\u00f3metros de redes<\/strong>. Adem\u00e1s, est\u00e1 utilizando tecnolog\u00edas basadas en <strong>inteligencia artificial<\/strong> y sistemas de <strong>maniobras remotas<\/strong> que permiten acortar tiempos de respuesta ante posibles contingencias. A estas acciones se suma el despliegue reforzado de brigadas t\u00e9cnicas en zonas catalogadas como cr\u00edticas, buscando minimizar el impacto de condiciones meteorol\u00f3gicas adversas sobre la infraestructura el\u00e9ctrica.<\/p>\n\n\n\n<p>\u201cLos cambios en los patrones del clima, como el aumento de las temperaturas, los vientos intensos y la mayor presencia de vegetaci\u00f3n seca, representan un desaf\u00edo creciente para la distribuci\u00f3n el\u00e9ctrica. Por eso estamos fortaleciendo nuestras redes y procesos para anticiparnos a esta realidad\u201d, explic\u00f3 <strong>Francisco Fern\u00e1ndez, jefe de Servicio al Cliente de Saesa en Puerto Montt<\/strong>.<\/p>\n\n\n\n<figure class=\"wp-block-audio\"><audio controls src=\"https:\/\/elconquistadorredloslagos.cl\/test\/wp-content\/uploads\/2025\/11\/Francisco-Fernandez-Jefe-Servicio-al-Cliente-Saesa-Cuna-1-2.ogg\"><\/audio><\/figure>\n\n\n\n<p>Uno de los ejes principales del plan es el <strong>despeje de vegetaci\u00f3n cercana a las l\u00edneas el\u00e9ctricas<\/strong>, especialmente aquella que ha sido plantada de forma irregular por terceros. Esta labor es particularmente compleja debido a la geograf\u00eda diversa de las zonas donde opera la empresa, por lo que Saesa ha reforzado la coordinaci\u00f3n con autoridades locales, juntas de vecinos y comunidades.<\/p>\n\n\n\n<p>\u201cEl cuidado de la red el\u00e9ctrica es una responsabilidad compartida. Invitamos a nuestros vecinos a colaborar evitando plantar o construir bajo el tendido, y permitiendo el ingreso de nuestras brigadas cuando sea necesario. Estos gestos simples ayudan a prevenir interrupciones y riesgos el\u00e9ctricos\u201d, agreg\u00f3 Fern\u00e1ndez.<\/p>\n\n\n\n<figure class=\"wp-block-audio\"><audio controls src=\"https:\/\/elconquistadorredloslagos.cl\/test\/wp-content\/uploads\/2025\/11\/Francisco-Fernandez-Jefe-Servicio-al-Cliente-Saesa-Cuna-2.ogg\"><\/audio><\/figure>\n\n\n\n<p>Como parte de su compromiso con la gesti\u00f3n de riesgos y la adaptaci\u00f3n al cambio clim\u00e1tico, Saesa participa activamente en los <strong>Comit\u00e9s Regionales de Gesti\u00f3n de Desastres (Cogrid)<\/strong> y mantiene coordinaci\u00f3n permanente con la <strong>Superintendencia de Electricidad y Combustibles (SEC)<\/strong> y autoridades locales. Adem\u00e1s, se han actualizado los protocolos de respuesta y fortalecido los canales de contacto, dando especial prioridad a <strong>clientes electrodependientes<\/strong> y servicios esenciales.<\/p>\n\n\n\n<hr class=\"wp-block-separator has-alpha-channel-opacity\" \/>\n\n\n\n<h3 class=\"wp-block-heading\"><strong>Canales de contacto para clientes<\/strong><\/h3>\n\n\n\n<ul class=\"wp-block-list\">\n<li>Bot\u00f3n <strong>\u201cEstoy sin luz\u201d<\/strong> en sitio web y app<\/li>\n\n\n\n<li>Facebook: <strong>@Saesa<\/strong><\/li>\n\n\n\n<li>X (Twitter): <strong>@Saesa<\/strong><\/li>\n\n\n\n<li>L\u00ednea gratuita: <strong>800 600 801<\/strong><\/li>\n<\/ul>\n\n\n\n<figure class=\"wp-block-image size-large\"><img loading=\"lazy\" decoding=\"async\" width=\"698\" height=\"1024\" src=\"https:\/\/elconquistadorredloslagos.cl\/test\/wp-content\/uploads\/2025\/11\/SAESA-2-698x1024.jpg\" alt=\"\" class=\"wp-image-16465\" \/><\/figure>\n\n\n\n<figure class=\"wp-block-image size-large\"><img loading=\"lazy\" decoding=\"async\" width=\"683\" height=\"1024\" src=\"https:\/\/elconquistadorredloslagos.cl\/test\/wp-content\/uploads\/2025\/11\/SAESA-1-683x1024.jpg\" alt=\"\" class=\"wp-image-16466\" \/><\/figure>\n","protected":false},"excerpt":{"rendered":"<p>Con el objetivo de garantizar un servicio el\u00e9ctrico seguro y continuo durante la temporada de verano, Saesa est\u00e1 intensificando su trabajo preventivo en terreno, en un contexto marcado por el..<\/p>\n","protected":false},"author":9,"featured_media":16464,"comment_status":"closed","ping_status":"open","sticky":false,"template":"","format":"standard","meta":{"footnotes":""},"categories":[1,28,26,39,25,56,27,29],"tags":[],"class_list":["post-16462","post","type-post","status-publish","format-standard","has-post-thumbnail","hentry","category-acontecer","category-actual","category-comunidad","category-educacion","category-empresas","category-puerto-montt","category-tecnologia","category-turismo"],"rttpg_featured_image_url":{"full":["https:\/\/elconquistadorredloslagos.cl\/test\/wp-content\/uploads\/2025\/11\/grupo-saesa-emergencias-climaticas-750x400-1.jpg",1920,1024,false],"landscape":["https:\/\/elconquistadorredloslagos.cl\/test\/wp-content\/uploads\/2025\/11\/grupo-saesa-emergencias-climaticas-750x400-1.jpg",1920,1024,false],"portraits":["https:\/\/elconquistadorredloslagos.cl\/test\/wp-content\/uploads\/2025\/11\/grupo-saesa-emergencias-climaticas-750x400-1.jpg",1920,1024,false],"thumbnail":["https:\/\/elconquistadorredloslagos.cl\/test\/wp-content\/uploads\/2025\/11\/grupo-saesa-emergencias-climaticas-750x400-1-150x150.jpg",150,150,true],"medium":["https:\/\/elconquistadorredloslagos.cl\/test\/wp-content\/uploads\/2025\/11\/grupo-saesa-emergencias-climaticas-750x400-1-300x160.jpg",300,160,true],"large":["https:\/\/elconquistadorredloslagos.cl\/test\/wp-content\/uploads\/2025\/11\/grupo-saesa-emergencias-climaticas-750x400-1-1024x546.jpg",1024,546,true],"1536x1536":["https:\/\/elconquistadorredloslagos.cl\/test\/wp-content\/uploads\/2025\/11\/grupo-saesa-emergencias-climaticas-750x400-1-1536x819.jpg",1536,819,true],"2048x2048":["https:\/\/elconquistadorredloslagos.cl\/test\/wp-content\/uploads\/2025\/11\/grupo-saesa-emergencias-climaticas-750x400-1.jpg",1920,1024,false]},"rttpg_author":{"display_name":"mcifuentes","author_link":"https:\/\/elconquistadorredloslagos.cl\/test\/blog\/author\/mcifuentes\/"},"rttpg_comment":0,"rttpg_category":"<a href=\"https:\/\/elconquistadorredloslagos.cl\/test\/blog\/category\/actual\/acontecer\/\" rel=\"category tag\">Acontecer<\/a> <a href=\"https:\/\/elconquistadorredloslagos.cl\/test\/blog\/category\/actual\/\" rel=\"category tag\">Actualidad<\/a> <a href=\"https:\/\/elconquistadorredloslagos.cl\/test\/blog\/category\/comunidad\/\" rel=\"category tag\">Comunidad<\/a> <a href=\"https:\/\/elconquistadorredloslagos.cl\/test\/blog\/category\/actual\/educacion\/\" rel=\"category tag\">Educaci\u00f3n<\/a> <a href=\"https:\/\/elconquistadorredloslagos.cl\/test\/blog\/category\/empresas\/\" rel=\"category tag\">Empresarial<\/a> <a href=\"https:\/\/elconquistadorredloslagos.cl\/test\/blog\/category\/chile\/puerto-montt\/\" rel=\"category tag\">Puerto Montt<\/a> <a href=\"https:\/\/elconquistadorredloslagos.cl\/test\/blog\/category\/actual\/tecnologia\/\" rel=\"category tag\">Tecnologias<\/a> <a href=\"https:\/\/elconquistadorredloslagos.cl\/test\/blog\/category\/actual\/turismo\/\" rel=\"category tag\">Turismo<\/a>","rttpg_excerpt":"Con el objetivo de garantizar un servicio el\u00e9ctrico seguro y continuo durante la temporada de verano, Saesa est\u00e1 intensificando su trabajo preventivo en terreno, en un contexto marcado por el..","_links":{"self":[{"href":"https:\/\/elconquistadorredloslagos.cl\/test\/wp-json\/wp\/v2\/posts\/16462","targetHints":{"allow":["GET"]}}],"collection":[{"href":"https:\/\/elconquistadorredloslagos.cl\/test\/wp-json\/wp\/v2\/posts"}],"about":[{"href":"https:\/\/elconquistadorredloslagos.cl\/test\/wp-json\/wp\/v2\/types\/post"}],"author":[{"embeddable":true,"href":"https:\/\/elconquistadorredloslagos.cl\/test\/wp-json\/wp\/v2\/users\/9"}],"replies":[{"embeddable":true,"href":"https:\/\/elconquistadorredloslagos.cl\/test\/wp-json\/wp\/v2\/comments?post=16462"}],"version-history":[{"count":2,"href":"https:\/\/elconquistadorredloslagos.cl\/test\/wp-json\/wp\/v2\/posts\/16462\/revisions"}],"predecessor-version":[{"id":16469,"href":"https:\/\/elconquistadorredloslagos.cl\/test\/wp-json\/wp\/v2\/posts\/16462\/revisions\/16469"}],"wp:featuredmedia":[{"embeddable":true,"href":"https:\/\/elconquistadorredloslagos.cl\/test\/wp-json\/wp\/v2\/media\/16464"}],"wp:attachment":[{"href":"https:\/\/elconquistadorredloslagos.cl\/test\/wp-json\/wp\/v2\/media?parent=16462"}],"wp:term":[{"taxonomy":"category","embeddable":true,"href":"https:\/\/elconquistadorredloslagos.cl\/test\/wp-json\/wp\/v2\/categories?post=16462"},{"taxonomy":"post_tag","embeddable":true,"href":"https:\/\/elconquistadorredloslagos.cl\/test\/wp-json\/wp\/v2\/tags?post=16462"}],"curies":[{"name":"wp","href":"https:\/\/api.w.org\/{rel}","templated":true}]}}