{"id":16459,"date":"2025-11-26T14:03:49","date_gmt":"2025-11-26T17:03:49","guid":{"rendered":"https:\/\/elconquistadorredloslagos.cl\/test\/?p=16459"},"modified":"2025-11-26T14:03:49","modified_gmt":"2025-11-26T17:03:49","slug":"el-pulpo-navideno-vuelve-al-mall-de-puerto-montt-tras-presion-del-publico","status":"publish","type":"post","link":"https:\/\/elconquistadorredloslagos.cl\/test\/blog\/2025\/11\/26\/el-pulpo-navideno-vuelve-al-mall-de-puerto-montt-tras-presion-del-publico\/","title":{"rendered":"El pulpo navide\u00f1o vuelve al mall de Puerto Montt tras presi\u00f3n del p\u00fablico"},"content":{"rendered":"\n<p>El llamativo pulpo navide\u00f1o del mall Paseo Costanera de Puerto Montt volvi\u00f3 a ocupar su lugar en el hall central, luego de que una oleada de apoyo en redes sociales revirtiera su retiro inicial. La figura, un pulpo rojo de gran tama\u00f1o con gorro de Navidad y adornos en sus tent\u00e1culos, hab\u00eda sido instalada la semana pasada entre el primer y segundo piso del recinto, generando de inmediato una mezcla de cr\u00edticas, humor y comentarios virales.<\/p>\n\n\n\n<p>Frente a los cuestionamientos, la administraci\u00f3n del centro comercial decidi\u00f3 retirarlo de manera temporal. No obstante, la reacci\u00f3n del p\u00fablico dio un giro inesperado: usuarios de distintas plataformas comenzaron a destacar su originalidad y v\u00ednculo con la identidad local, impulsando una campa\u00f1a espont\u00e1nea para su regreso.<\/p>\n\n\n\n<p>Desde Pasmar, empresa controladora del mall, se\u00f1alaron que la figura super\u00f3 todas las expectativas. Indicaron que, aunque al principio recibieron comentarios adversos, pronto surgi\u00f3 un amplio respaldo ciudadano, tanto en redes como de forma presencial. La compa\u00f1\u00eda a\u00f1adi\u00f3 que el pulpo fue adoptado incluso por comunidades neurodivergentes como s\u00edmbolo de inclusi\u00f3n y comunicaci\u00f3n diversa, un factor considerado en la propuesta decorativa.<\/p>\n\n\n\n<p>Con este respaldo, la empresa decidi\u00f3 reinstalar la figura, enfatizando que la Navidad puede celebrarse con cercan\u00eda, diversidad y un sello propio. El pulpo se suma as\u00ed a otras llamativas decoraciones que han mantenido a Puerto Montt en el centro de la conversaci\u00f3n p\u00fablica durante estas fiestas.<\/p>\n\n\n\n<p>\ud83d\udcf7 Redes Sociales<\/p>\n","protected":false},"excerpt":{"rendered":"<p>El llamativo pulpo navide\u00f1o del mall Paseo Costanera de Puerto Montt volvi\u00f3 a ocupar su lugar en el hall central, luego de que una oleada de apoyo en redes sociales..<\/p>\n","protected":false},"author":2,"featured_media":16460,"comment_status":"closed","ping_status":"open","sticky":false,"template":"","format":"standard","meta":{"footnotes":""},"categories":[1,28,56],"tags":[],"class_list":["post-16459","post","type-post","status-publish","format-standard","has-post-thumbnail","hentry","category-acontecer","category-actual","category-puerto-montt"],"rttpg_featured_image_url":{"full":["https:\/\/elconquistadorredloslagos.cl\/test\/wp-content\/uploads\/2025\/11\/img-113.jpg",1920,1080,false],"landscape":["https:\/\/elconquistadorredloslagos.cl\/test\/wp-content\/uploads\/2025\/11\/img-113.jpg",1920,1080,false],"portraits":["https:\/\/elconquistadorredloslagos.cl\/test\/wp-content\/uploads\/2025\/11\/img-113.jpg",1920,1080,false],"thumbnail":["https:\/\/elconquistadorredloslagos.cl\/test\/wp-content\/uploads\/2025\/11\/img-113-150x150.jpg",150,150,true],"medium":["https:\/\/elconquistadorredloslagos.cl\/test\/wp-content\/uploads\/2025\/11\/img-113-300x169.jpg",300,169,true],"large":["https:\/\/elconquistadorredloslagos.cl\/test\/wp-content\/uploads\/2025\/11\/img-113-1024x576.jpg",1024,576,true],"1536x1536":["https:\/\/elconquistadorredloslagos.cl\/test\/wp-content\/uploads\/2025\/11\/img-113-1536x864.jpg",1536,864,true],"2048x2048":["https:\/\/elconquistadorredloslagos.cl\/test\/wp-content\/uploads\/2025\/11\/img-113.jpg",1920,1080,false]},"rttpg_author":{"display_name":"ccardenas","author_link":"https:\/\/elconquistadorredloslagos.cl\/test\/blog\/author\/ccardenas\/"},"rttpg_comment":0,"rttpg_category":"<a href=\"https:\/\/elconquistadorredloslagos.cl\/test\/blog\/category\/actual\/acontecer\/\" rel=\"category tag\">Acontecer<\/a> <a href=\"https:\/\/elconquistadorredloslagos.cl\/test\/blog\/category\/actual\/\" rel=\"category tag\">Actualidad<\/a> <a href=\"https:\/\/elconquistadorredloslagos.cl\/test\/blog\/category\/chile\/puerto-montt\/\" rel=\"category tag\">Puerto Montt<\/a>","rttpg_excerpt":"El llamativo pulpo navide\u00f1o del mall Paseo Costanera de Puerto Montt volvi\u00f3 a ocupar su lugar en el hall central, luego de que una oleada de apoyo en redes sociales..","_links":{"self":[{"href":"https:\/\/elconquistadorredloslagos.cl\/test\/wp-json\/wp\/v2\/posts\/16459","targetHints":{"allow":["GET"]}}],"collection":[{"href":"https:\/\/elconquistadorredloslagos.cl\/test\/wp-json\/wp\/v2\/posts"}],"about":[{"href":"https:\/\/elconquistadorredloslagos.cl\/test\/wp-json\/wp\/v2\/types\/post"}],"author":[{"embeddable":true,"href":"https:\/\/elconquistadorredloslagos.cl\/test\/wp-json\/wp\/v2\/users\/2"}],"replies":[{"embeddable":true,"href":"https:\/\/elconquistadorredloslagos.cl\/test\/wp-json\/wp\/v2\/comments?post=16459"}],"version-history":[{"count":1,"href":"https:\/\/elconquistadorredloslagos.cl\/test\/wp-json\/wp\/v2\/posts\/16459\/revisions"}],"predecessor-version":[{"id":16461,"href":"https:\/\/elconquistadorredloslagos.cl\/test\/wp-json\/wp\/v2\/posts\/16459\/revisions\/16461"}],"wp:featuredmedia":[{"embeddable":true,"href":"https:\/\/elconquistadorredloslagos.cl\/test\/wp-json\/wp\/v2\/media\/16460"}],"wp:attachment":[{"href":"https:\/\/elconquistadorredloslagos.cl\/test\/wp-json\/wp\/v2\/media?parent=16459"}],"wp:term":[{"taxonomy":"category","embeddable":true,"href":"https:\/\/elconquistadorredloslagos.cl\/test\/wp-json\/wp\/v2\/categories?post=16459"},{"taxonomy":"post_tag","embeddable":true,"href":"https:\/\/elconquistadorredloslagos.cl\/test\/wp-json\/wp\/v2\/tags?post=16459"}],"curies":[{"name":"wp","href":"https:\/\/api.w.org\/{rel}","templated":true}]}}