{"id":16455,"date":"2025-11-26T13:54:17","date_gmt":"2025-11-26T16:54:17","guid":{"rendered":"https:\/\/elconquistadorredloslagos.cl\/test\/?p=16455"},"modified":"2025-11-26T13:54:18","modified_gmt":"2025-11-26T16:54:18","slug":"bahia-mansa-a-victimas-de-tragedia-en-antofagasta","status":"publish","type":"post","link":"https:\/\/elconquistadorredloslagos.cl\/test\/blog\/2025\/11\/26\/bahia-mansa-a-victimas-de-tragedia-en-antofagasta\/","title":{"rendered":"Bah\u00eda Mansa a v\u00edctimas de tragedia en Antofagasta"},"content":{"rendered":"\n<p>En la madrugada de este mi\u00e9rcoles 26 de noviembre arrib\u00f3 a Osorno el cortejo que traslad\u00f3 los cuerpos de Mar\u00eda Sonia del Carmen Dom\u00ednguez Escobar y Brendalid Odett Dom\u00ednguez Escobar, v\u00edctimas del fatal choque entre dos buses ocurrido en el cruce Paposo, en la Regi\u00f3n de Antofagasta. El accidente, registrado el s\u00e1bado 22, dej\u00f3 cuatro fallecidos y diez heridos, entre ellos Ren\u00e9 Mart\u00ednez, cu\u00f1ado de ambas, quien contin\u00faa en estado de coma.<\/p>\n\n\n\n<p>El retorno de las v\u00edctimas estuvo marcado por retrasos y complejidades en el trayecto, pues inicialmente se esperaba que los restos llegaran el lunes 24 de noviembre. Finalmente, el cortejo ingres\u00f3 a la provincia alrededor de las dos de la madrugada.<\/p>\n\n\n\n<p>Las dos mujeres fueron llevadas hasta la Iglesia Pentecostal de Bah\u00eda Mansa, en San Juan de la Costa, comuna a la que pertenec\u00edan y donde se desarrollar\u00e1 su velorio. Sus funerales est\u00e1n programados para este jueves 27 de noviembre a las 10:00 horas, ocasi\u00f3n en la que la comunidad podr\u00e1 despedirlas tras la tragedia que ha generado profundo impacto en la zona.<\/p>\n\n\n\n<p>\ud83d\udcf7 Redes Sociales<\/p>\n","protected":false},"excerpt":{"rendered":"<p>En la madrugada de este mi\u00e9rcoles 26 de noviembre arrib\u00f3 a Osorno el cortejo que traslad\u00f3 los cuerpos de Mar\u00eda Sonia del Carmen Dom\u00ednguez Escobar y Brendalid Odett Dom\u00ednguez Escobar,..<\/p>\n","protected":false},"author":2,"featured_media":16456,"comment_status":"closed","ping_status":"open","sticky":false,"template":"","format":"standard","meta":{"footnotes":""},"categories":[1,28,52,55],"tags":[],"class_list":["post-16455","post","type-post","status-publish","format-standard","has-post-thumbnail","hentry","category-acontecer","category-actual","category-chile","category-osorno"],"rttpg_featured_image_url":{"full":["https:\/\/elconquistadorredloslagos.cl\/test\/wp-content\/uploads\/2025\/11\/img-112.jpg",1920,1080,false],"landscape":["https:\/\/elconquistadorredloslagos.cl\/test\/wp-content\/uploads\/2025\/11\/img-112.jpg",1920,1080,false],"portraits":["https:\/\/elconquistadorredloslagos.cl\/test\/wp-content\/uploads\/2025\/11\/img-112.jpg",1920,1080,false],"thumbnail":["https:\/\/elconquistadorredloslagos.cl\/test\/wp-content\/uploads\/2025\/11\/img-112-150x150.jpg",150,150,true],"medium":["https:\/\/elconquistadorredloslagos.cl\/test\/wp-content\/uploads\/2025\/11\/img-112-300x169.jpg",300,169,true],"large":["https:\/\/elconquistadorredloslagos.cl\/test\/wp-content\/uploads\/2025\/11\/img-112-1024x576.jpg",1024,576,true],"1536x1536":["https:\/\/elconquistadorredloslagos.cl\/test\/wp-content\/uploads\/2025\/11\/img-112-1536x864.jpg",1536,864,true],"2048x2048":["https:\/\/elconquistadorredloslagos.cl\/test\/wp-content\/uploads\/2025\/11\/img-112.jpg",1920,1080,false]},"rttpg_author":{"display_name":"ccardenas","author_link":"https:\/\/elconquistadorredloslagos.cl\/test\/blog\/author\/ccardenas\/"},"rttpg_comment":0,"rttpg_category":"<a href=\"https:\/\/elconquistadorredloslagos.cl\/test\/blog\/category\/actual\/acontecer\/\" rel=\"category tag\">Acontecer<\/a> <a href=\"https:\/\/elconquistadorredloslagos.cl\/test\/blog\/category\/actual\/\" rel=\"category tag\">Actualidad<\/a> <a href=\"https:\/\/elconquistadorredloslagos.cl\/test\/blog\/category\/chile\/\" rel=\"category tag\">Nacional<\/a> <a href=\"https:\/\/elconquistadorredloslagos.cl\/test\/blog\/category\/chile\/osorno\/\" rel=\"category tag\">Osorno<\/a>","rttpg_excerpt":"En la madrugada de este mi\u00e9rcoles 26 de noviembre arrib\u00f3 a Osorno el cortejo que traslad\u00f3 los cuerpos de Mar\u00eda Sonia del Carmen Dom\u00ednguez Escobar y Brendalid Odett Dom\u00ednguez Escobar,..","_links":{"self":[{"href":"https:\/\/elconquistadorredloslagos.cl\/test\/wp-json\/wp\/v2\/posts\/16455","targetHints":{"allow":["GET"]}}],"collection":[{"href":"https:\/\/elconquistadorredloslagos.cl\/test\/wp-json\/wp\/v2\/posts"}],"about":[{"href":"https:\/\/elconquistadorredloslagos.cl\/test\/wp-json\/wp\/v2\/types\/post"}],"author":[{"embeddable":true,"href":"https:\/\/elconquistadorredloslagos.cl\/test\/wp-json\/wp\/v2\/users\/2"}],"replies":[{"embeddable":true,"href":"https:\/\/elconquistadorredloslagos.cl\/test\/wp-json\/wp\/v2\/comments?post=16455"}],"version-history":[{"count":1,"href":"https:\/\/elconquistadorredloslagos.cl\/test\/wp-json\/wp\/v2\/posts\/16455\/revisions"}],"predecessor-version":[{"id":16457,"href":"https:\/\/elconquistadorredloslagos.cl\/test\/wp-json\/wp\/v2\/posts\/16455\/revisions\/16457"}],"wp:featuredmedia":[{"embeddable":true,"href":"https:\/\/elconquistadorredloslagos.cl\/test\/wp-json\/wp\/v2\/media\/16456"}],"wp:attachment":[{"href":"https:\/\/elconquistadorredloslagos.cl\/test\/wp-json\/wp\/v2\/media?parent=16455"}],"wp:term":[{"taxonomy":"category","embeddable":true,"href":"https:\/\/elconquistadorredloslagos.cl\/test\/wp-json\/wp\/v2\/categories?post=16455"},{"taxonomy":"post_tag","embeddable":true,"href":"https:\/\/elconquistadorredloslagos.cl\/test\/wp-json\/wp\/v2\/tags?post=16455"}],"curies":[{"name":"wp","href":"https:\/\/api.w.org\/{rel}","templated":true}]}}