{"id":16452,"date":"2025-11-26T13:44:07","date_gmt":"2025-11-26T16:44:07","guid":{"rendered":"https:\/\/elconquistadorredloslagos.cl\/test\/?p=16452"},"modified":"2025-11-26T13:44:07","modified_gmt":"2025-11-26T16:44:07","slug":"san-juan-de-la-costa-exige-mayores-medidas-de-seguridad-ante-obras-en-la-ruta-u-40","status":"publish","type":"post","link":"https:\/\/elconquistadorredloslagos.cl\/test\/blog\/2025\/11\/26\/san-juan-de-la-costa-exige-mayores-medidas-de-seguridad-ante-obras-en-la-ruta-u-40\/","title":{"rendered":"San Juan de la Costa exige mayores medidas de seguridad ante obras en la Ruta U-40"},"content":{"rendered":"\n<p>El municipio de San Juan de la Costa intensific\u00f3 sus gestiones para mejorar las condiciones de seguridad en la Ruta U-40, en medio del avance del proyecto de conservaci\u00f3n que ejecuta el MOP junto a Vialidad. Tras una reuni\u00f3n con el seremi Juan Fernando Alvarado, el jefe provincial de Vialidad, representantes de la empresa constructora y equipos t\u00e9cnicos, el alcalde Jos\u00e9 Luis Mu\u00f1oz expuso las principales inquietudes comunales.<\/p>\n\n\n\n<p>Entre los temas abordados destac\u00f3 el incumplimiento de normas sobre carga vehicular, situaci\u00f3n que, seg\u00fan Mu\u00f1oz, representa un riesgo para automovilistas y peatones que transitan diariamente por la zona. Tambi\u00e9n se insisti\u00f3 en mantener el riego constante del camino para evitar la suspensi\u00f3n de polvo, especialmente en sectores de alta circulaci\u00f3n.<\/p>\n\n\n\n<p>El alcalde plante\u00f3, adem\u00e1s, la urgencia de aplicar medidas de mitigaci\u00f3n en el tramo entre la Ruta U-300 y el acceso a Puaucho, donde existe tr\u00e1nsito peatonal frecuente sin protecci\u00f3n adecuada. Frente al aumento de veh\u00edculos previsto para el verano, pidi\u00f3 mejorar la gesti\u00f3n de detenciones y reforzar la se\u00f1alizaci\u00f3n de rutas alternativas hacia el litoral, como Trosco y Carrico, adem\u00e1s del posible retorno por Loma La Piedra.<\/p>\n\n\n\n<p>Como avance, destac\u00f3 la reanudaci\u00f3n del asfaltado en el cruce de Trosco, con cerca de diez kil\u00f3metros a\u00fan pendientes. Mu\u00f1oz llam\u00f3 a la comprensi\u00f3n de los usuarios ante los cortes y demoras que implicar\u00e1 la temporada estival, subrayando que la obra incorporar\u00e1 mejoras de seguridad relevantes para la comuna.<\/p>\n\n\n\n<p>\ud83d\udcf7 Cedida<\/p>\n","protected":false},"excerpt":{"rendered":"<p>El municipio de San Juan de la Costa intensific\u00f3 sus gestiones para mejorar las condiciones de seguridad en la Ruta U-40, en medio del avance del proyecto de conservaci\u00f3n que..<\/p>\n","protected":false},"author":2,"featured_media":16453,"comment_status":"closed","ping_status":"open","sticky":false,"template":"","format":"standard","meta":{"footnotes":""},"categories":[1,28,55],"tags":[],"class_list":["post-16452","post","type-post","status-publish","format-standard","has-post-thumbnail","hentry","category-acontecer","category-actual","category-osorno"],"rttpg_featured_image_url":{"full":["https:\/\/elconquistadorredloslagos.cl\/test\/wp-content\/uploads\/2025\/11\/img-111.jpg",1920,1080,false],"landscape":["https:\/\/elconquistadorredloslagos.cl\/test\/wp-content\/uploads\/2025\/11\/img-111.jpg",1920,1080,false],"portraits":["https:\/\/elconquistadorredloslagos.cl\/test\/wp-content\/uploads\/2025\/11\/img-111.jpg",1920,1080,false],"thumbnail":["https:\/\/elconquistadorredloslagos.cl\/test\/wp-content\/uploads\/2025\/11\/img-111-150x150.jpg",150,150,true],"medium":["https:\/\/elconquistadorredloslagos.cl\/test\/wp-content\/uploads\/2025\/11\/img-111-300x169.jpg",300,169,true],"large":["https:\/\/elconquistadorredloslagos.cl\/test\/wp-content\/uploads\/2025\/11\/img-111-1024x576.jpg",1024,576,true],"1536x1536":["https:\/\/elconquistadorredloslagos.cl\/test\/wp-content\/uploads\/2025\/11\/img-111-1536x864.jpg",1536,864,true],"2048x2048":["https:\/\/elconquistadorredloslagos.cl\/test\/wp-content\/uploads\/2025\/11\/img-111.jpg",1920,1080,false]},"rttpg_author":{"display_name":"ccardenas","author_link":"https:\/\/elconquistadorredloslagos.cl\/test\/blog\/author\/ccardenas\/"},"rttpg_comment":0,"rttpg_category":"<a href=\"https:\/\/elconquistadorredloslagos.cl\/test\/blog\/category\/actual\/acontecer\/\" rel=\"category tag\">Acontecer<\/a> <a href=\"https:\/\/elconquistadorredloslagos.cl\/test\/blog\/category\/actual\/\" rel=\"category tag\">Actualidad<\/a> <a href=\"https:\/\/elconquistadorredloslagos.cl\/test\/blog\/category\/chile\/osorno\/\" rel=\"category tag\">Osorno<\/a>","rttpg_excerpt":"El municipio de San Juan de la Costa intensific\u00f3 sus gestiones para mejorar las condiciones de seguridad en la Ruta U-40, en medio del avance del proyecto de conservaci\u00f3n que..","_links":{"self":[{"href":"https:\/\/elconquistadorredloslagos.cl\/test\/wp-json\/wp\/v2\/posts\/16452","targetHints":{"allow":["GET"]}}],"collection":[{"href":"https:\/\/elconquistadorredloslagos.cl\/test\/wp-json\/wp\/v2\/posts"}],"about":[{"href":"https:\/\/elconquistadorredloslagos.cl\/test\/wp-json\/wp\/v2\/types\/post"}],"author":[{"embeddable":true,"href":"https:\/\/elconquistadorredloslagos.cl\/test\/wp-json\/wp\/v2\/users\/2"}],"replies":[{"embeddable":true,"href":"https:\/\/elconquistadorredloslagos.cl\/test\/wp-json\/wp\/v2\/comments?post=16452"}],"version-history":[{"count":1,"href":"https:\/\/elconquistadorredloslagos.cl\/test\/wp-json\/wp\/v2\/posts\/16452\/revisions"}],"predecessor-version":[{"id":16454,"href":"https:\/\/elconquistadorredloslagos.cl\/test\/wp-json\/wp\/v2\/posts\/16452\/revisions\/16454"}],"wp:featuredmedia":[{"embeddable":true,"href":"https:\/\/elconquistadorredloslagos.cl\/test\/wp-json\/wp\/v2\/media\/16453"}],"wp:attachment":[{"href":"https:\/\/elconquistadorredloslagos.cl\/test\/wp-json\/wp\/v2\/media?parent=16452"}],"wp:term":[{"taxonomy":"category","embeddable":true,"href":"https:\/\/elconquistadorredloslagos.cl\/test\/wp-json\/wp\/v2\/categories?post=16452"},{"taxonomy":"post_tag","embeddable":true,"href":"https:\/\/elconquistadorredloslagos.cl\/test\/wp-json\/wp\/v2\/tags?post=16452"}],"curies":[{"name":"wp","href":"https:\/\/api.w.org\/{rel}","templated":true}]}}