{"id":16448,"date":"2025-11-26T13:37:33","date_gmt":"2025-11-26T16:37:33","guid":{"rendered":"https:\/\/elconquistadorredloslagos.cl\/test\/?p=16448"},"modified":"2025-11-26T13:37:34","modified_gmt":"2025-11-26T16:37:34","slug":"posta-de-guabun-en-ancud-entra-en-fase-final-tras-retomar-obras-paralizadas","status":"publish","type":"post","link":"https:\/\/elconquistadorredloslagos.cl\/test\/blog\/2025\/11\/26\/posta-de-guabun-en-ancud-entra-en-fase-final-tras-retomar-obras-paralizadas\/","title":{"rendered":"Posta de Guab\u00fan en Ancud entra en fase final tras retomar obras paralizadas"},"content":{"rendered":"\n<p>La esperada reposici\u00f3n de la Posta de Guab\u00fan retom\u00f3 su curso despu\u00e9s de a\u00f1os de paralizaci\u00f3n, y hoy el proyecto muestra un avance cercano al 76%, seg\u00fan confirm\u00f3 el alcalde Andr\u00e9s Ojeda. La obra hab\u00eda quedado inconclusa en 2024, cuando la empresa responsable abandon\u00f3 las faenas, lo que oblig\u00f3 a redise\u00f1ar el proyecto y a una nueva adjudicaci\u00f3n.<\/p>\n\n\n\n<p>La actual constructora trabaja dentro de los plazos comprometidos, lo que permitir\u00eda inaugurar el recinto a fines de febrero de 2026. El proyecto supera los 730 millones de pesos en financiamiento y promete mejorar de manera sustantiva la atenci\u00f3n de salud para los cerca de 180 habitantes del sector, ubicado al oeste de Ancud.<\/p>\n\n\n\n<p>Consejeros regionales de la Comisi\u00f3n de Infraestructura del CORE Los Lagos visitaron recientemente la localidad para inspeccionar el estado de los trabajos. Rodrigo Arismendi, presidente de la comisi\u00f3n, destac\u00f3 el impacto que tendr\u00e1 esta reposici\u00f3n para las familias rurales.<\/p>\n\n\n\n<figure class=\"wp-block-audio\"><audio controls src=\"https:\/\/elconquistadorredloslagos.cl\/test\/wp-content\/uploads\/2025\/11\/CUNA-CORE.mp3\"><\/audio><\/figure>\n\n\n\n<p>La posta considera m\u00e1s de 300 metros cuadrados de construcci\u00f3n, calefacci\u00f3n central mediante caldera a pellet, vivienda para el auxiliar param\u00e9dico y nuevo equipamiento destinado a reforzar la atenci\u00f3n primaria rural. La comunidad espera que esta infraestructura represente un avance concreto en la calidad de vida del sector.<\/p>\n","protected":false},"excerpt":{"rendered":"<p>La esperada reposici\u00f3n de la Posta de Guab\u00fan retom\u00f3 su curso despu\u00e9s de a\u00f1os de paralizaci\u00f3n, y hoy el proyecto muestra un avance cercano al 76%, seg\u00fan confirm\u00f3 el alcalde..<\/p>\n","protected":false},"author":2,"featured_media":16450,"comment_status":"closed","ping_status":"open","sticky":false,"template":"","format":"standard","meta":{"footnotes":""},"categories":[1,28,51],"tags":[],"class_list":["post-16448","post","type-post","status-publish","format-standard","has-post-thumbnail","hentry","category-acontecer","category-actual","category-chiloe"],"rttpg_featured_image_url":{"full":["https:\/\/elconquistadorredloslagos.cl\/test\/wp-content\/uploads\/2025\/11\/img-110.jpg",1920,1080,false],"landscape":["https:\/\/elconquistadorredloslagos.cl\/test\/wp-content\/uploads\/2025\/11\/img-110.jpg",1920,1080,false],"portraits":["https:\/\/elconquistadorredloslagos.cl\/test\/wp-content\/uploads\/2025\/11\/img-110.jpg",1920,1080,false],"thumbnail":["https:\/\/elconquistadorredloslagos.cl\/test\/wp-content\/uploads\/2025\/11\/img-110-150x150.jpg",150,150,true],"medium":["https:\/\/elconquistadorredloslagos.cl\/test\/wp-content\/uploads\/2025\/11\/img-110-300x169.jpg",300,169,true],"large":["https:\/\/elconquistadorredloslagos.cl\/test\/wp-content\/uploads\/2025\/11\/img-110-1024x576.jpg",1024,576,true],"1536x1536":["https:\/\/elconquistadorredloslagos.cl\/test\/wp-content\/uploads\/2025\/11\/img-110-1536x864.jpg",1536,864,true],"2048x2048":["https:\/\/elconquistadorredloslagos.cl\/test\/wp-content\/uploads\/2025\/11\/img-110.jpg",1920,1080,false]},"rttpg_author":{"display_name":"ccardenas","author_link":"https:\/\/elconquistadorredloslagos.cl\/test\/blog\/author\/ccardenas\/"},"rttpg_comment":0,"rttpg_category":"<a href=\"https:\/\/elconquistadorredloslagos.cl\/test\/blog\/category\/actual\/acontecer\/\" rel=\"category tag\">Acontecer<\/a> <a href=\"https:\/\/elconquistadorredloslagos.cl\/test\/blog\/category\/actual\/\" rel=\"category tag\">Actualidad<\/a> <a href=\"https:\/\/elconquistadorredloslagos.cl\/test\/blog\/category\/chile\/chiloe\/\" rel=\"category tag\">Chilo\u00e9<\/a>","rttpg_excerpt":"La esperada reposici\u00f3n de la Posta de Guab\u00fan retom\u00f3 su curso despu\u00e9s de a\u00f1os de paralizaci\u00f3n, y hoy el proyecto muestra un avance cercano al 76%, seg\u00fan confirm\u00f3 el alcalde..","_links":{"self":[{"href":"https:\/\/elconquistadorredloslagos.cl\/test\/wp-json\/wp\/v2\/posts\/16448","targetHints":{"allow":["GET"]}}],"collection":[{"href":"https:\/\/elconquistadorredloslagos.cl\/test\/wp-json\/wp\/v2\/posts"}],"about":[{"href":"https:\/\/elconquistadorredloslagos.cl\/test\/wp-json\/wp\/v2\/types\/post"}],"author":[{"embeddable":true,"href":"https:\/\/elconquistadorredloslagos.cl\/test\/wp-json\/wp\/v2\/users\/2"}],"replies":[{"embeddable":true,"href":"https:\/\/elconquistadorredloslagos.cl\/test\/wp-json\/wp\/v2\/comments?post=16448"}],"version-history":[{"count":1,"href":"https:\/\/elconquistadorredloslagos.cl\/test\/wp-json\/wp\/v2\/posts\/16448\/revisions"}],"predecessor-version":[{"id":16451,"href":"https:\/\/elconquistadorredloslagos.cl\/test\/wp-json\/wp\/v2\/posts\/16448\/revisions\/16451"}],"wp:featuredmedia":[{"embeddable":true,"href":"https:\/\/elconquistadorredloslagos.cl\/test\/wp-json\/wp\/v2\/media\/16450"}],"wp:attachment":[{"href":"https:\/\/elconquistadorredloslagos.cl\/test\/wp-json\/wp\/v2\/media?parent=16448"}],"wp:term":[{"taxonomy":"category","embeddable":true,"href":"https:\/\/elconquistadorredloslagos.cl\/test\/wp-json\/wp\/v2\/categories?post=16448"},{"taxonomy":"post_tag","embeddable":true,"href":"https:\/\/elconquistadorredloslagos.cl\/test\/wp-json\/wp\/v2\/tags?post=16448"}],"curies":[{"name":"wp","href":"https:\/\/api.w.org\/{rel}","templated":true}]}}