{"id":16430,"date":"2025-11-26T10:37:56","date_gmt":"2025-11-26T13:37:56","guid":{"rendered":"https:\/\/elconquistadorredloslagos.cl\/test\/?p=16430"},"modified":"2025-11-26T10:37:57","modified_gmt":"2025-11-26T13:37:57","slug":"jara-y-kast-se-preparan-para-un-duelo-de-alto-voltaje-en-los-debates-que-cierran-la-campana","status":"publish","type":"post","link":"https:\/\/elconquistadorredloslagos.cl\/test\/blog\/2025\/11\/26\/jara-y-kast-se-preparan-para-un-duelo-de-alto-voltaje-en-los-debates-que-cierran-la-campana\/","title":{"rendered":"Jara y Kast se preparan para un duelo de alto voltaje en los debates que cierran la campa\u00f1a"},"content":{"rendered":"\n<p>En la antesala del balotaje del 14 de diciembre, los candidatos presidenciales Jeannette Jara y Jos\u00e9 Antonio Kast, volver\u00e1n a encontrarse en dos debates clave organizados por ARCHI y ANATEL, instancias que buscan profundizar en sus propuestas antes de la votaci\u00f3n obligatoria.<\/p>\n\n\n\n<p>El primer encuentro estar\u00e1 a cargo de la Asociaci\u00f3n de Radiodifusores de Chile. ARCHI program\u00f3 su debate para el mi\u00e9rcoles 3 de diciembre, a partir de las 8:00 horas, con emisi\u00f3n simult\u00e1nea por todas las radios asociadas y por las plataformas digitales de sus se\u00f1ales. La cita marcar\u00e1 el inicio de la \u00faltima etapa de confrontaci\u00f3n de ideas entre la abanderada oficialista y el representante del Partido Republicano.<\/p>\n\n\n\n<p>D\u00edas despu\u00e9s se desarrollar\u00e1 el segundo debate, coordinado por la Asociaci\u00f3n Nacional de Televisi\u00f3n. ANATEL fij\u00f3 su transmisi\u00f3n para el martes 9 de diciembre a las 21:00 horas, en una cadena conjunta que incluir\u00e1 a Canal 13, CHV, Mega, TVN, TV+ y La Red, junto a sus respectivos sitios web y redes sociales.<\/p>\n\n\n\n<p>Ambos encuentros buscan ofrecer a la ciudadan\u00eda una instancia decisiva para comparar los programas y estilos de los aspirantes a La Moneda en el tramo final de la campa\u00f1a.<\/p>\n","protected":false},"excerpt":{"rendered":"<p>En la antesala del balotaje del 14 de diciembre, los candidatos presidenciales Jeannette Jara y Jos\u00e9 Antonio Kast, volver\u00e1n a encontrarse en dos debates clave organizados por ARCHI y ANATEL,..<\/p>\n","protected":false},"author":2,"featured_media":16431,"comment_status":"closed","ping_status":"open","sticky":false,"template":"","format":"standard","meta":{"footnotes":""},"categories":[1,28,52,38],"tags":[],"class_list":["post-16430","post","type-post","status-publish","format-standard","has-post-thumbnail","hentry","category-acontecer","category-actual","category-chile","category-politica"],"rttpg_featured_image_url":{"full":["https:\/\/elconquistadorredloslagos.cl\/test\/wp-content\/uploads\/2025\/11\/IMG10-1.jpg",1920,1080,false],"landscape":["https:\/\/elconquistadorredloslagos.cl\/test\/wp-content\/uploads\/2025\/11\/IMG10-1.jpg",1920,1080,false],"portraits":["https:\/\/elconquistadorredloslagos.cl\/test\/wp-content\/uploads\/2025\/11\/IMG10-1.jpg",1920,1080,false],"thumbnail":["https:\/\/elconquistadorredloslagos.cl\/test\/wp-content\/uploads\/2025\/11\/IMG10-1-150x150.jpg",150,150,true],"medium":["https:\/\/elconquistadorredloslagos.cl\/test\/wp-content\/uploads\/2025\/11\/IMG10-1-300x169.jpg",300,169,true],"large":["https:\/\/elconquistadorredloslagos.cl\/test\/wp-content\/uploads\/2025\/11\/IMG10-1-1024x576.jpg",1024,576,true],"1536x1536":["https:\/\/elconquistadorredloslagos.cl\/test\/wp-content\/uploads\/2025\/11\/IMG10-1-1536x864.jpg",1536,864,true],"2048x2048":["https:\/\/elconquistadorredloslagos.cl\/test\/wp-content\/uploads\/2025\/11\/IMG10-1.jpg",1920,1080,false]},"rttpg_author":{"display_name":"ccardenas","author_link":"https:\/\/elconquistadorredloslagos.cl\/test\/blog\/author\/ccardenas\/"},"rttpg_comment":0,"rttpg_category":"<a href=\"https:\/\/elconquistadorredloslagos.cl\/test\/blog\/category\/actual\/acontecer\/\" rel=\"category tag\">Acontecer<\/a> <a href=\"https:\/\/elconquistadorredloslagos.cl\/test\/blog\/category\/actual\/\" rel=\"category tag\">Actualidad<\/a> <a href=\"https:\/\/elconquistadorredloslagos.cl\/test\/blog\/category\/chile\/\" rel=\"category tag\">Nacional<\/a> <a href=\"https:\/\/elconquistadorredloslagos.cl\/test\/blog\/category\/actual\/politica\/\" rel=\"category tag\">Politica<\/a>","rttpg_excerpt":"En la antesala del balotaje del 14 de diciembre, los candidatos presidenciales Jeannette Jara y Jos\u00e9 Antonio Kast, volver\u00e1n a encontrarse en dos debates clave organizados por ARCHI y ANATEL,..","_links":{"self":[{"href":"https:\/\/elconquistadorredloslagos.cl\/test\/wp-json\/wp\/v2\/posts\/16430","targetHints":{"allow":["GET"]}}],"collection":[{"href":"https:\/\/elconquistadorredloslagos.cl\/test\/wp-json\/wp\/v2\/posts"}],"about":[{"href":"https:\/\/elconquistadorredloslagos.cl\/test\/wp-json\/wp\/v2\/types\/post"}],"author":[{"embeddable":true,"href":"https:\/\/elconquistadorredloslagos.cl\/test\/wp-json\/wp\/v2\/users\/2"}],"replies":[{"embeddable":true,"href":"https:\/\/elconquistadorredloslagos.cl\/test\/wp-json\/wp\/v2\/comments?post=16430"}],"version-history":[{"count":1,"href":"https:\/\/elconquistadorredloslagos.cl\/test\/wp-json\/wp\/v2\/posts\/16430\/revisions"}],"predecessor-version":[{"id":16432,"href":"https:\/\/elconquistadorredloslagos.cl\/test\/wp-json\/wp\/v2\/posts\/16430\/revisions\/16432"}],"wp:featuredmedia":[{"embeddable":true,"href":"https:\/\/elconquistadorredloslagos.cl\/test\/wp-json\/wp\/v2\/media\/16431"}],"wp:attachment":[{"href":"https:\/\/elconquistadorredloslagos.cl\/test\/wp-json\/wp\/v2\/media?parent=16430"}],"wp:term":[{"taxonomy":"category","embeddable":true,"href":"https:\/\/elconquistadorredloslagos.cl\/test\/wp-json\/wp\/v2\/categories?post=16430"},{"taxonomy":"post_tag","embeddable":true,"href":"https:\/\/elconquistadorredloslagos.cl\/test\/wp-json\/wp\/v2\/tags?post=16430"}],"curies":[{"name":"wp","href":"https:\/\/api.w.org\/{rel}","templated":true}]}}