{"id":16425,"date":"2025-11-26T10:15:48","date_gmt":"2025-11-26T13:15:48","guid":{"rendered":"https:\/\/elconquistadorredloslagos.cl\/test\/?p=16425"},"modified":"2025-11-26T10:17:24","modified_gmt":"2025-11-26T13:17:24","slug":"ancud-accidente-en-puente-mechaico-provoca-fuerte-congestion-en-la-ruta-5-sur","status":"publish","type":"post","link":"https:\/\/elconquistadorredloslagos.cl\/test\/blog\/2025\/11\/26\/ancud-accidente-en-puente-mechaico-provoca-fuerte-congestion-en-la-ruta-5-sur\/","title":{"rendered":"Ancud: accidente en Puente Mechaico provoca fuerte congesti\u00f3n en la Ruta 5 Sur"},"content":{"rendered":"\n<p>Un accidente de tr\u00e1nsito registrado esta ma\u00f1ana en el sector del Puente Mechaico, en Ancud, mantiene el desplazamiento vehicular reducido y genera una alta congesti\u00f3n en la Ruta 5 Sur. De acuerdo a informaci\u00f3n preliminar, en la colisi\u00f3n participaron un bus interprovincial de la empresa ETM y una camioneta, en direcci\u00f3n norte a sur.<\/p>\n\n\n\n<p>A ra\u00edz del impacto, solo una pista permanece habilitada, lo que ha obligado a regular el flujo de veh\u00edculos y extender los tiempos de viaje en la zona. Carabineros y equipos de emergencia trabajan en el lugar coordinando el tr\u00e1nsito y evaluando la situaci\u00f3n.<\/p>\n\n\n\n<p>Se hizo un llamado a los conductores a extremar la precauci\u00f3n al aproximarse al viaducto, disminuir la velocidad y atender las instrucciones del personal desplegado en la ruta, con el fin de evitar nuevos riesgos.<\/p>\n\n\n\n<p>La situaci\u00f3n contin\u00faa en desarrollo y se espera informaci\u00f3n oficial respecto al estado de salud de los involucrados durante las pr\u00f3ximas horas.<\/p>\n\n\n\n<p>\ud83d\udcf7 Redes sociales <\/p>\n","protected":false},"excerpt":{"rendered":"<p>Un accidente de tr\u00e1nsito registrado esta ma\u00f1ana en el sector del Puente Mechaico, en Ancud, mantiene el desplazamiento vehicular reducido y genera una alta congesti\u00f3n en la Ruta 5 Sur&#8230;<\/p>\n","protected":false},"author":2,"featured_media":16426,"comment_status":"closed","ping_status":"open","sticky":false,"template":"","format":"standard","meta":{"footnotes":""},"categories":[1,28,51],"tags":[],"class_list":["post-16425","post","type-post","status-publish","format-standard","has-post-thumbnail","hentry","category-acontecer","category-actual","category-chiloe"],"rttpg_featured_image_url":{"full":["https:\/\/elconquistadorredloslagos.cl\/test\/wp-content\/uploads\/2025\/11\/IMG10.jpg",1920,1080,false],"landscape":["https:\/\/elconquistadorredloslagos.cl\/test\/wp-content\/uploads\/2025\/11\/IMG10.jpg",1920,1080,false],"portraits":["https:\/\/elconquistadorredloslagos.cl\/test\/wp-content\/uploads\/2025\/11\/IMG10.jpg",1920,1080,false],"thumbnail":["https:\/\/elconquistadorredloslagos.cl\/test\/wp-content\/uploads\/2025\/11\/IMG10-150x150.jpg",150,150,true],"medium":["https:\/\/elconquistadorredloslagos.cl\/test\/wp-content\/uploads\/2025\/11\/IMG10-300x169.jpg",300,169,true],"large":["https:\/\/elconquistadorredloslagos.cl\/test\/wp-content\/uploads\/2025\/11\/IMG10-1024x576.jpg",1024,576,true],"1536x1536":["https:\/\/elconquistadorredloslagos.cl\/test\/wp-content\/uploads\/2025\/11\/IMG10-1536x864.jpg",1536,864,true],"2048x2048":["https:\/\/elconquistadorredloslagos.cl\/test\/wp-content\/uploads\/2025\/11\/IMG10.jpg",1920,1080,false]},"rttpg_author":{"display_name":"ccardenas","author_link":"https:\/\/elconquistadorredloslagos.cl\/test\/blog\/author\/ccardenas\/"},"rttpg_comment":0,"rttpg_category":"<a href=\"https:\/\/elconquistadorredloslagos.cl\/test\/blog\/category\/actual\/acontecer\/\" rel=\"category tag\">Acontecer<\/a> <a href=\"https:\/\/elconquistadorredloslagos.cl\/test\/blog\/category\/actual\/\" rel=\"category tag\">Actualidad<\/a> <a href=\"https:\/\/elconquistadorredloslagos.cl\/test\/blog\/category\/chile\/chiloe\/\" rel=\"category tag\">Chilo\u00e9<\/a>","rttpg_excerpt":"Un accidente de tr\u00e1nsito registrado esta ma\u00f1ana en el sector del Puente Mechaico, en Ancud, mantiene el desplazamiento vehicular reducido y genera una alta congesti\u00f3n en la Ruta 5 Sur...","_links":{"self":[{"href":"https:\/\/elconquistadorredloslagos.cl\/test\/wp-json\/wp\/v2\/posts\/16425","targetHints":{"allow":["GET"]}}],"collection":[{"href":"https:\/\/elconquistadorredloslagos.cl\/test\/wp-json\/wp\/v2\/posts"}],"about":[{"href":"https:\/\/elconquistadorredloslagos.cl\/test\/wp-json\/wp\/v2\/types\/post"}],"author":[{"embeddable":true,"href":"https:\/\/elconquistadorredloslagos.cl\/test\/wp-json\/wp\/v2\/users\/2"}],"replies":[{"embeddable":true,"href":"https:\/\/elconquistadorredloslagos.cl\/test\/wp-json\/wp\/v2\/comments?post=16425"}],"version-history":[{"count":2,"href":"https:\/\/elconquistadorredloslagos.cl\/test\/wp-json\/wp\/v2\/posts\/16425\/revisions"}],"predecessor-version":[{"id":16429,"href":"https:\/\/elconquistadorredloslagos.cl\/test\/wp-json\/wp\/v2\/posts\/16425\/revisions\/16429"}],"wp:featuredmedia":[{"embeddable":true,"href":"https:\/\/elconquistadorredloslagos.cl\/test\/wp-json\/wp\/v2\/media\/16426"}],"wp:attachment":[{"href":"https:\/\/elconquistadorredloslagos.cl\/test\/wp-json\/wp\/v2\/media?parent=16425"}],"wp:term":[{"taxonomy":"category","embeddable":true,"href":"https:\/\/elconquistadorredloslagos.cl\/test\/wp-json\/wp\/v2\/categories?post=16425"},{"taxonomy":"post_tag","embeddable":true,"href":"https:\/\/elconquistadorredloslagos.cl\/test\/wp-json\/wp\/v2\/tags?post=16425"}],"curies":[{"name":"wp","href":"https:\/\/api.w.org\/{rel}","templated":true}]}}