{"id":16421,"date":"2025-11-25T19:16:06","date_gmt":"2025-11-25T22:16:06","guid":{"rendered":"https:\/\/elconquistadorredloslagos.cl\/test\/?p=16421"},"modified":"2025-11-25T19:16:06","modified_gmt":"2025-11-25T22:16:06","slug":"carabineros-detiene-a-dos-sujetos-por-robo-en-vivienda-del-sector-centrico-de-osorno","status":"publish","type":"post","link":"https:\/\/elconquistadorredloslagos.cl\/test\/blog\/2025\/11\/25\/carabineros-detiene-a-dos-sujetos-por-robo-en-vivienda-del-sector-centrico-de-osorno\/","title":{"rendered":"Carabineros detiene a dos sujetos por robo en vivienda del sector c\u00e9ntrico de Osorno"},"content":{"rendered":"\n<h2 class=\"wp-block-heading\"><\/h2>\n\n\n\n<p>Dos hombres fueron detenidos por Carabineros de la Primera Comisar\u00eda de Osorno tras ser sorprendidos portando art\u00edculos robados desde un domicilio ubicado en calle Albrecht Freitag. El procedimiento se concret\u00f3 la tarde del lunes 24 de noviembre, cerca de las 13:35 horas, cuando funcionarios del servicio focalizado interceptaron a los individuos en la intersecci\u00f3n de avenida Rep\u00fablica con Mart\u00ednez de Rosas.<\/p>\n\n\n\n<p>Seg\u00fan los antecedentes policiales, los sujetos ingresaron al inmueble luego de forzar la puerta principal y lograron sustraer diversos art\u00edculos electr\u00f3nicos, entre ellos notebooks, una tablet, una consola PlayStation, tel\u00e9fonos celulares y perfumes, adem\u00e1s de bolsos pertenecientes a la v\u00edctima. Gracias a la r\u00e1pida difusi\u00f3n radial del hecho, Carabineros logr\u00f3 ubicarlos cuando caminaban por la v\u00eda p\u00fablica cargando la totalidad de las especies, las cuales fueron recuperadas y posteriormente reconocidas por la denunciante.<\/p>\n\n\n\n<p>Los detenidos, ambos residentes de Osorno, cuentan con antecedentes policiales anteriores, aunque sin causas activas a la fecha. Por instrucci\u00f3n del Ministerio P\u00fablico, se dispuso su control de detenci\u00f3n y se encarg\u00f3 a la Secci\u00f3n de Investigaci\u00f3n Policial (SIP) las diligencias necesarias para profundizar en el caso.<\/p>\n\n\n\n<p>Carabineros destac\u00f3 que la r\u00e1pida coordinaci\u00f3n entre las unidades operativas, permiti\u00f3 una detenci\u00f3n oportuna, evitando que los individuos huyeran o redujeran las especies robadas. La instituci\u00f3n reiter\u00f3 la importancia de denunciar de inmediato cualquier movimiento sospechoso, dado que esa informaci\u00f3n es clave para activar los protocolos de b\u00fasqueda y recuperar bienes sustra\u00eddos.<\/p>\n","protected":false},"excerpt":{"rendered":"<p>Dos hombres fueron detenidos por Carabineros de la Primera Comisar\u00eda de Osorno tras ser sorprendidos portando art\u00edculos robados desde un domicilio ubicado en calle Albrecht Freitag. El procedimiento se concret\u00f3..<\/p>\n","protected":false},"author":9,"featured_media":16423,"comment_status":"closed","ping_status":"open","sticky":false,"template":"","format":"standard","meta":{"footnotes":""},"categories":[1,28,26,55],"tags":[],"class_list":["post-16421","post","type-post","status-publish","format-standard","has-post-thumbnail","hentry","category-acontecer","category-actual","category-comunidad","category-osorno"],"rttpg_featured_image_url":{"full":["https:\/\/elconquistadorredloslagos.cl\/test\/wp-content\/uploads\/2025\/11\/IMG_1926-2.jpg",1920,1009,false],"landscape":["https:\/\/elconquistadorredloslagos.cl\/test\/wp-content\/uploads\/2025\/11\/IMG_1926-2.jpg",1920,1009,false],"portraits":["https:\/\/elconquistadorredloslagos.cl\/test\/wp-content\/uploads\/2025\/11\/IMG_1926-2.jpg",1920,1009,false],"thumbnail":["https:\/\/elconquistadorredloslagos.cl\/test\/wp-content\/uploads\/2025\/11\/IMG_1926-2-150x150.jpg",150,150,true],"medium":["https:\/\/elconquistadorredloslagos.cl\/test\/wp-content\/uploads\/2025\/11\/IMG_1926-2-300x158.jpg",300,158,true],"large":["https:\/\/elconquistadorredloslagos.cl\/test\/wp-content\/uploads\/2025\/11\/IMG_1926-2-1024x538.jpg",1024,538,true],"1536x1536":["https:\/\/elconquistadorredloslagos.cl\/test\/wp-content\/uploads\/2025\/11\/IMG_1926-2-1536x807.jpg",1536,807,true],"2048x2048":["https:\/\/elconquistadorredloslagos.cl\/test\/wp-content\/uploads\/2025\/11\/IMG_1926-2.jpg",1920,1009,false]},"rttpg_author":{"display_name":"mcifuentes","author_link":"https:\/\/elconquistadorredloslagos.cl\/test\/blog\/author\/mcifuentes\/"},"rttpg_comment":0,"rttpg_category":"<a href=\"https:\/\/elconquistadorredloslagos.cl\/test\/blog\/category\/actual\/acontecer\/\" rel=\"category tag\">Acontecer<\/a> <a href=\"https:\/\/elconquistadorredloslagos.cl\/test\/blog\/category\/actual\/\" rel=\"category tag\">Actualidad<\/a> <a href=\"https:\/\/elconquistadorredloslagos.cl\/test\/blog\/category\/comunidad\/\" rel=\"category tag\">Comunidad<\/a> <a href=\"https:\/\/elconquistadorredloslagos.cl\/test\/blog\/category\/chile\/osorno\/\" rel=\"category tag\">Osorno<\/a>","rttpg_excerpt":"Dos hombres fueron detenidos por Carabineros de la Primera Comisar\u00eda de Osorno tras ser sorprendidos portando art\u00edculos robados desde un domicilio ubicado en calle Albrecht Freitag. El procedimiento se concret\u00f3..","_links":{"self":[{"href":"https:\/\/elconquistadorredloslagos.cl\/test\/wp-json\/wp\/v2\/posts\/16421","targetHints":{"allow":["GET"]}}],"collection":[{"href":"https:\/\/elconquistadorredloslagos.cl\/test\/wp-json\/wp\/v2\/posts"}],"about":[{"href":"https:\/\/elconquistadorredloslagos.cl\/test\/wp-json\/wp\/v2\/types\/post"}],"author":[{"embeddable":true,"href":"https:\/\/elconquistadorredloslagos.cl\/test\/wp-json\/wp\/v2\/users\/9"}],"replies":[{"embeddable":true,"href":"https:\/\/elconquistadorredloslagos.cl\/test\/wp-json\/wp\/v2\/comments?post=16421"}],"version-history":[{"count":1,"href":"https:\/\/elconquistadorredloslagos.cl\/test\/wp-json\/wp\/v2\/posts\/16421\/revisions"}],"predecessor-version":[{"id":16424,"href":"https:\/\/elconquistadorredloslagos.cl\/test\/wp-json\/wp\/v2\/posts\/16421\/revisions\/16424"}],"wp:featuredmedia":[{"embeddable":true,"href":"https:\/\/elconquistadorredloslagos.cl\/test\/wp-json\/wp\/v2\/media\/16423"}],"wp:attachment":[{"href":"https:\/\/elconquistadorredloslagos.cl\/test\/wp-json\/wp\/v2\/media?parent=16421"}],"wp:term":[{"taxonomy":"category","embeddable":true,"href":"https:\/\/elconquistadorredloslagos.cl\/test\/wp-json\/wp\/v2\/categories?post=16421"},{"taxonomy":"post_tag","embeddable":true,"href":"https:\/\/elconquistadorredloslagos.cl\/test\/wp-json\/wp\/v2\/tags?post=16421"}],"curies":[{"name":"wp","href":"https:\/\/api.w.org\/{rel}","templated":true}]}}