{"id":16418,"date":"2025-11-25T17:52:56","date_gmt":"2025-11-25T20:52:56","guid":{"rendered":"https:\/\/elconquistadorredloslagos.cl\/test\/?p=16418"},"modified":"2025-11-25T17:52:57","modified_gmt":"2025-11-25T20:52:57","slug":"fiscalia-de-osorno-solicita-colaboracion-ciudadana-para-detener-a-individuo-investigado-por-acoso-y-amenazas-contra-menor","status":"publish","type":"post","link":"https:\/\/elconquistadorredloslagos.cl\/test\/blog\/2025\/11\/25\/fiscalia-de-osorno-solicita-colaboracion-ciudadana-para-detener-a-individuo-investigado-por-acoso-y-amenazas-contra-menor\/","title":{"rendered":"Fiscal\u00eda de Osorno solicita colaboraci\u00f3n ciudadana para detener a individuo investigado por acoso y amenazas contra menor"},"content":{"rendered":"\n<p><\/p>\n\n\n\n<p>La Fiscal\u00eda Local de Osorno inform\u00f3 este martes que se mantiene vigente una <strong>orden de detenci\u00f3n<\/strong> en contra de un sujeto investigado por los delitos de <strong>amenazas, acoso sexual<\/strong> y posibles infracciones a la <strong>Ley de Control de Armas<\/strong>, todos cometidos en perjuicio de una adolescente de 16 a\u00f1os.<\/p>\n\n\n\n<h3 class=\"wp-block-heading\"><strong>Investigaci\u00f3n y antecedentes del caso<\/strong><\/h3>\n\n\n\n<p>Seg\u00fan explic\u00f3 la Fiscal Jefa de Osorno, <strong>Mar\u00eda Ang\u00e9lica de Miguel<\/strong>, el Ministerio P\u00fablico desarrolla una investigaci\u00f3n activa tras la denuncia presentada por los padres de la menor, proceso que ha permitido establecer la existencia de conductas reiteradas de hostigamiento y graves amenazas hacia la v\u00edctima.<\/p>\n\n\n\n<p>\u201cLa Fiscal\u00eda puede confirmar la vigencia de una orden de detenci\u00f3n respecto de la persona investigada por delitos cometidos en contra de una v\u00edctima menor de edad. Adem\u00e1s, se est\u00e1n revisando antecedentes que podr\u00edan configurar infracciones a la Ley de Control de Armas\u201d, se\u00f1al\u00f3 la persecutora.<\/p>\n\n\n\n<h3 class=\"wp-block-heading\"><strong>Llamado a la comunidad<\/strong><\/h3>\n\n\n\n<p>Debido a la necesidad urgente de concretar la detenci\u00f3n, la Fiscal\u00eda hizo un llamado a la comunidad para aportar informaci\u00f3n que permita ubicar al imputado, cuya imagen fue difundida oficialmente.<\/p>\n\n\n\n<p>\u201cHacemos un llamado a quienes reconozcan al sujeto a entregar de inmediato los antecedentes a <strong>Carabineros<\/strong>, a la <strong>Polic\u00eda de Investigaciones (PDI)<\/strong> o directamente a la Fiscal\u00eda\u201d, enfatiz\u00f3 De Miguel.<\/p>\n\n\n\n<p>Actualmente, la investigaci\u00f3n est\u00e1 siendo desarrollada por equipos especializados de la <strong>PDI de Osorno<\/strong>, quienes lideran las diligencias para su localizaci\u00f3n.<\/p>\n\n\n\n<h3 class=\"wp-block-heading\"><strong>Contexto y resguardo a la v\u00edctima<\/strong><\/h3>\n\n\n\n<p>El Ministerio P\u00fablico confirm\u00f3 que la v\u00edctima y su familia cuentan con <strong>medidas de protecci\u00f3n permanentes<\/strong>, entre ellas rondas policiales, bot\u00f3n de p\u00e1nico, el programa \u201cFamilia en L\u00ednea\u201d y acompa\u00f1amiento de la Unidad de Atenci\u00f3n a V\u00edctimas y Testigos.<\/p>\n\n\n\n<p>Vecinos del sector Los Aromos de Osorno tambi\u00e9n han reportado avistamientos del individuo, lo que ha intensificado el despliegue policial en diversos puntos de la comuna.<\/p>\n\n\n\n<h3 class=\"wp-block-heading\"><strong>Llamado final a la ciudadan\u00eda<\/strong><\/h3>\n\n\n\n<p>La Fiscal\u00eda reitera la importancia de la colaboraci\u00f3n ciudadana y subraya que toda informaci\u00f3n recibida ser\u00e1 tratada con estricta reserva, buscando resguardar a la v\u00edctima y facilitar la pronta detenci\u00f3n del imputado.<\/p>\n","protected":false},"excerpt":{"rendered":"<p>La Fiscal\u00eda Local de Osorno inform\u00f3 este martes que se mantiene vigente una orden de detenci\u00f3n en contra de un sujeto investigado por los delitos de amenazas, acoso sexual y..<\/p>\n","protected":false},"author":9,"featured_media":16419,"comment_status":"closed","ping_status":"open","sticky":false,"template":"","format":"standard","meta":{"footnotes":""},"categories":[1,28,51,54,52,55,56,63,57,58],"tags":[],"class_list":["post-16418","post","type-post","status-publish","format-standard","has-post-thumbnail","hentry","category-acontecer","category-actual","category-chiloe","category-lago-llanquihue","category-chile","category-osorno","category-puerto-montt","category-puerto-varas","category-zona-central","category-zona-norte"],"rttpg_featured_image_url":{"full":["https:\/\/elconquistadorredloslagos.cl\/test\/wp-content\/uploads\/2025\/11\/1.jpg",1920,1200,false],"landscape":["https:\/\/elconquistadorredloslagos.cl\/test\/wp-content\/uploads\/2025\/11\/1.jpg",1920,1200,false],"portraits":["https:\/\/elconquistadorredloslagos.cl\/test\/wp-content\/uploads\/2025\/11\/1.jpg",1920,1200,false],"thumbnail":["https:\/\/elconquistadorredloslagos.cl\/test\/wp-content\/uploads\/2025\/11\/1-150x150.jpg",150,150,true],"medium":["https:\/\/elconquistadorredloslagos.cl\/test\/wp-content\/uploads\/2025\/11\/1-300x188.jpg",300,188,true],"large":["https:\/\/elconquistadorredloslagos.cl\/test\/wp-content\/uploads\/2025\/11\/1-1024x640.jpg",1024,640,true],"1536x1536":["https:\/\/elconquistadorredloslagos.cl\/test\/wp-content\/uploads\/2025\/11\/1-1536x960.jpg",1536,960,true],"2048x2048":["https:\/\/elconquistadorredloslagos.cl\/test\/wp-content\/uploads\/2025\/11\/1.jpg",1920,1200,false]},"rttpg_author":{"display_name":"mcifuentes","author_link":"https:\/\/elconquistadorredloslagos.cl\/test\/blog\/author\/mcifuentes\/"},"rttpg_comment":0,"rttpg_category":"<a href=\"https:\/\/elconquistadorredloslagos.cl\/test\/blog\/category\/actual\/acontecer\/\" rel=\"category tag\">Acontecer<\/a> <a href=\"https:\/\/elconquistadorredloslagos.cl\/test\/blog\/category\/actual\/\" rel=\"category tag\">Actualidad<\/a> <a href=\"https:\/\/elconquistadorredloslagos.cl\/test\/blog\/category\/chile\/chiloe\/\" rel=\"category tag\">Chilo\u00e9<\/a> <a href=\"https:\/\/elconquistadorredloslagos.cl\/test\/blog\/category\/chile\/lago-llanquihue\/\" rel=\"category tag\">Lago LLanquihue<\/a> <a href=\"https:\/\/elconquistadorredloslagos.cl\/test\/blog\/category\/chile\/\" rel=\"category tag\">Nacional<\/a> <a href=\"https:\/\/elconquistadorredloslagos.cl\/test\/blog\/category\/chile\/osorno\/\" rel=\"category tag\">Osorno<\/a> <a href=\"https:\/\/elconquistadorredloslagos.cl\/test\/blog\/category\/chile\/puerto-montt\/\" rel=\"category tag\">Puerto Montt<\/a> <a href=\"https:\/\/elconquistadorredloslagos.cl\/test\/blog\/category\/puerto-varas\/\" rel=\"category tag\">Puerto Varas<\/a> <a href=\"https:\/\/elconquistadorredloslagos.cl\/test\/blog\/category\/chile\/zona-central\/\" rel=\"category tag\">Zona Central<\/a> <a href=\"https:\/\/elconquistadorredloslagos.cl\/test\/blog\/category\/chile\/zona-norte\/\" rel=\"category tag\">Zona Norte<\/a>","rttpg_excerpt":"La Fiscal\u00eda Local de Osorno inform\u00f3 este martes que se mantiene vigente una orden de detenci\u00f3n en contra de un sujeto investigado por los delitos de amenazas, acoso sexual y..","_links":{"self":[{"href":"https:\/\/elconquistadorredloslagos.cl\/test\/wp-json\/wp\/v2\/posts\/16418","targetHints":{"allow":["GET"]}}],"collection":[{"href":"https:\/\/elconquistadorredloslagos.cl\/test\/wp-json\/wp\/v2\/posts"}],"about":[{"href":"https:\/\/elconquistadorredloslagos.cl\/test\/wp-json\/wp\/v2\/types\/post"}],"author":[{"embeddable":true,"href":"https:\/\/elconquistadorredloslagos.cl\/test\/wp-json\/wp\/v2\/users\/9"}],"replies":[{"embeddable":true,"href":"https:\/\/elconquistadorredloslagos.cl\/test\/wp-json\/wp\/v2\/comments?post=16418"}],"version-history":[{"count":1,"href":"https:\/\/elconquistadorredloslagos.cl\/test\/wp-json\/wp\/v2\/posts\/16418\/revisions"}],"predecessor-version":[{"id":16420,"href":"https:\/\/elconquistadorredloslagos.cl\/test\/wp-json\/wp\/v2\/posts\/16418\/revisions\/16420"}],"wp:featuredmedia":[{"embeddable":true,"href":"https:\/\/elconquistadorredloslagos.cl\/test\/wp-json\/wp\/v2\/media\/16419"}],"wp:attachment":[{"href":"https:\/\/elconquistadorredloslagos.cl\/test\/wp-json\/wp\/v2\/media?parent=16418"}],"wp:term":[{"taxonomy":"category","embeddable":true,"href":"https:\/\/elconquistadorredloslagos.cl\/test\/wp-json\/wp\/v2\/categories?post=16418"},{"taxonomy":"post_tag","embeddable":true,"href":"https:\/\/elconquistadorredloslagos.cl\/test\/wp-json\/wp\/v2\/tags?post=16418"}],"curies":[{"name":"wp","href":"https:\/\/api.w.org\/{rel}","templated":true}]}}