{"id":16415,"date":"2025-11-25T17:44:53","date_gmt":"2025-11-25T20:44:53","guid":{"rendered":"https:\/\/elconquistadorredloslagos.cl\/test\/?p=16415"},"modified":"2025-11-25T17:44:53","modified_gmt":"2025-11-25T20:44:53","slug":"parlamentarios-electos-del-pdg-se-alejan-de-dichos-de-pamela-jiles-sobre-kast","status":"publish","type":"post","link":"https:\/\/elconquistadorredloslagos.cl\/test\/blog\/2025\/11\/25\/parlamentarios-electos-del-pdg-se-alejan-de-dichos-de-pamela-jiles-sobre-kast\/","title":{"rendered":"Parlamentarios electos del PDG se alejan de dichos de Pamela Jiles sobre Kast"},"content":{"rendered":"\n<h3 class=\"wp-block-heading\">Diputados electos del PDG, aseguran que NO van a farandulizar con dichos de Jiles, asegurando que no romper\u00e1 agenda de Jos\u00e9 Antonio Kast <\/h3>\n\n\n\n<p>Las declaraciones de la diputada Pamela Jiles (PDG), quien asegur\u00f3 que en un eventual gobierno de Jos\u00e9 Antonio Kast se encargar\u00eda de \u201chacerle la vida imposible\u201d, provocaron una inmediata reacci\u00f3n entre los parlamentarios electos del Partido de la Gente, quienes se desmarcaron de la postura de la legisladora y recalcaron que ese tipo de afirmaciones no representa el tono ni los objetivos de la colectividad.<\/p>\n\n\n\n<p>Jiles emiti\u00f3 sus comentarios durante una entrevista con Tele13 Radio, donde afirm\u00f3 que el candidato republicano enfrentar\u00eda un Congreso \u201ccomplicad\u00edsimo\u201d y que ella jugar\u00eda un rol activo para obstaculizar su agenda. Kast opt\u00f3 por relativizar la pol\u00e9mica, se\u00f1alando que no se adelantar\u00eda a escenarios futuros y que el trabajo legislativo deber\u00e1 definirse cuando est\u00e9n claras las prioridades del pr\u00f3ximo Gobierno.<\/p>\n\n\n\n<h3 class=\"wp-block-heading\"><strong>Directiva del PDG aclara posici\u00f3n institucional<\/strong><\/h3>\n\n\n\n<p>La conducci\u00f3n del PDG tambi\u00e9n intervino en la controversia. El presidente del partido, Rodrigo Vattuone, sostuvo en Radio Infinita que la colectividad a\u00fan no adopta definiciones respecto a su comportamiento legislativo para el pr\u00f3ximo periodo. \u201cEn lo que respecta al Parlamento 2026, todav\u00eda no hay resoluciones internas. Lo institucional lo represento yo, no los parlamentarios de manera individual\u201d, enfatiz\u00f3.<\/p>\n\n\n\n<p>Vattuone a\u00f1adi\u00f3 que cada diputado puede tener opiniones propias, pero record\u00f3 que el PDG se encuentra en un proceso de consolidaci\u00f3n y ordenamiento. \u201cVan a ver un partido m\u00e1s fuerte y m\u00e1s cohesionado\u201d, afirm\u00f3.<\/p>\n\n\n\n<h3 class=\"wp-block-heading\"><strong>Diputados electos enfatizan neutralidad y foco en la clase media<\/strong><\/h3>\n\n\n\n<p>Entre quienes tomaron distancia de las declaraciones de Jiles est\u00e1 el diputado electo por el distrito 7, Juan Marcelo Valenzuela, quien subray\u00f3 que el PDG mantiene una <strong>postura neutral<\/strong> de cara al balotaje y al pr\u00f3ximo ciclo legislativo.<\/p>\n\n\n\n<p>\u201cEl Partido de la Gente eval\u00faa cada iniciativa en funci\u00f3n de si favorece o perjudica a la clase media y a la clase media emergente. Lo que beneficie a las personas tendr\u00e1 nuestro respaldo; lo que afecte su calidad de vida, tendr\u00e1 nuestra oposici\u00f3n firme\u201d, se\u00f1al\u00f3. Indic\u00f3 adem\u00e1s que la colectividad act\u00faa caso a caso y que su criterio es \u201ctremendamente pragm\u00e1tico\u201d.<\/p>\n\n\n\n<p>En la misma l\u00ednea, el diputado electo por el distrito 20, Patricio Briones, destac\u00f3 que el PDG apunta a representar al ciudadano com\u00fan y que cualquier gesto comunicacional que distorsione ese prop\u00f3sito \u201csimplemente no corre\u201d. \u201cSomos un partido de centro, cercano a quienes conocen el costo real de la vida diaria. No estamos para farandulizar nuestro mensaje\u201d, remarc\u00f3.<\/p>\n\n\n\n<p>El parlamentario electo Fabi\u00e1n Ossand\u00f3n, representante de Antofagasta, reafirm\u00f3 que su labor estar\u00e1 enfocada en apoyar medidas que mejoren la vida de las personas en su regi\u00f3n y en el pa\u00eds. \u201cToda mala idea que frene el desarrollo de nuestra gente me tendr\u00e1 como opositor. Las ideas del PDG, ideas de sentido com\u00fan y pro gente, ser\u00e1n defendidas con fuerza\u201d, sostuvo.<\/p>\n\n\n\n<h3 class=\"wp-block-heading\"><strong>Un intento de ordenar el discurso del partido<\/strong><\/h3>\n\n\n\n<p>Las reacciones coordinadas buscan mostrar cohesi\u00f3n interna en la bancada reci\u00e9n electa y evitar que declaraciones individuales condicionen la l\u00ednea institucional del PDG. La colectividad insiste en que su eje ser\u00e1 la defensa de la clase media y que no se dejar\u00e1 arrastrar por declaraciones de alto impacto medi\u00e1tico que puedan desviar su foco program\u00e1tico.<\/p>\n","protected":false},"excerpt":{"rendered":"<p>Diputados electos del PDG, aseguran que NO van a farandulizar con dichos de Jiles, asegurando que no romper\u00e1 agenda de Jos\u00e9 Antonio Kast Las declaraciones de la diputada Pamela Jiles..<\/p>\n","protected":false},"author":9,"featured_media":16416,"comment_status":"closed","ping_status":"open","sticky":false,"template":"","format":"standard","meta":{"footnotes":""},"categories":[1,28,52,38],"tags":[],"class_list":["post-16415","post","type-post","status-publish","format-standard","has-post-thumbnail","hentry","category-acontecer","category-actual","category-chile","category-politica"],"rttpg_featured_image_url":{"full":["https:\/\/elconquistadorredloslagos.cl\/test\/wp-content\/uploads\/2025\/11\/Pamela-Jiles.jpg",1920,1280,false],"landscape":["https:\/\/elconquistadorredloslagos.cl\/test\/wp-content\/uploads\/2025\/11\/Pamela-Jiles.jpg",1920,1280,false],"portraits":["https:\/\/elconquistadorredloslagos.cl\/test\/wp-content\/uploads\/2025\/11\/Pamela-Jiles.jpg",1920,1280,false],"thumbnail":["https:\/\/elconquistadorredloslagos.cl\/test\/wp-content\/uploads\/2025\/11\/Pamela-Jiles-150x150.jpg",150,150,true],"medium":["https:\/\/elconquistadorredloslagos.cl\/test\/wp-content\/uploads\/2025\/11\/Pamela-Jiles-300x200.jpg",300,200,true],"large":["https:\/\/elconquistadorredloslagos.cl\/test\/wp-content\/uploads\/2025\/11\/Pamela-Jiles-1024x683.jpg",1024,683,true],"1536x1536":["https:\/\/elconquistadorredloslagos.cl\/test\/wp-content\/uploads\/2025\/11\/Pamela-Jiles-1536x1024.jpg",1536,1024,true],"2048x2048":["https:\/\/elconquistadorredloslagos.cl\/test\/wp-content\/uploads\/2025\/11\/Pamela-Jiles.jpg",1920,1280,false]},"rttpg_author":{"display_name":"mcifuentes","author_link":"https:\/\/elconquistadorredloslagos.cl\/test\/blog\/author\/mcifuentes\/"},"rttpg_comment":0,"rttpg_category":"<a href=\"https:\/\/elconquistadorredloslagos.cl\/test\/blog\/category\/actual\/acontecer\/\" rel=\"category tag\">Acontecer<\/a> <a href=\"https:\/\/elconquistadorredloslagos.cl\/test\/blog\/category\/actual\/\" rel=\"category tag\">Actualidad<\/a> <a href=\"https:\/\/elconquistadorredloslagos.cl\/test\/blog\/category\/chile\/\" rel=\"category tag\">Nacional<\/a> <a href=\"https:\/\/elconquistadorredloslagos.cl\/test\/blog\/category\/actual\/politica\/\" rel=\"category tag\">Politica<\/a>","rttpg_excerpt":"Diputados electos del PDG, aseguran que NO van a farandulizar con dichos de Jiles, asegurando que no romper\u00e1 agenda de Jos\u00e9 Antonio Kast Las declaraciones de la diputada Pamela Jiles..","_links":{"self":[{"href":"https:\/\/elconquistadorredloslagos.cl\/test\/wp-json\/wp\/v2\/posts\/16415","targetHints":{"allow":["GET"]}}],"collection":[{"href":"https:\/\/elconquistadorredloslagos.cl\/test\/wp-json\/wp\/v2\/posts"}],"about":[{"href":"https:\/\/elconquistadorredloslagos.cl\/test\/wp-json\/wp\/v2\/types\/post"}],"author":[{"embeddable":true,"href":"https:\/\/elconquistadorredloslagos.cl\/test\/wp-json\/wp\/v2\/users\/9"}],"replies":[{"embeddable":true,"href":"https:\/\/elconquistadorredloslagos.cl\/test\/wp-json\/wp\/v2\/comments?post=16415"}],"version-history":[{"count":1,"href":"https:\/\/elconquistadorredloslagos.cl\/test\/wp-json\/wp\/v2\/posts\/16415\/revisions"}],"predecessor-version":[{"id":16417,"href":"https:\/\/elconquistadorredloslagos.cl\/test\/wp-json\/wp\/v2\/posts\/16415\/revisions\/16417"}],"wp:featuredmedia":[{"embeddable":true,"href":"https:\/\/elconquistadorredloslagos.cl\/test\/wp-json\/wp\/v2\/media\/16416"}],"wp:attachment":[{"href":"https:\/\/elconquistadorredloslagos.cl\/test\/wp-json\/wp\/v2\/media?parent=16415"}],"wp:term":[{"taxonomy":"category","embeddable":true,"href":"https:\/\/elconquistadorredloslagos.cl\/test\/wp-json\/wp\/v2\/categories?post=16415"},{"taxonomy":"post_tag","embeddable":true,"href":"https:\/\/elconquistadorredloslagos.cl\/test\/wp-json\/wp\/v2\/tags?post=16415"}],"curies":[{"name":"wp","href":"https:\/\/api.w.org\/{rel}","templated":true}]}}