{"id":16408,"date":"2025-11-25T12:40:27","date_gmt":"2025-11-25T15:40:27","guid":{"rendered":"https:\/\/elconquistadorredloslagos.cl\/test\/?p=16408"},"modified":"2025-11-25T12:40:28","modified_gmt":"2025-11-25T15:40:28","slug":"corte-de-santiago-mantiene-carcel-preventiva-en-arista-bielorrusa-del-caso-audios","status":"publish","type":"post","link":"https:\/\/elconquistadorredloslagos.cl\/test\/blog\/2025\/11\/25\/corte-de-santiago-mantiene-carcel-preventiva-en-arista-bielorrusa-del-caso-audios\/","title":{"rendered":"Corte de Santiago mantiene c\u00e1rcel preventiva en arista Bielorrusa del Caso Audios"},"content":{"rendered":"\n<p>La Corte de Apelaciones de Santiago ratific\u00f3 la prisi\u00f3n preventiva de los abogados Mario Vargas y Eduardo Lagos, adem\u00e1s de Gonzalo Migueles, esposo de la exministra de la Corte Suprema \u00c1ngela Vivanco. Seg\u00fan el Ministerio P\u00fablico, los tres forman parte de la denominada <em>Trama Bielorrusa<\/em>, una derivaci\u00f3n del Caso Audios vinculada a la red del abogado Luis Hermosilla.<\/p>\n\n\n\n<p>Los imputados enfrentan cargos por cohecho, soborno y lavado de activos. Tras la decisi\u00f3n del tribunal, la Fiscal\u00eda de Los Lagos, encargada de la investigaci\u00f3n, valor\u00f3 el fallo. El fiscal Marco Mu\u00f1oz destac\u00f3 que la Corte coincidi\u00f3 en que la libertad de los acusados representa un riesgo tanto para la seguridad p\u00fablica como para el desarrollo de las diligencias a\u00fan pendientes, fundamento que permiti\u00f3 mantener la medida cautelar.<\/p>\n\n\n\n<figure class=\"wp-block-audio\"><audio controls src=\"https:\/\/elconquistadorredloslagos.cl\/test\/wp-content\/uploads\/2025\/11\/CUNA-FISCAL-MARCO-MUNOZ.mp3\"><\/audio><\/figure>\n\n\n\n<p>En paralelo, esta causa abri\u00f3 un flanco pol\u00edtico-judicial. Diputados oficialistas presentaron una acusaci\u00f3n constitucional contra el ministro de la Corte Suprema Diego Simp\u00e9rtigue. La acci\u00f3n sostiene que el magistrado habr\u00eda favorecido reiteradamente a la empresa bielorrusa BELAZ-Movictec en litigios con Codelco y cuestiona un viaje posterior en crucero junto al abogado Eduardo Lagos, hoy en prisi\u00f3n preventiva. Para los parlamentarios, estos hechos configurar\u00edan una grave vulneraci\u00f3n a la probidad y al principio de imparcialidad.<\/p>\n","protected":false},"excerpt":{"rendered":"<p>La Corte de Apelaciones de Santiago ratific\u00f3 la prisi\u00f3n preventiva de los abogados Mario Vargas y Eduardo Lagos, adem\u00e1s de Gonzalo Migueles, esposo de la exministra de la Corte Suprema..<\/p>\n","protected":false},"author":2,"featured_media":16410,"comment_status":"closed","ping_status":"open","sticky":false,"template":"","format":"standard","meta":{"footnotes":""},"categories":[1,28,52],"tags":[],"class_list":["post-16408","post","type-post","status-publish","format-standard","has-post-thumbnail","hentry","category-acontecer","category-actual","category-chile"],"rttpg_featured_image_url":{"full":["https:\/\/elconquistadorredloslagos.cl\/test\/wp-content\/uploads\/2025\/11\/IMG-105.jpg",1920,1080,false],"landscape":["https:\/\/elconquistadorredloslagos.cl\/test\/wp-content\/uploads\/2025\/11\/IMG-105.jpg",1920,1080,false],"portraits":["https:\/\/elconquistadorredloslagos.cl\/test\/wp-content\/uploads\/2025\/11\/IMG-105.jpg",1920,1080,false],"thumbnail":["https:\/\/elconquistadorredloslagos.cl\/test\/wp-content\/uploads\/2025\/11\/IMG-105-150x150.jpg",150,150,true],"medium":["https:\/\/elconquistadorredloslagos.cl\/test\/wp-content\/uploads\/2025\/11\/IMG-105-300x169.jpg",300,169,true],"large":["https:\/\/elconquistadorredloslagos.cl\/test\/wp-content\/uploads\/2025\/11\/IMG-105-1024x576.jpg",1024,576,true],"1536x1536":["https:\/\/elconquistadorredloslagos.cl\/test\/wp-content\/uploads\/2025\/11\/IMG-105-1536x864.jpg",1536,864,true],"2048x2048":["https:\/\/elconquistadorredloslagos.cl\/test\/wp-content\/uploads\/2025\/11\/IMG-105.jpg",1920,1080,false]},"rttpg_author":{"display_name":"ccardenas","author_link":"https:\/\/elconquistadorredloslagos.cl\/test\/blog\/author\/ccardenas\/"},"rttpg_comment":0,"rttpg_category":"<a href=\"https:\/\/elconquistadorredloslagos.cl\/test\/blog\/category\/actual\/acontecer\/\" rel=\"category tag\">Acontecer<\/a> <a href=\"https:\/\/elconquistadorredloslagos.cl\/test\/blog\/category\/actual\/\" rel=\"category tag\">Actualidad<\/a> <a href=\"https:\/\/elconquistadorredloslagos.cl\/test\/blog\/category\/chile\/\" rel=\"category tag\">Nacional<\/a>","rttpg_excerpt":"La Corte de Apelaciones de Santiago ratific\u00f3 la prisi\u00f3n preventiva de los abogados Mario Vargas y Eduardo Lagos, adem\u00e1s de Gonzalo Migueles, esposo de la exministra de la Corte Suprema..","_links":{"self":[{"href":"https:\/\/elconquistadorredloslagos.cl\/test\/wp-json\/wp\/v2\/posts\/16408","targetHints":{"allow":["GET"]}}],"collection":[{"href":"https:\/\/elconquistadorredloslagos.cl\/test\/wp-json\/wp\/v2\/posts"}],"about":[{"href":"https:\/\/elconquistadorredloslagos.cl\/test\/wp-json\/wp\/v2\/types\/post"}],"author":[{"embeddable":true,"href":"https:\/\/elconquistadorredloslagos.cl\/test\/wp-json\/wp\/v2\/users\/2"}],"replies":[{"embeddable":true,"href":"https:\/\/elconquistadorredloslagos.cl\/test\/wp-json\/wp\/v2\/comments?post=16408"}],"version-history":[{"count":1,"href":"https:\/\/elconquistadorredloslagos.cl\/test\/wp-json\/wp\/v2\/posts\/16408\/revisions"}],"predecessor-version":[{"id":16411,"href":"https:\/\/elconquistadorredloslagos.cl\/test\/wp-json\/wp\/v2\/posts\/16408\/revisions\/16411"}],"wp:featuredmedia":[{"embeddable":true,"href":"https:\/\/elconquistadorredloslagos.cl\/test\/wp-json\/wp\/v2\/media\/16410"}],"wp:attachment":[{"href":"https:\/\/elconquistadorredloslagos.cl\/test\/wp-json\/wp\/v2\/media?parent=16408"}],"wp:term":[{"taxonomy":"category","embeddable":true,"href":"https:\/\/elconquistadorredloslagos.cl\/test\/wp-json\/wp\/v2\/categories?post=16408"},{"taxonomy":"post_tag","embeddable":true,"href":"https:\/\/elconquistadorredloslagos.cl\/test\/wp-json\/wp\/v2\/tags?post=16408"}],"curies":[{"name":"wp","href":"https:\/\/api.w.org\/{rel}","templated":true}]}}