{"id":16403,"date":"2025-11-25T12:33:08","date_gmt":"2025-11-25T15:33:08","guid":{"rendered":"https:\/\/elconquistadorredloslagos.cl\/test\/?p=16403"},"modified":"2025-11-25T12:33:08","modified_gmt":"2025-11-25T15:33:08","slug":"desalojo-en-butalcura-moviliza-amplio-operativo-en-dalcahue","status":"publish","type":"post","link":"https:\/\/elconquistadorredloslagos.cl\/test\/blog\/2025\/11\/25\/desalojo-en-butalcura-moviliza-amplio-operativo-en-dalcahue\/","title":{"rendered":"Desalojo en Butalcura moviliza amplio operativo en Dalcahue"},"content":{"rendered":"\n<p>Un operativo encabezado por Bienes Nacionales permiti\u00f3 concretar este lunes el desalojo de propiedades fiscales ocupadas ilegalmente en el sector de Butalcura, en la comuna de Dalcahue. La acci\u00f3n cont\u00f3 con apoyo de Carabineros, el municipio y la Delegaci\u00f3n Provincial, disponi\u00e9ndose cinco patrullas policiales, dos veh\u00edculos de seguridad ciudadana y maquinaria pesada.<\/p>\n\n\n\n<p>En el predio, de cerca de 30 hect\u00e1reas, se hab\u00edan levantado siete construcciones irregulares. Dos de ellas fueron retiradas voluntariamente en d\u00edas previos, incluida una vinculada a una congregaci\u00f3n religiosa. Las otras cinco, cuyos ocupantes no cumplieron con la notificaci\u00f3n realizada por Bienes Nacionales el 29 de abril, fueron demolidas conforme a la normativa vigente.<\/p>\n\n\n\n<p>Cristian Ojeda, jefe provincial de Bienes Nacionales, destac\u00f3 que estas acciones buscan resguardar el patrimonio fiscal y asegurar que su uso beneficie a la comunidad, evitando nuevos asentamientos ilegales.<\/p>\n\n\n\n<figure class=\"wp-block-audio\"><audio controls src=\"https:\/\/elconquistadorredloslagos.cl\/test\/wp-content\/uploads\/2025\/11\/CUNA-CRISTIAN-OJEDA.mp3\"><\/audio><\/figure>\n\n\n\n<p>Por su parte, Marcelo Malague\u00f1o, delegado presidencial provincial, valor\u00f3 el trabajo coordinado entre las instituciones y el respaldo policial para ejecutar una diligencia que -dijo-reafirma el compromiso del Gobierno con el orden y el respeto a la propiedad p\u00fablica.<\/p>\n\n\n\n<figure class=\"wp-block-audio\"><audio controls src=\"https:\/\/elconquistadorredloslagos.cl\/test\/wp-content\/uploads\/2025\/11\/CUNA-DELEGADO-1.mp3\"><\/audio><\/figure>\n\n\n\n<p>Bienes Nacionales reiter\u00f3 que continuar\u00e1 realizando fiscalizaciones para prevenir futuras ocupaciones.<\/p>\n","protected":false},"excerpt":{"rendered":"<p>Un operativo encabezado por Bienes Nacionales permiti\u00f3 concretar este lunes el desalojo de propiedades fiscales ocupadas ilegalmente en el sector de Butalcura, en la comuna de Dalcahue. La acci\u00f3n cont\u00f3..<\/p>\n","protected":false},"author":2,"featured_media":16406,"comment_status":"closed","ping_status":"open","sticky":false,"template":"","format":"standard","meta":{"footnotes":""},"categories":[1,28,51],"tags":[],"class_list":["post-16403","post","type-post","status-publish","format-standard","has-post-thumbnail","hentry","category-acontecer","category-actual","category-chiloe"],"rttpg_featured_image_url":{"full":["https:\/\/elconquistadorredloslagos.cl\/test\/wp-content\/uploads\/2025\/11\/IMG-104.jpg",1920,1080,false],"landscape":["https:\/\/elconquistadorredloslagos.cl\/test\/wp-content\/uploads\/2025\/11\/IMG-104.jpg",1920,1080,false],"portraits":["https:\/\/elconquistadorredloslagos.cl\/test\/wp-content\/uploads\/2025\/11\/IMG-104.jpg",1920,1080,false],"thumbnail":["https:\/\/elconquistadorredloslagos.cl\/test\/wp-content\/uploads\/2025\/11\/IMG-104-150x150.jpg",150,150,true],"medium":["https:\/\/elconquistadorredloslagos.cl\/test\/wp-content\/uploads\/2025\/11\/IMG-104-300x169.jpg",300,169,true],"large":["https:\/\/elconquistadorredloslagos.cl\/test\/wp-content\/uploads\/2025\/11\/IMG-104-1024x576.jpg",1024,576,true],"1536x1536":["https:\/\/elconquistadorredloslagos.cl\/test\/wp-content\/uploads\/2025\/11\/IMG-104-1536x864.jpg",1536,864,true],"2048x2048":["https:\/\/elconquistadorredloslagos.cl\/test\/wp-content\/uploads\/2025\/11\/IMG-104.jpg",1920,1080,false]},"rttpg_author":{"display_name":"ccardenas","author_link":"https:\/\/elconquistadorredloslagos.cl\/test\/blog\/author\/ccardenas\/"},"rttpg_comment":0,"rttpg_category":"<a href=\"https:\/\/elconquistadorredloslagos.cl\/test\/blog\/category\/actual\/acontecer\/\" rel=\"category tag\">Acontecer<\/a> <a href=\"https:\/\/elconquistadorredloslagos.cl\/test\/blog\/category\/actual\/\" rel=\"category tag\">Actualidad<\/a> <a href=\"https:\/\/elconquistadorredloslagos.cl\/test\/blog\/category\/chile\/chiloe\/\" rel=\"category tag\">Chilo\u00e9<\/a>","rttpg_excerpt":"Un operativo encabezado por Bienes Nacionales permiti\u00f3 concretar este lunes el desalojo de propiedades fiscales ocupadas ilegalmente en el sector de Butalcura, en la comuna de Dalcahue. La acci\u00f3n cont\u00f3..","_links":{"self":[{"href":"https:\/\/elconquistadorredloslagos.cl\/test\/wp-json\/wp\/v2\/posts\/16403","targetHints":{"allow":["GET"]}}],"collection":[{"href":"https:\/\/elconquistadorredloslagos.cl\/test\/wp-json\/wp\/v2\/posts"}],"about":[{"href":"https:\/\/elconquistadorredloslagos.cl\/test\/wp-json\/wp\/v2\/types\/post"}],"author":[{"embeddable":true,"href":"https:\/\/elconquistadorredloslagos.cl\/test\/wp-json\/wp\/v2\/users\/2"}],"replies":[{"embeddable":true,"href":"https:\/\/elconquistadorredloslagos.cl\/test\/wp-json\/wp\/v2\/comments?post=16403"}],"version-history":[{"count":1,"href":"https:\/\/elconquistadorredloslagos.cl\/test\/wp-json\/wp\/v2\/posts\/16403\/revisions"}],"predecessor-version":[{"id":16407,"href":"https:\/\/elconquistadorredloslagos.cl\/test\/wp-json\/wp\/v2\/posts\/16403\/revisions\/16407"}],"wp:featuredmedia":[{"embeddable":true,"href":"https:\/\/elconquistadorredloslagos.cl\/test\/wp-json\/wp\/v2\/media\/16406"}],"wp:attachment":[{"href":"https:\/\/elconquistadorredloslagos.cl\/test\/wp-json\/wp\/v2\/media?parent=16403"}],"wp:term":[{"taxonomy":"category","embeddable":true,"href":"https:\/\/elconquistadorredloslagos.cl\/test\/wp-json\/wp\/v2\/categories?post=16403"},{"taxonomy":"post_tag","embeddable":true,"href":"https:\/\/elconquistadorredloslagos.cl\/test\/wp-json\/wp\/v2\/tags?post=16403"}],"curies":[{"name":"wp","href":"https:\/\/api.w.org\/{rel}","templated":true}]}}