{"id":16398,"date":"2025-11-25T11:49:44","date_gmt":"2025-11-25T14:49:44","guid":{"rendered":"https:\/\/elconquistadorredloslagos.cl\/test\/?p=16398"},"modified":"2025-11-25T11:49:45","modified_gmt":"2025-11-25T14:49:45","slug":"carabineros-dispara-a-hombre-que-los-amenazo-con-un-hacha-en-ancud","status":"publish","type":"post","link":"https:\/\/elconquistadorredloslagos.cl\/test\/blog\/2025\/11\/25\/carabineros-dispara-a-hombre-que-los-amenazo-con-un-hacha-en-ancud\/","title":{"rendered":"Carabineros dispara a hombre que los amenaz\u00f3 con un hacha en Ancud"},"content":{"rendered":"\n<p>Un procedimiento policial en Ancud termin\u00f3 con un hombre detenido y herido de bala luego de que Carabineros utilizara su arma de servicio para repeler una agresi\u00f3n. El hecho ocurri\u00f3 la ma\u00f1ana de este lunes en el sector Pudeto Bajo, espec\u00edficamente en calle R\u00edo Pudeto, donde vecinos denunciaron la presencia de un individuo semidesnudo y armado.<\/p>\n\n\n\n<p>Seg\u00fan inform\u00f3 el capit\u00e1n H\u00e9ctor Fuentes, de la Primera Comisar\u00eda de Ancud, el sujeto (de unos 24 a\u00f1os) se encontraba vistiendo solo un short y portando un hacha, mientras lanzaba amenazas contra residentes del sector. Los vecinos alertaron a Carabineros tras escuchar gritos y observar su comportamiento violento.<\/p>\n\n\n\n<p>Al llegar al lugar, los uniformados intentaron controlar la situaci\u00f3n, pero el hombre avanz\u00f3 de manera agresiva hacia ellos con el arma blanca. Ante el riesgo inminente, los funcionarios hicieron uso de su arma de servicio, impact\u00e1ndolo en una de sus extremidades inferiores.<\/p>\n\n\n\n<figure class=\"wp-block-audio\"><audio controls src=\"https:\/\/elconquistadorredloslagos.cl\/test\/wp-content\/uploads\/2025\/11\/CUNA-CARABINEROS-ANCUD-1.mp3\"><\/audio><\/figure>\n\n\n\n<p>De acuerdo a testimonios de residentes, no era la primera vez que el individuo protagonizaba episodios de violencia en el barrio, situaci\u00f3n que hab\u00eda generado m\u00faltiples llamados al 133.<\/p>\n\n\n\n<figure class=\"wp-block-audio\"><audio controls src=\"https:\/\/elconquistadorredloslagos.cl\/test\/wp-content\/uploads\/2025\/11\/CUNA-CARABINEROS-ANCUD-2.mp3\"><\/audio><\/figure>\n\n\n\n<p>Personal especializado de la PDI realiz\u00f3 peritajes en el sitio del suceso para esclarecer la din\u00e1mica exacta de los hechos. Al cierre de esta edici\u00f3n, el hombre permanec\u00eda detenido y hospitalizado en Castro debido a la herida de bala.<\/p>\n\n\n\n<p>\ud83d\udcf7 Redes Sociales<\/p>\n","protected":false},"excerpt":{"rendered":"<p>Un procedimiento policial en Ancud termin\u00f3 con un hombre detenido y herido de bala luego de que Carabineros utilizara su arma de servicio para repeler una agresi\u00f3n. El hecho ocurri\u00f3..<\/p>\n","protected":false},"author":2,"featured_media":16401,"comment_status":"closed","ping_status":"open","sticky":false,"template":"","format":"standard","meta":{"footnotes":""},"categories":[1,28,51],"tags":[],"class_list":["post-16398","post","type-post","status-publish","format-standard","has-post-thumbnail","hentry","category-acontecer","category-actual","category-chiloe"],"rttpg_featured_image_url":{"full":["https:\/\/elconquistadorredloslagos.cl\/test\/wp-content\/uploads\/2025\/11\/img0-8.jpg",1920,1080,false],"landscape":["https:\/\/elconquistadorredloslagos.cl\/test\/wp-content\/uploads\/2025\/11\/img0-8.jpg",1920,1080,false],"portraits":["https:\/\/elconquistadorredloslagos.cl\/test\/wp-content\/uploads\/2025\/11\/img0-8.jpg",1920,1080,false],"thumbnail":["https:\/\/elconquistadorredloslagos.cl\/test\/wp-content\/uploads\/2025\/11\/img0-8-150x150.jpg",150,150,true],"medium":["https:\/\/elconquistadorredloslagos.cl\/test\/wp-content\/uploads\/2025\/11\/img0-8-300x169.jpg",300,169,true],"large":["https:\/\/elconquistadorredloslagos.cl\/test\/wp-content\/uploads\/2025\/11\/img0-8-1024x576.jpg",1024,576,true],"1536x1536":["https:\/\/elconquistadorredloslagos.cl\/test\/wp-content\/uploads\/2025\/11\/img0-8-1536x864.jpg",1536,864,true],"2048x2048":["https:\/\/elconquistadorredloslagos.cl\/test\/wp-content\/uploads\/2025\/11\/img0-8.jpg",1920,1080,false]},"rttpg_author":{"display_name":"ccardenas","author_link":"https:\/\/elconquistadorredloslagos.cl\/test\/blog\/author\/ccardenas\/"},"rttpg_comment":0,"rttpg_category":"<a href=\"https:\/\/elconquistadorredloslagos.cl\/test\/blog\/category\/actual\/acontecer\/\" rel=\"category tag\">Acontecer<\/a> <a href=\"https:\/\/elconquistadorredloslagos.cl\/test\/blog\/category\/actual\/\" rel=\"category tag\">Actualidad<\/a> <a href=\"https:\/\/elconquistadorredloslagos.cl\/test\/blog\/category\/chile\/chiloe\/\" rel=\"category tag\">Chilo\u00e9<\/a>","rttpg_excerpt":"Un procedimiento policial en Ancud termin\u00f3 con un hombre detenido y herido de bala luego de que Carabineros utilizara su arma de servicio para repeler una agresi\u00f3n. El hecho ocurri\u00f3..","_links":{"self":[{"href":"https:\/\/elconquistadorredloslagos.cl\/test\/wp-json\/wp\/v2\/posts\/16398","targetHints":{"allow":["GET"]}}],"collection":[{"href":"https:\/\/elconquistadorredloslagos.cl\/test\/wp-json\/wp\/v2\/posts"}],"about":[{"href":"https:\/\/elconquistadorredloslagos.cl\/test\/wp-json\/wp\/v2\/types\/post"}],"author":[{"embeddable":true,"href":"https:\/\/elconquistadorredloslagos.cl\/test\/wp-json\/wp\/v2\/users\/2"}],"replies":[{"embeddable":true,"href":"https:\/\/elconquistadorredloslagos.cl\/test\/wp-json\/wp\/v2\/comments?post=16398"}],"version-history":[{"count":1,"href":"https:\/\/elconquistadorredloslagos.cl\/test\/wp-json\/wp\/v2\/posts\/16398\/revisions"}],"predecessor-version":[{"id":16402,"href":"https:\/\/elconquistadorredloslagos.cl\/test\/wp-json\/wp\/v2\/posts\/16398\/revisions\/16402"}],"wp:featuredmedia":[{"embeddable":true,"href":"https:\/\/elconquistadorredloslagos.cl\/test\/wp-json\/wp\/v2\/media\/16401"}],"wp:attachment":[{"href":"https:\/\/elconquistadorredloslagos.cl\/test\/wp-json\/wp\/v2\/media?parent=16398"}],"wp:term":[{"taxonomy":"category","embeddable":true,"href":"https:\/\/elconquistadorredloslagos.cl\/test\/wp-json\/wp\/v2\/categories?post=16398"},{"taxonomy":"post_tag","embeddable":true,"href":"https:\/\/elconquistadorredloslagos.cl\/test\/wp-json\/wp\/v2\/tags?post=16398"}],"curies":[{"name":"wp","href":"https:\/\/api.w.org\/{rel}","templated":true}]}}