{"id":16393,"date":"2025-11-25T11:20:32","date_gmt":"2025-11-25T14:20:32","guid":{"rendered":"https:\/\/elconquistadorredloslagos.cl\/test\/?p=16393"},"modified":"2025-11-25T11:20:33","modified_gmt":"2025-11-25T14:20:33","slug":"chile-monitorea-anuncio-de-peru-sobre-militarizacion-de-la-frontera-gobierno-descarta-impactos-inmediatos","status":"publish","type":"post","link":"https:\/\/elconquistadorredloslagos.cl\/test\/blog\/2025\/11\/25\/chile-monitorea-anuncio-de-peru-sobre-militarizacion-de-la-frontera-gobierno-descarta-impactos-inmediatos\/","title":{"rendered":"Chile monitorea anuncio de Per\u00fa sobre militarizaci\u00f3n de la frontera: Gobierno descarta impactos inmediatos"},"content":{"rendered":"\n<h3 class=\"wp-block-heading\"><\/h3>\n\n\n\n<p>El ministro de Seguridad P\u00fablica, Luis Cordero, afirm\u00f3 que <strong>el Gobierno chileno no cuenta hasta ahora con una evaluaci\u00f3n de impacto directo<\/strong> tras el anuncio del presidente interino de Per\u00fa, Jos\u00e9 Jer\u00ed, quien inform\u00f3 la decisi\u00f3n de <strong>militarizar la frontera con Chile<\/strong> para reforzar la seguridad ante el aumento del ingreso de migrantes irregulares.<\/p>\n\n\n\n<p>Cordero record\u00f3 que durante la semana pasada realiz\u00f3 una visita a la zona norte para revisar en terreno la situaci\u00f3n, en el marco de la <strong>evaluaci\u00f3n permanente de las condiciones fronterizas desde el punto de vista de la seguridad p\u00fablica interior<\/strong>.<\/p>\n\n\n\n<h3 class=\"wp-block-heading\"><strong>Contexto y antecedentes<\/strong><\/h3>\n\n\n\n<p>El secretario de Estado explic\u00f3 que la Regi\u00f3n de Arica ha enfrentado anteriormente escenarios complejos vinculados al tr\u00e1nsito de personas con necesidades humanitarias. Mencion\u00f3 dos episodios cr\u00edticos:<\/p>\n\n\n\n<ul class=\"wp-block-list\">\n<li><strong>Junio de 2019<\/strong>, cuando un amplio grupo de migrantes qued\u00f3 retenido entre los pasos Chacalluta y Santa Rosa.<\/li>\n\n\n\n<li><strong>Mayo de 2023<\/strong>, con un fen\u00f3meno de caracter\u00edsticas similares.<\/li>\n<\/ul>\n\n\n\n<p>En ambos casos \u2014record\u00f3\u2014 se generaron <strong>problemas operativos y una crisis humanitaria<\/strong> en la l\u00ednea fronteriza.<\/p>\n\n\n\n<h3 class=\"wp-block-heading\"><strong>Coordinaci\u00f3n vigente con autoridades peruanas<\/strong><\/h3>\n\n\n\n<p>Pese al anuncio peruano, Cordero destac\u00f3 que el trabajo conjunto entre <strong>Carabineros, la Polic\u00eda de Investigaciones y la Polic\u00eda Nacional del Per\u00fa<\/strong> sigue operando con normalidad. Seg\u00fan indic\u00f3, los <strong>flujos de ingreso por Chacalluta se han reducido significativamente<\/strong>, mientras que los egresos se mantienen estables.<\/p>\n\n\n\n<p>\u00abSe trata de una decisi\u00f3n vinculada a la <strong>seguridad interna del Estado peruano<\/strong>, pero nuestras coordinaciones en el paso fronterizo contin\u00faan sin alteraciones\u00bb, se\u00f1al\u00f3.<\/p>\n\n\n\n<h3 class=\"wp-block-heading\"><strong>Respuesta a cr\u00edticas y llamado a la responsabilidad<\/strong><\/h3>\n\n\n\n<p>Consultado por las declaraciones del gobernador de Arica y Parinacota, Diego Paco \u2014quien pidi\u00f3 acelerar las medidas de control migratorio en la zona norte\u2014, el ministro recalc\u00f3 que los asuntos de seguridad deben ser tratados con <strong>responsabilidad institucional y no como temas de opini\u00f3n p\u00fablica<\/strong>.<\/p>\n\n\n\n<p>Asimismo, subray\u00f3 que, por el momento, <strong>Chile no ha detectado efectos concretos<\/strong> derivados de la determinaci\u00f3n peruana.<br>\u00abCorresponde a un asunto interno del Estado peruano y <strong>hasta ahora no observamos impactos en nuestra frontera<\/strong>\u00ab, concluy\u00f3.<\/p>\n","protected":false},"excerpt":{"rendered":"<p>El ministro de Seguridad P\u00fablica, Luis Cordero, afirm\u00f3 que el Gobierno chileno no cuenta hasta ahora con una evaluaci\u00f3n de impacto directo tras el anuncio del presidente interino de Per\u00fa,..<\/p>\n","protected":false},"author":9,"featured_media":16394,"comment_status":"closed","ping_status":"open","sticky":false,"template":"","format":"standard","meta":{"footnotes":""},"categories":[1,28,53,52,38],"tags":[],"class_list":["post-16393","post","type-post","status-publish","format-standard","has-post-thumbnail","hentry","category-acontecer","category-actual","category-mundo","category-chile","category-politica"],"rttpg_featured_image_url":{"full":["https:\/\/elconquistadorredloslagos.cl\/test\/wp-content\/uploads\/2025\/11\/Chacalluta.jpg",1920,1080,false],"landscape":["https:\/\/elconquistadorredloslagos.cl\/test\/wp-content\/uploads\/2025\/11\/Chacalluta.jpg",1920,1080,false],"portraits":["https:\/\/elconquistadorredloslagos.cl\/test\/wp-content\/uploads\/2025\/11\/Chacalluta.jpg",1920,1080,false],"thumbnail":["https:\/\/elconquistadorredloslagos.cl\/test\/wp-content\/uploads\/2025\/11\/Chacalluta-150x150.jpg",150,150,true],"medium":["https:\/\/elconquistadorredloslagos.cl\/test\/wp-content\/uploads\/2025\/11\/Chacalluta-300x169.jpg",300,169,true],"large":["https:\/\/elconquistadorredloslagos.cl\/test\/wp-content\/uploads\/2025\/11\/Chacalluta-1024x576.jpg",1024,576,true],"1536x1536":["https:\/\/elconquistadorredloslagos.cl\/test\/wp-content\/uploads\/2025\/11\/Chacalluta-1536x864.jpg",1536,864,true],"2048x2048":["https:\/\/elconquistadorredloslagos.cl\/test\/wp-content\/uploads\/2025\/11\/Chacalluta.jpg",1920,1080,false]},"rttpg_author":{"display_name":"mcifuentes","author_link":"https:\/\/elconquistadorredloslagos.cl\/test\/blog\/author\/mcifuentes\/"},"rttpg_comment":0,"rttpg_category":"<a href=\"https:\/\/elconquistadorredloslagos.cl\/test\/blog\/category\/actual\/acontecer\/\" rel=\"category tag\">Acontecer<\/a> <a href=\"https:\/\/elconquistadorredloslagos.cl\/test\/blog\/category\/actual\/\" rel=\"category tag\">Actualidad<\/a> <a href=\"https:\/\/elconquistadorredloslagos.cl\/test\/blog\/category\/mundo\/\" rel=\"category tag\">Internacional<\/a> <a href=\"https:\/\/elconquistadorredloslagos.cl\/test\/blog\/category\/chile\/\" rel=\"category tag\">Nacional<\/a> <a href=\"https:\/\/elconquistadorredloslagos.cl\/test\/blog\/category\/actual\/politica\/\" rel=\"category tag\">Politica<\/a>","rttpg_excerpt":"El ministro de Seguridad P\u00fablica, Luis Cordero, afirm\u00f3 que el Gobierno chileno no cuenta hasta ahora con una evaluaci\u00f3n de impacto directo tras el anuncio del presidente interino de Per\u00fa,..","_links":{"self":[{"href":"https:\/\/elconquistadorredloslagos.cl\/test\/wp-json\/wp\/v2\/posts\/16393","targetHints":{"allow":["GET"]}}],"collection":[{"href":"https:\/\/elconquistadorredloslagos.cl\/test\/wp-json\/wp\/v2\/posts"}],"about":[{"href":"https:\/\/elconquistadorredloslagos.cl\/test\/wp-json\/wp\/v2\/types\/post"}],"author":[{"embeddable":true,"href":"https:\/\/elconquistadorredloslagos.cl\/test\/wp-json\/wp\/v2\/users\/9"}],"replies":[{"embeddable":true,"href":"https:\/\/elconquistadorredloslagos.cl\/test\/wp-json\/wp\/v2\/comments?post=16393"}],"version-history":[{"count":1,"href":"https:\/\/elconquistadorredloslagos.cl\/test\/wp-json\/wp\/v2\/posts\/16393\/revisions"}],"predecessor-version":[{"id":16395,"href":"https:\/\/elconquistadorredloslagos.cl\/test\/wp-json\/wp\/v2\/posts\/16393\/revisions\/16395"}],"wp:featuredmedia":[{"embeddable":true,"href":"https:\/\/elconquistadorredloslagos.cl\/test\/wp-json\/wp\/v2\/media\/16394"}],"wp:attachment":[{"href":"https:\/\/elconquistadorredloslagos.cl\/test\/wp-json\/wp\/v2\/media?parent=16393"}],"wp:term":[{"taxonomy":"category","embeddable":true,"href":"https:\/\/elconquistadorredloslagos.cl\/test\/wp-json\/wp\/v2\/categories?post=16393"},{"taxonomy":"post_tag","embeddable":true,"href":"https:\/\/elconquistadorredloslagos.cl\/test\/wp-json\/wp\/v2\/tags?post=16393"}],"curies":[{"name":"wp","href":"https:\/\/api.w.org\/{rel}","templated":true}]}}