{"id":16386,"date":"2025-11-25T10:56:51","date_gmt":"2025-11-25T13:56:51","guid":{"rendered":"https:\/\/elconquistadorredloslagos.cl\/test\/?p=16386"},"modified":"2025-11-25T10:56:51","modified_gmt":"2025-11-25T13:56:51","slug":"trece-comunas-concentran-la-mayoria-de-los-incendios-forestales-en-bio-bio-durante-2025","status":"publish","type":"post","link":"https:\/\/elconquistadorredloslagos.cl\/test\/blog\/2025\/11\/25\/trece-comunas-concentran-la-mayoria-de-los-incendios-forestales-en-bio-bio-durante-2025\/","title":{"rendered":"Trece comunas concentran la mayor\u00eda de los incendios forestales en B\u00edo-B\u00edo durante 2025"},"content":{"rendered":"\n<p>La regi\u00f3n del B\u00edo-B\u00edo se posiciona como la tercera con m\u00e1s incendios forestales en lo que va de la temporada, acumulando 138 siniestros, de los cuales 112 ocurrieron en el \u00faltimo mes. Las comunas de Los \u00c1ngeles, Hualqui, Lebu, Coronel y Tom\u00e9 figuran entre las m\u00e1s afectadas, seg\u00fan el balance entregado por Conaf y las autoridades encargadas de la gesti\u00f3n de riesgos y desastres.<\/p>\n\n\n\n<p>El director regional de Conaf, Esteban Krause, advirti\u00f3 que la intencionalidad y la negligencia siguen siendo factores predominantes en estos eventos. Record\u00f3 que, en Chile, los incendios forestales son los \u00fanicos desastres naturales provocados por acci\u00f3n humana. \u201cM\u00e1s del 70% de los incendios del Biob\u00edo se concentran en 13 de las 33 comunas, entre ellas Hualqui, Los \u00c1ngeles y Lebu, por lo que estamos reforzando la vigilancia en esos territorios\u201d, se\u00f1al\u00f3.<\/p>\n\n\n\n<p>De acuerdo con el registro regional, en los \u00faltimos cinco meses se han quemado 275 hect\u00e1reas. Alto Biob\u00edo lidera la afectaci\u00f3n con 150 hect\u00e1reas consumidas por un incendio a\u00fan en combate y de dif\u00edcil manejo debido a la geograf\u00eda. Le siguen Lebu, con 38,9 hect\u00e1reas da\u00f1adas en 10 siniestros, y Los \u00c1ngeles, con 21 incendios que han alcanzado 15,7 hect\u00e1reas.<\/p>\n","protected":false},"excerpt":{"rendered":"<p>La regi\u00f3n del B\u00edo-B\u00edo se posiciona como la tercera con m\u00e1s incendios forestales en lo que va de la temporada, acumulando 138 siniestros, de los cuales 112 ocurrieron en el..<\/p>\n","protected":false},"author":2,"featured_media":16388,"comment_status":"closed","ping_status":"open","sticky":false,"template":"","format":"standard","meta":{"footnotes":""},"categories":[1,28,52],"tags":[],"class_list":["post-16386","post","type-post","status-publish","format-standard","has-post-thumbnail","hentry","category-acontecer","category-actual","category-chile"],"rttpg_featured_image_url":{"full":["https:\/\/elconquistadorredloslagos.cl\/test\/wp-content\/uploads\/2025\/11\/img0-6.jpg",1920,1080,false],"landscape":["https:\/\/elconquistadorredloslagos.cl\/test\/wp-content\/uploads\/2025\/11\/img0-6.jpg",1920,1080,false],"portraits":["https:\/\/elconquistadorredloslagos.cl\/test\/wp-content\/uploads\/2025\/11\/img0-6.jpg",1920,1080,false],"thumbnail":["https:\/\/elconquistadorredloslagos.cl\/test\/wp-content\/uploads\/2025\/11\/img0-6-150x150.jpg",150,150,true],"medium":["https:\/\/elconquistadorredloslagos.cl\/test\/wp-content\/uploads\/2025\/11\/img0-6-300x169.jpg",300,169,true],"large":["https:\/\/elconquistadorredloslagos.cl\/test\/wp-content\/uploads\/2025\/11\/img0-6-1024x576.jpg",1024,576,true],"1536x1536":["https:\/\/elconquistadorredloslagos.cl\/test\/wp-content\/uploads\/2025\/11\/img0-6-1536x864.jpg",1536,864,true],"2048x2048":["https:\/\/elconquistadorredloslagos.cl\/test\/wp-content\/uploads\/2025\/11\/img0-6.jpg",1920,1080,false]},"rttpg_author":{"display_name":"ccardenas","author_link":"https:\/\/elconquistadorredloslagos.cl\/test\/blog\/author\/ccardenas\/"},"rttpg_comment":0,"rttpg_category":"<a href=\"https:\/\/elconquistadorredloslagos.cl\/test\/blog\/category\/actual\/acontecer\/\" rel=\"category tag\">Acontecer<\/a> <a href=\"https:\/\/elconquistadorredloslagos.cl\/test\/blog\/category\/actual\/\" rel=\"category tag\">Actualidad<\/a> <a href=\"https:\/\/elconquistadorredloslagos.cl\/test\/blog\/category\/chile\/\" rel=\"category tag\">Nacional<\/a>","rttpg_excerpt":"La regi\u00f3n del B\u00edo-B\u00edo se posiciona como la tercera con m\u00e1s incendios forestales en lo que va de la temporada, acumulando 138 siniestros, de los cuales 112 ocurrieron en el..","_links":{"self":[{"href":"https:\/\/elconquistadorredloslagos.cl\/test\/wp-json\/wp\/v2\/posts\/16386","targetHints":{"allow":["GET"]}}],"collection":[{"href":"https:\/\/elconquistadorredloslagos.cl\/test\/wp-json\/wp\/v2\/posts"}],"about":[{"href":"https:\/\/elconquistadorredloslagos.cl\/test\/wp-json\/wp\/v2\/types\/post"}],"author":[{"embeddable":true,"href":"https:\/\/elconquistadorredloslagos.cl\/test\/wp-json\/wp\/v2\/users\/2"}],"replies":[{"embeddable":true,"href":"https:\/\/elconquistadorredloslagos.cl\/test\/wp-json\/wp\/v2\/comments?post=16386"}],"version-history":[{"count":1,"href":"https:\/\/elconquistadorredloslagos.cl\/test\/wp-json\/wp\/v2\/posts\/16386\/revisions"}],"predecessor-version":[{"id":16389,"href":"https:\/\/elconquistadorredloslagos.cl\/test\/wp-json\/wp\/v2\/posts\/16386\/revisions\/16389"}],"wp:featuredmedia":[{"embeddable":true,"href":"https:\/\/elconquistadorredloslagos.cl\/test\/wp-json\/wp\/v2\/media\/16388"}],"wp:attachment":[{"href":"https:\/\/elconquistadorredloslagos.cl\/test\/wp-json\/wp\/v2\/media?parent=16386"}],"wp:term":[{"taxonomy":"category","embeddable":true,"href":"https:\/\/elconquistadorredloslagos.cl\/test\/wp-json\/wp\/v2\/categories?post=16386"},{"taxonomy":"post_tag","embeddable":true,"href":"https:\/\/elconquistadorredloslagos.cl\/test\/wp-json\/wp\/v2\/tags?post=16386"}],"curies":[{"name":"wp","href":"https:\/\/api.w.org\/{rel}","templated":true}]}}