{"id":16382,"date":"2025-11-25T10:38:44","date_gmt":"2025-11-25T13:38:44","guid":{"rendered":"https:\/\/elconquistadorredloslagos.cl\/test\/?p=16382"},"modified":"2025-11-25T10:39:11","modified_gmt":"2025-11-25T13:39:11","slug":"investigan-incendio-destruye-negocio-en-los-muermos-y-deja-a-tres-bomberos-lesionados","status":"publish","type":"post","link":"https:\/\/elconquistadorredloslagos.cl\/test\/blog\/2025\/11\/25\/investigan-incendio-destruye-negocio-en-los-muermos-y-deja-a-tres-bomberos-lesionados\/","title":{"rendered":"Investigan incendio que destruye negocio en Los Muermos y deja a tres bomberos lesionados"},"content":{"rendered":"\n<p>Un incendio registrado durante la ma\u00f1ana de este lunes en Los Muermos dej\u00f3 tres bomberos lesionados y un negocio reducido a escombros. La emergencia se desat\u00f3 en un inmueble de dos pisos de madera ubicado en la intersecci\u00f3n de Abraham Lincoln con 22 de Mayo, en el l\u00edmite de las poblaciones Minessota y Los Volcanes. Testigos se\u00f1alaron que, en medio del avance de las llamas, se escucharon al menos cinco explosiones.<\/p>\n\n\n\n<p>Las intensas r\u00e1fagas de viento que afectaban a la Provincia de Llanquihue complicaron el trabajo de las unidades del Cuerpo de Bomberos de Los Muermos, que moviliz\u00f3 a sus tres compa\u00f1\u00edas y sum\u00f3 apoyo de la Primera Compa\u00f1\u00eda de Fresia. Carabineros, personal de Salud y funcionarios municipales tambi\u00e9n participaron en el operativo.<\/p>\n\n\n\n<p>Durante las labores de control, tres voluntarios resultaron heridos. Uno de ellos sufri\u00f3 una ca\u00edda desde el segundo al primer piso del inmueble mientras intentaba combatir el fuego dentro de la estructura afectada.<\/p>\n\n\n\n<p>Cerca de las 12:30 horas, el siniestro logr\u00f3 ser controlado por completo. El minimercado Lucy Correa, que funcionaba en el lugar, termin\u00f3 totalmente destruido.<\/p>\n\n\n\n<p>\ud83d\udcf7 Redes sociales<\/p>\n","protected":false},"excerpt":{"rendered":"<p>Un incendio registrado durante la ma\u00f1ana de este lunes en Los Muermos dej\u00f3 tres bomberos lesionados y un negocio reducido a escombros. La emergencia se desat\u00f3 en un inmueble de..<\/p>\n","protected":false},"author":2,"featured_media":16383,"comment_status":"closed","ping_status":"open","sticky":false,"template":"","format":"standard","meta":{"footnotes":""},"categories":[1,28,56],"tags":[],"class_list":["post-16382","post","type-post","status-publish","format-standard","has-post-thumbnail","hentry","category-acontecer","category-actual","category-puerto-montt"],"rttpg_featured_image_url":{"full":["https:\/\/elconquistadorredloslagos.cl\/test\/wp-content\/uploads\/2025\/11\/img0-5.jpg",1920,1080,false],"landscape":["https:\/\/elconquistadorredloslagos.cl\/test\/wp-content\/uploads\/2025\/11\/img0-5.jpg",1920,1080,false],"portraits":["https:\/\/elconquistadorredloslagos.cl\/test\/wp-content\/uploads\/2025\/11\/img0-5.jpg",1920,1080,false],"thumbnail":["https:\/\/elconquistadorredloslagos.cl\/test\/wp-content\/uploads\/2025\/11\/img0-5-150x150.jpg",150,150,true],"medium":["https:\/\/elconquistadorredloslagos.cl\/test\/wp-content\/uploads\/2025\/11\/img0-5-300x169.jpg",300,169,true],"large":["https:\/\/elconquistadorredloslagos.cl\/test\/wp-content\/uploads\/2025\/11\/img0-5-1024x576.jpg",1024,576,true],"1536x1536":["https:\/\/elconquistadorredloslagos.cl\/test\/wp-content\/uploads\/2025\/11\/img0-5-1536x864.jpg",1536,864,true],"2048x2048":["https:\/\/elconquistadorredloslagos.cl\/test\/wp-content\/uploads\/2025\/11\/img0-5.jpg",1920,1080,false]},"rttpg_author":{"display_name":"ccardenas","author_link":"https:\/\/elconquistadorredloslagos.cl\/test\/blog\/author\/ccardenas\/"},"rttpg_comment":0,"rttpg_category":"<a href=\"https:\/\/elconquistadorredloslagos.cl\/test\/blog\/category\/actual\/acontecer\/\" rel=\"category tag\">Acontecer<\/a> <a href=\"https:\/\/elconquistadorredloslagos.cl\/test\/blog\/category\/actual\/\" rel=\"category tag\">Actualidad<\/a> <a href=\"https:\/\/elconquistadorredloslagos.cl\/test\/blog\/category\/chile\/puerto-montt\/\" rel=\"category tag\">Puerto Montt<\/a>","rttpg_excerpt":"Un incendio registrado durante la ma\u00f1ana de este lunes en Los Muermos dej\u00f3 tres bomberos lesionados y un negocio reducido a escombros. La emergencia se desat\u00f3 en un inmueble de..","_links":{"self":[{"href":"https:\/\/elconquistadorredloslagos.cl\/test\/wp-json\/wp\/v2\/posts\/16382","targetHints":{"allow":["GET"]}}],"collection":[{"href":"https:\/\/elconquistadorredloslagos.cl\/test\/wp-json\/wp\/v2\/posts"}],"about":[{"href":"https:\/\/elconquistadorredloslagos.cl\/test\/wp-json\/wp\/v2\/types\/post"}],"author":[{"embeddable":true,"href":"https:\/\/elconquistadorredloslagos.cl\/test\/wp-json\/wp\/v2\/users\/2"}],"replies":[{"embeddable":true,"href":"https:\/\/elconquistadorredloslagos.cl\/test\/wp-json\/wp\/v2\/comments?post=16382"}],"version-history":[{"count":2,"href":"https:\/\/elconquistadorredloslagos.cl\/test\/wp-json\/wp\/v2\/posts\/16382\/revisions"}],"predecessor-version":[{"id":16385,"href":"https:\/\/elconquistadorredloslagos.cl\/test\/wp-json\/wp\/v2\/posts\/16382\/revisions\/16385"}],"wp:featuredmedia":[{"embeddable":true,"href":"https:\/\/elconquistadorredloslagos.cl\/test\/wp-json\/wp\/v2\/media\/16383"}],"wp:attachment":[{"href":"https:\/\/elconquistadorredloslagos.cl\/test\/wp-json\/wp\/v2\/media?parent=16382"}],"wp:term":[{"taxonomy":"category","embeddable":true,"href":"https:\/\/elconquistadorredloslagos.cl\/test\/wp-json\/wp\/v2\/categories?post=16382"},{"taxonomy":"post_tag","embeddable":true,"href":"https:\/\/elconquistadorredloslagos.cl\/test\/wp-json\/wp\/v2\/tags?post=16382"}],"curies":[{"name":"wp","href":"https:\/\/api.w.org\/{rel}","templated":true}]}}