{"id":16379,"date":"2025-11-25T09:59:24","date_gmt":"2025-11-25T12:59:24","guid":{"rendered":"https:\/\/elconquistadorredloslagos.cl\/test\/?p=16379"},"modified":"2025-11-25T09:59:25","modified_gmt":"2025-11-25T12:59:25","slug":"mujer-pierde-la-vida-tras-ser-atropellada-por-camion-recolector-en-puerto-montt","status":"publish","type":"post","link":"https:\/\/elconquistadorredloslagos.cl\/test\/blog\/2025\/11\/25\/mujer-pierde-la-vida-tras-ser-atropellada-por-camion-recolector-en-puerto-montt\/","title":{"rendered":"Mujer pierde la vida tras ser atropellada por cami\u00f3n recolector en Puerto Montt"},"content":{"rendered":"\n<p>Una mujer de alrededor de 65 a\u00f1os falleci\u00f3 la ma\u00f1ana de este martes luego de ser arrollada por un cami\u00f3n recolector de basura en la calle Regimiento, frente al colegio San Francisco Javier, en Puerto Montt. La v\u00edctima, con domicilio en el sector Pelluco Alto, transitaba por el lugar cuando ocurri\u00f3 el impacto.<\/p>\n\n\n\n<p>Carabineros acudi\u00f3 r\u00e1pidamente al sitio del suceso para resguardar el \u00e1rea y coordinar las diligencias iniciales. Por instrucci\u00f3n del Ministerio P\u00fablico, la Secci\u00f3n de Investigaci\u00f3n Policial (SIP) y la Secci\u00f3n de Investigaci\u00f3n de Accidentes de Tr\u00e1nsito (SIAT) quedaron a cargo de los peritajes para establecer la din\u00e1mica del atropello y las eventuales responsabilidades.<\/p>\n\n\n\n<p>Los equipos especializados trabajan en la recopilaci\u00f3n de testimonios, revisi\u00f3n de c\u00e1maras y an\u00e1lisis mec\u00e1nico del veh\u00edculo involucrado, a fin de esclarecer las circunstancias exactas que terminaron con la muerte de la peatona.<\/p>\n\n\n\n<p>\ud83d\udcf7 <a href=\"https:\/\/www.facebook.com\/Clubdecima\">Club de Emergencias D\u00e9cima Regi\u00f3n<\/a> &#8211; Facebook<\/p>\n","protected":false},"excerpt":{"rendered":"<p>Una mujer de alrededor de 65 a\u00f1os falleci\u00f3 la ma\u00f1ana de este martes luego de ser arrollada por un cami\u00f3n recolector de basura en la calle Regimiento, frente al colegio..<\/p>\n","protected":false},"author":2,"featured_media":16380,"comment_status":"closed","ping_status":"open","sticky":false,"template":"","format":"standard","meta":{"footnotes":""},"categories":[1,28,56],"tags":[],"class_list":["post-16379","post","type-post","status-publish","format-standard","has-post-thumbnail","hentry","category-acontecer","category-actual","category-puerto-montt"],"rttpg_featured_image_url":{"full":["https:\/\/elconquistadorredloslagos.cl\/test\/wp-content\/uploads\/2025\/11\/img0-4.jpg",1920,1080,false],"landscape":["https:\/\/elconquistadorredloslagos.cl\/test\/wp-content\/uploads\/2025\/11\/img0-4.jpg",1920,1080,false],"portraits":["https:\/\/elconquistadorredloslagos.cl\/test\/wp-content\/uploads\/2025\/11\/img0-4.jpg",1920,1080,false],"thumbnail":["https:\/\/elconquistadorredloslagos.cl\/test\/wp-content\/uploads\/2025\/11\/img0-4-150x150.jpg",150,150,true],"medium":["https:\/\/elconquistadorredloslagos.cl\/test\/wp-content\/uploads\/2025\/11\/img0-4-300x169.jpg",300,169,true],"large":["https:\/\/elconquistadorredloslagos.cl\/test\/wp-content\/uploads\/2025\/11\/img0-4-1024x576.jpg",1024,576,true],"1536x1536":["https:\/\/elconquistadorredloslagos.cl\/test\/wp-content\/uploads\/2025\/11\/img0-4-1536x864.jpg",1536,864,true],"2048x2048":["https:\/\/elconquistadorredloslagos.cl\/test\/wp-content\/uploads\/2025\/11\/img0-4.jpg",1920,1080,false]},"rttpg_author":{"display_name":"ccardenas","author_link":"https:\/\/elconquistadorredloslagos.cl\/test\/blog\/author\/ccardenas\/"},"rttpg_comment":0,"rttpg_category":"<a href=\"https:\/\/elconquistadorredloslagos.cl\/test\/blog\/category\/actual\/acontecer\/\" rel=\"category tag\">Acontecer<\/a> <a href=\"https:\/\/elconquistadorredloslagos.cl\/test\/blog\/category\/actual\/\" rel=\"category tag\">Actualidad<\/a> <a href=\"https:\/\/elconquistadorredloslagos.cl\/test\/blog\/category\/chile\/puerto-montt\/\" rel=\"category tag\">Puerto Montt<\/a>","rttpg_excerpt":"Una mujer de alrededor de 65 a\u00f1os falleci\u00f3 la ma\u00f1ana de este martes luego de ser arrollada por un cami\u00f3n recolector de basura en la calle Regimiento, frente al colegio..","_links":{"self":[{"href":"https:\/\/elconquistadorredloslagos.cl\/test\/wp-json\/wp\/v2\/posts\/16379","targetHints":{"allow":["GET"]}}],"collection":[{"href":"https:\/\/elconquistadorredloslagos.cl\/test\/wp-json\/wp\/v2\/posts"}],"about":[{"href":"https:\/\/elconquistadorredloslagos.cl\/test\/wp-json\/wp\/v2\/types\/post"}],"author":[{"embeddable":true,"href":"https:\/\/elconquistadorredloslagos.cl\/test\/wp-json\/wp\/v2\/users\/2"}],"replies":[{"embeddable":true,"href":"https:\/\/elconquistadorredloslagos.cl\/test\/wp-json\/wp\/v2\/comments?post=16379"}],"version-history":[{"count":1,"href":"https:\/\/elconquistadorredloslagos.cl\/test\/wp-json\/wp\/v2\/posts\/16379\/revisions"}],"predecessor-version":[{"id":16381,"href":"https:\/\/elconquistadorredloslagos.cl\/test\/wp-json\/wp\/v2\/posts\/16379\/revisions\/16381"}],"wp:featuredmedia":[{"embeddable":true,"href":"https:\/\/elconquistadorredloslagos.cl\/test\/wp-json\/wp\/v2\/media\/16380"}],"wp:attachment":[{"href":"https:\/\/elconquistadorredloslagos.cl\/test\/wp-json\/wp\/v2\/media?parent=16379"}],"wp:term":[{"taxonomy":"category","embeddable":true,"href":"https:\/\/elconquistadorredloslagos.cl\/test\/wp-json\/wp\/v2\/categories?post=16379"},{"taxonomy":"post_tag","embeddable":true,"href":"https:\/\/elconquistadorredloslagos.cl\/test\/wp-json\/wp\/v2\/tags?post=16379"}],"curies":[{"name":"wp","href":"https:\/\/api.w.org\/{rel}","templated":true}]}}