{"id":16376,"date":"2025-11-25T09:53:06","date_gmt":"2025-11-25T12:53:06","guid":{"rendered":"https:\/\/elconquistadorredloslagos.cl\/test\/?p=16376"},"modified":"2025-11-25T09:53:07","modified_gmt":"2025-11-25T12:53:07","slug":"parque-costanera-de-puerto-montt-vuelve-a-competir-por-el-premio-aporte-urbano","status":"publish","type":"post","link":"https:\/\/elconquistadorredloslagos.cl\/test\/blog\/2025\/11\/25\/parque-costanera-de-puerto-montt-vuelve-a-competir-por-el-premio-aporte-urbano\/","title":{"rendered":"Parque Costanera de Puerto Montt vuelve a competir por el Premio Aporte Urbano"},"content":{"rendered":"\n<p>El Parque Costanera de Puerto Montt volvi\u00f3 a figurar entre los finalistas del Premio Aporte Urbano, reconocimiento entregado por la C\u00e1mara Chilena de la Construcci\u00f3n. Es la segunda vez que la obra compite en la categor\u00eda Mejor Proyecto de Espacio de Uso P\u00fablico, luego de su primera nominaci\u00f3n en 2023, a\u00f1o de su inauguraci\u00f3n.<\/p>\n\n\n\n<p>La postulaci\u00f3n fue definida por el jurado del certamen, integrado por especialistas en arquitectura, urbanismo, dise\u00f1o y patrimonio, quienes seleccionaron al parque entre 20 proyectos destacados a nivel nacional. En la edici\u00f3n anterior, la iniciativa tambi\u00e9n alcanz\u00f3 la instancia final.<\/p>\n\n\n\n<p>El proyecto, desarrollado por el Ministerio de Vivienda y Urbanismo a trav\u00e9s de Minvu Los Lagos, ha sido valorado por su modelo de mantenci\u00f3n y gesti\u00f3n del espacio p\u00fablico. Sus nueve hect\u00e1reas de borde costero han permitido abrir el sector a actividades culturales, deportivas y tur\u00edsticas, adem\u00e1s de promover la accesibilidad universal, la seguridad y el cuidado medioambiental.<\/p>\n\n\n\n<p>El Premio Aporte Urbano es organizado por la C\u00e1mara Chilena de la Construcci\u00f3n y coorganizado por el MOP, el Minvu y diversas entidades profesionales vinculadas al desarrollo territorial. Los ganadores de la versi\u00f3n 2025 ser\u00e1n anunciados este jueves 27 de noviembre.<\/p>\n","protected":false},"excerpt":{"rendered":"<p>El Parque Costanera de Puerto Montt volvi\u00f3 a figurar entre los finalistas del Premio Aporte Urbano, reconocimiento entregado por la C\u00e1mara Chilena de la Construcci\u00f3n. Es la segunda vez que..<\/p>\n","protected":false},"author":2,"featured_media":16377,"comment_status":"closed","ping_status":"open","sticky":false,"template":"","format":"standard","meta":{"footnotes":""},"categories":[1,28,56],"tags":[],"class_list":["post-16376","post","type-post","status-publish","format-standard","has-post-thumbnail","hentry","category-acontecer","category-actual","category-puerto-montt"],"rttpg_featured_image_url":{"full":["https:\/\/elconquistadorredloslagos.cl\/test\/wp-content\/uploads\/2025\/11\/img0-3.jpg",1920,1080,false],"landscape":["https:\/\/elconquistadorredloslagos.cl\/test\/wp-content\/uploads\/2025\/11\/img0-3.jpg",1920,1080,false],"portraits":["https:\/\/elconquistadorredloslagos.cl\/test\/wp-content\/uploads\/2025\/11\/img0-3.jpg",1920,1080,false],"thumbnail":["https:\/\/elconquistadorredloslagos.cl\/test\/wp-content\/uploads\/2025\/11\/img0-3-150x150.jpg",150,150,true],"medium":["https:\/\/elconquistadorredloslagos.cl\/test\/wp-content\/uploads\/2025\/11\/img0-3-300x169.jpg",300,169,true],"large":["https:\/\/elconquistadorredloslagos.cl\/test\/wp-content\/uploads\/2025\/11\/img0-3-1024x576.jpg",1024,576,true],"1536x1536":["https:\/\/elconquistadorredloslagos.cl\/test\/wp-content\/uploads\/2025\/11\/img0-3-1536x864.jpg",1536,864,true],"2048x2048":["https:\/\/elconquistadorredloslagos.cl\/test\/wp-content\/uploads\/2025\/11\/img0-3.jpg",1920,1080,false]},"rttpg_author":{"display_name":"ccardenas","author_link":"https:\/\/elconquistadorredloslagos.cl\/test\/blog\/author\/ccardenas\/"},"rttpg_comment":0,"rttpg_category":"<a href=\"https:\/\/elconquistadorredloslagos.cl\/test\/blog\/category\/actual\/acontecer\/\" rel=\"category tag\">Acontecer<\/a> <a href=\"https:\/\/elconquistadorredloslagos.cl\/test\/blog\/category\/actual\/\" rel=\"category tag\">Actualidad<\/a> <a href=\"https:\/\/elconquistadorredloslagos.cl\/test\/blog\/category\/chile\/puerto-montt\/\" rel=\"category tag\">Puerto Montt<\/a>","rttpg_excerpt":"El Parque Costanera de Puerto Montt volvi\u00f3 a figurar entre los finalistas del Premio Aporte Urbano, reconocimiento entregado por la C\u00e1mara Chilena de la Construcci\u00f3n. Es la segunda vez que..","_links":{"self":[{"href":"https:\/\/elconquistadorredloslagos.cl\/test\/wp-json\/wp\/v2\/posts\/16376","targetHints":{"allow":["GET"]}}],"collection":[{"href":"https:\/\/elconquistadorredloslagos.cl\/test\/wp-json\/wp\/v2\/posts"}],"about":[{"href":"https:\/\/elconquistadorredloslagos.cl\/test\/wp-json\/wp\/v2\/types\/post"}],"author":[{"embeddable":true,"href":"https:\/\/elconquistadorredloslagos.cl\/test\/wp-json\/wp\/v2\/users\/2"}],"replies":[{"embeddable":true,"href":"https:\/\/elconquistadorredloslagos.cl\/test\/wp-json\/wp\/v2\/comments?post=16376"}],"version-history":[{"count":1,"href":"https:\/\/elconquistadorredloslagos.cl\/test\/wp-json\/wp\/v2\/posts\/16376\/revisions"}],"predecessor-version":[{"id":16378,"href":"https:\/\/elconquistadorredloslagos.cl\/test\/wp-json\/wp\/v2\/posts\/16376\/revisions\/16378"}],"wp:featuredmedia":[{"embeddable":true,"href":"https:\/\/elconquistadorredloslagos.cl\/test\/wp-json\/wp\/v2\/media\/16377"}],"wp:attachment":[{"href":"https:\/\/elconquistadorredloslagos.cl\/test\/wp-json\/wp\/v2\/media?parent=16376"}],"wp:term":[{"taxonomy":"category","embeddable":true,"href":"https:\/\/elconquistadorredloslagos.cl\/test\/wp-json\/wp\/v2\/categories?post=16376"},{"taxonomy":"post_tag","embeddable":true,"href":"https:\/\/elconquistadorredloslagos.cl\/test\/wp-json\/wp\/v2\/tags?post=16376"}],"curies":[{"name":"wp","href":"https:\/\/api.w.org\/{rel}","templated":true}]}}