{"id":16373,"date":"2025-11-24T18:12:00","date_gmt":"2025-11-24T21:12:00","guid":{"rendered":"https:\/\/elconquistadorredloslagos.cl\/test\/?p=16373"},"modified":"2025-11-24T18:12:01","modified_gmt":"2025-11-24T21:12:01","slug":"teleton-hace-historia-en-chiloe-ancud-y-castro-vibran-con-masiva-gira-solidaria","status":"publish","type":"post","link":"https:\/\/elconquistadorredloslagos.cl\/test\/blog\/2025\/11\/24\/teleton-hace-historia-en-chiloe-ancud-y-castro-vibran-con-masiva-gira-solidaria\/","title":{"rendered":"Telet\u00f3n hace historia en Chilo\u00e9: Ancud y Castro vibran con masiva gira solidaria"},"content":{"rendered":"\n<p>Por primera vez, la gira nacional lleg\u00f3 oficialmente a la provincia, con dos masivos encuentros en Ancud y Castro. Al mediod\u00eda, cerca de mil personas repletaron calle Pudeto para recibir la caravana en Ancud, disfrutar de un adelanto del show y entregar todo su cari\u00f1o a la campa\u00f1a solidaria.<\/p>\n\n\n\n<p>Por la tarde, fue el turno de Castro, donde alrededor de 10 mil asistentes llenaron el sector del espect\u00e1culo en una jornada marcada por la emoci\u00f3n, la m\u00fasica y la energ\u00eda solidaria de las familias chilotas. Sobre el escenario se presentaron Gino Mella, El Mundo de Christell, Sigrid Alegr\u00eda y Los Claveles, Tomo Como Rey, La Noche, King Savagge, Toly Fu y Saiko, junto a los talentos locales Ignacio Ruiz y DJ Mukti.<\/p>\n\n\n\n<p>La conducci\u00f3n estuvo a cargo de Eduardo Fuentes y Mar\u00eda Luisa Godoy, junto a Roberto Rosinelli y Jaime Proox, quienes transmitieron para las redes de Telet\u00f3n, adem\u00e1s de la participaci\u00f3n de Julio Robert, conductor de NTV.<\/p>\n\n\n\n<p>La directora general de Telet\u00f3n, Mar\u00eda Jos\u00e9 Zald\u00edvar, subray\u00f3 la importancia de que la gira llegue a Chilo\u00e9 y reiter\u00f3 el inter\u00e9s de avanzar hacia un futuro centro para la provincia. Los artistas tambi\u00e9n se mostraron emocionados de ser parte de esta edici\u00f3n hist\u00f3rica, destacando el compromiso de las familias y el profundo esp\u00edritu solidario de la comunidad chilota.&nbsp;<\/p>\n","protected":false},"excerpt":{"rendered":"<p>Por primera vez, la gira nacional lleg\u00f3 oficialmente a la provincia, con dos masivos encuentros en Ancud y Castro. Al mediod\u00eda, cerca de mil personas repletaron calle Pudeto para recibir..<\/p>\n","protected":false},"author":2,"featured_media":16374,"comment_status":"closed","ping_status":"open","sticky":false,"template":"","format":"standard","meta":{"footnotes":""},"categories":[1,28,51],"tags":[],"class_list":["post-16373","post","type-post","status-publish","format-standard","has-post-thumbnail","hentry","category-acontecer","category-actual","category-chiloe"],"rttpg_featured_image_url":{"full":["https:\/\/elconquistadorredloslagos.cl\/test\/wp-content\/uploads\/2025\/11\/IMG-103.jpg",1920,1080,false],"landscape":["https:\/\/elconquistadorredloslagos.cl\/test\/wp-content\/uploads\/2025\/11\/IMG-103.jpg",1920,1080,false],"portraits":["https:\/\/elconquistadorredloslagos.cl\/test\/wp-content\/uploads\/2025\/11\/IMG-103.jpg",1920,1080,false],"thumbnail":["https:\/\/elconquistadorredloslagos.cl\/test\/wp-content\/uploads\/2025\/11\/IMG-103-150x150.jpg",150,150,true],"medium":["https:\/\/elconquistadorredloslagos.cl\/test\/wp-content\/uploads\/2025\/11\/IMG-103-300x169.jpg",300,169,true],"large":["https:\/\/elconquistadorredloslagos.cl\/test\/wp-content\/uploads\/2025\/11\/IMG-103-1024x576.jpg",1024,576,true],"1536x1536":["https:\/\/elconquistadorredloslagos.cl\/test\/wp-content\/uploads\/2025\/11\/IMG-103-1536x864.jpg",1536,864,true],"2048x2048":["https:\/\/elconquistadorredloslagos.cl\/test\/wp-content\/uploads\/2025\/11\/IMG-103.jpg",1920,1080,false]},"rttpg_author":{"display_name":"ccardenas","author_link":"https:\/\/elconquistadorredloslagos.cl\/test\/blog\/author\/ccardenas\/"},"rttpg_comment":0,"rttpg_category":"<a href=\"https:\/\/elconquistadorredloslagos.cl\/test\/blog\/category\/actual\/acontecer\/\" rel=\"category tag\">Acontecer<\/a> <a href=\"https:\/\/elconquistadorredloslagos.cl\/test\/blog\/category\/actual\/\" rel=\"category tag\">Actualidad<\/a> <a href=\"https:\/\/elconquistadorredloslagos.cl\/test\/blog\/category\/chile\/chiloe\/\" rel=\"category tag\">Chilo\u00e9<\/a>","rttpg_excerpt":"Por primera vez, la gira nacional lleg\u00f3 oficialmente a la provincia, con dos masivos encuentros en Ancud y Castro. Al mediod\u00eda, cerca de mil personas repletaron calle Pudeto para recibir..","_links":{"self":[{"href":"https:\/\/elconquistadorredloslagos.cl\/test\/wp-json\/wp\/v2\/posts\/16373","targetHints":{"allow":["GET"]}}],"collection":[{"href":"https:\/\/elconquistadorredloslagos.cl\/test\/wp-json\/wp\/v2\/posts"}],"about":[{"href":"https:\/\/elconquistadorredloslagos.cl\/test\/wp-json\/wp\/v2\/types\/post"}],"author":[{"embeddable":true,"href":"https:\/\/elconquistadorredloslagos.cl\/test\/wp-json\/wp\/v2\/users\/2"}],"replies":[{"embeddable":true,"href":"https:\/\/elconquistadorredloslagos.cl\/test\/wp-json\/wp\/v2\/comments?post=16373"}],"version-history":[{"count":1,"href":"https:\/\/elconquistadorredloslagos.cl\/test\/wp-json\/wp\/v2\/posts\/16373\/revisions"}],"predecessor-version":[{"id":16375,"href":"https:\/\/elconquistadorredloslagos.cl\/test\/wp-json\/wp\/v2\/posts\/16373\/revisions\/16375"}],"wp:featuredmedia":[{"embeddable":true,"href":"https:\/\/elconquistadorredloslagos.cl\/test\/wp-json\/wp\/v2\/media\/16374"}],"wp:attachment":[{"href":"https:\/\/elconquistadorredloslagos.cl\/test\/wp-json\/wp\/v2\/media?parent=16373"}],"wp:term":[{"taxonomy":"category","embeddable":true,"href":"https:\/\/elconquistadorredloslagos.cl\/test\/wp-json\/wp\/v2\/categories?post=16373"},{"taxonomy":"post_tag","embeddable":true,"href":"https:\/\/elconquistadorredloslagos.cl\/test\/wp-json\/wp\/v2\/tags?post=16373"}],"curies":[{"name":"wp","href":"https:\/\/api.w.org\/{rel}","templated":true}]}}