{"id":16077,"date":"2025-11-15T19:34:39","date_gmt":"2025-11-15T22:34:39","guid":{"rendered":"https:\/\/elconquistadorredloslagos.cl\/test\/?p=16077"},"modified":"2025-11-15T19:41:42","modified_gmt":"2025-11-15T22:41:42","slug":"primeros-votantes-en-nueva-zelanda-dan-inicio-al-proceso-electoral-presidencial-2025","status":"publish","type":"post","link":"https:\/\/elconquistadorredloslagos.cl\/test\/blog\/2025\/11\/15\/primeros-votantes-en-nueva-zelanda-dan-inicio-al-proceso-electoral-presidencial-2025\/","title":{"rendered":"Primeros votantes en Nueva Zelanda dan inicio al proceso electoral presidencial 2025"},"content":{"rendered":"\n<p>El proceso electoral para elegir a la pr\u00f3xima Presidenta o Presidente de Chile comenz\u00f3 oficialmente este s\u00e1bado a las 16:00 horas (hora de Chile), cuando se abrieron las primeras mesas de votaci\u00f3n en Nueva Zelanda, pa\u00eds que por huso horario siempre inaugura la jornada democr\u00e1tica para los chilenos en el exterior.<\/p>\n\n\n\n<p>En esta oportunidad, m\u00e1s de 160 mil compatriotas residentes en 64 pa\u00edses est\u00e1n habilitados para participar en la elecci\u00f3n presidencial, ejercicio que por und\u00e9cima vez se lleva a cabo fuera de nuestras fronteras. En Nueva Zelanda funcionan dos locales de votaci\u00f3n, ubicados en Auckland y Wellington, donde los primeros electores ya acudieron a sufragar.<\/p>\n\n\n\n<p>La subsecretaria de Relaciones Exteriores, Gloria de la Fuente, estableci\u00f3 contacto por videollamada con los equipos consulares y el Servel presentes en ambos recintos, destacando el inicio del proceso y el compromiso del pa\u00eds con la participaci\u00f3n ciudadana. La autoridad relev\u00f3 adem\u00e1s el incremento del padr\u00f3n electoral en el extranjero, que registr\u00f3 un aumento del 20% respecto a la elecci\u00f3n anterior, alcanzando 427 mesas distribuidas en 119 locales a nivel global.<\/p>\n\n\n\n<p>A diferencia del proceso dentro del territorio nacional, los chilenos habilitados en el exterior votan de manera voluntaria y \u00fanicamente para la elecci\u00f3n presidencial.<\/p>\n\n\n\n<p>El Gobierno reiter\u00f3 su reconocimiento a los equipos consulares, funcionarios del Servel y voluntarios que participan en esta jornada, quienes permiten que miles de compatriotas ejerzan su derecho ciudadano desde diferentes partes del mundo.<\/p>\n","protected":false},"excerpt":{"rendered":"<p>El proceso electoral para elegir a la pr\u00f3xima Presidenta o Presidente de Chile comenz\u00f3 oficialmente este s\u00e1bado a las 16:00 horas (hora de Chile), cuando se abrieron las primeras mesas..<\/p>\n","protected":false},"author":9,"featured_media":16082,"comment_status":"closed","ping_status":"open","sticky":false,"template":"","format":"standard","meta":{"footnotes":""},"categories":[1,28,53,52,38],"tags":[],"class_list":["post-16077","post","type-post","status-publish","format-standard","has-post-thumbnail","hentry","category-acontecer","category-actual","category-mundo","category-chile","category-politica"],"rttpg_featured_image_url":{"full":["https:\/\/elconquistadorredloslagos.cl\/test\/wp-content\/uploads\/2025\/11\/Elecciones-Zelanda.jpg",1920,1281,false],"landscape":["https:\/\/elconquistadorredloslagos.cl\/test\/wp-content\/uploads\/2025\/11\/Elecciones-Zelanda.jpg",1920,1281,false],"portraits":["https:\/\/elconquistadorredloslagos.cl\/test\/wp-content\/uploads\/2025\/11\/Elecciones-Zelanda.jpg",1920,1281,false],"thumbnail":["https:\/\/elconquistadorredloslagos.cl\/test\/wp-content\/uploads\/2025\/11\/Elecciones-Zelanda-150x150.jpg",150,150,true],"medium":["https:\/\/elconquistadorredloslagos.cl\/test\/wp-content\/uploads\/2025\/11\/Elecciones-Zelanda-300x200.jpg",300,200,true],"large":["https:\/\/elconquistadorredloslagos.cl\/test\/wp-content\/uploads\/2025\/11\/Elecciones-Zelanda-1024x683.jpg",1024,683,true],"1536x1536":["https:\/\/elconquistadorredloslagos.cl\/test\/wp-content\/uploads\/2025\/11\/Elecciones-Zelanda-1536x1025.jpg",1536,1025,true],"2048x2048":["https:\/\/elconquistadorredloslagos.cl\/test\/wp-content\/uploads\/2025\/11\/Elecciones-Zelanda.jpg",1920,1281,false]},"rttpg_author":{"display_name":"mcifuentes","author_link":"https:\/\/elconquistadorredloslagos.cl\/test\/blog\/author\/mcifuentes\/"},"rttpg_comment":0,"rttpg_category":"<a href=\"https:\/\/elconquistadorredloslagos.cl\/test\/blog\/category\/actual\/acontecer\/\" rel=\"category tag\">Acontecer<\/a> <a href=\"https:\/\/elconquistadorredloslagos.cl\/test\/blog\/category\/actual\/\" rel=\"category tag\">Actualidad<\/a> <a href=\"https:\/\/elconquistadorredloslagos.cl\/test\/blog\/category\/mundo\/\" rel=\"category tag\">Internacional<\/a> <a href=\"https:\/\/elconquistadorredloslagos.cl\/test\/blog\/category\/chile\/\" rel=\"category tag\">Nacional<\/a> <a href=\"https:\/\/elconquistadorredloslagos.cl\/test\/blog\/category\/actual\/politica\/\" rel=\"category tag\">Politica<\/a>","rttpg_excerpt":"El proceso electoral para elegir a la pr\u00f3xima Presidenta o Presidente de Chile comenz\u00f3 oficialmente este s\u00e1bado a las 16:00 horas (hora de Chile), cuando se abrieron las primeras mesas..","_links":{"self":[{"href":"https:\/\/elconquistadorredloslagos.cl\/test\/wp-json\/wp\/v2\/posts\/16077","targetHints":{"allow":["GET"]}}],"collection":[{"href":"https:\/\/elconquistadorredloslagos.cl\/test\/wp-json\/wp\/v2\/posts"}],"about":[{"href":"https:\/\/elconquistadorredloslagos.cl\/test\/wp-json\/wp\/v2\/types\/post"}],"author":[{"embeddable":true,"href":"https:\/\/elconquistadorredloslagos.cl\/test\/wp-json\/wp\/v2\/users\/9"}],"replies":[{"embeddable":true,"href":"https:\/\/elconquistadorredloslagos.cl\/test\/wp-json\/wp\/v2\/comments?post=16077"}],"version-history":[{"count":1,"href":"https:\/\/elconquistadorredloslagos.cl\/test\/wp-json\/wp\/v2\/posts\/16077\/revisions"}],"predecessor-version":[{"id":16079,"href":"https:\/\/elconquistadorredloslagos.cl\/test\/wp-json\/wp\/v2\/posts\/16077\/revisions\/16079"}],"wp:featuredmedia":[{"embeddable":true,"href":"https:\/\/elconquistadorredloslagos.cl\/test\/wp-json\/wp\/v2\/media\/16082"}],"wp:attachment":[{"href":"https:\/\/elconquistadorredloslagos.cl\/test\/wp-json\/wp\/v2\/media?parent=16077"}],"wp:term":[{"taxonomy":"category","embeddable":true,"href":"https:\/\/elconquistadorredloslagos.cl\/test\/wp-json\/wp\/v2\/categories?post=16077"},{"taxonomy":"post_tag","embeddable":true,"href":"https:\/\/elconquistadorredloslagos.cl\/test\/wp-json\/wp\/v2\/tags?post=16077"}],"curies":[{"name":"wp","href":"https:\/\/api.w.org\/{rel}","templated":true}]}}