{"id":16058,"date":"2025-11-14T17:58:34","date_gmt":"2025-11-14T20:58:34","guid":{"rendered":"https:\/\/elconquistadorredloslagos.cl\/test\/?p=16058"},"modified":"2025-11-14T17:58:35","modified_gmt":"2025-11-14T20:58:35","slug":"diocesis-de-osorno-celebra-70-anos-con-llamado-a-cohesion-y-memoria-historica","status":"publish","type":"post","link":"https:\/\/elconquistadorredloslagos.cl\/test\/blog\/2025\/11\/14\/diocesis-de-osorno-celebra-70-anos-con-llamado-a-cohesion-y-memoria-historica\/","title":{"rendered":"Di\u00f3cesis de Osorno celebra 70 a\u00f1os con llamado a cohesi\u00f3n y memoria hist\u00f3rica"},"content":{"rendered":"\n<p>La Di\u00f3cesis de Osorno celebrar\u00e1 este s\u00e1bado 15 sus 70 a\u00f1os de historia con una eucarist\u00eda abierta a la comunidad, convocada por el obispo Carlos Godoy para las 19 horas en la Catedral San Mateo. La ceremonia busca relevar el camino recorrido por la iglesia local desde su creaci\u00f3n en 1955, cuando el Papa P\u00edo XII nombr\u00f3 como primer obispo a Francisco Vald\u00e9s Subercaseaux, figura clave por su labor pastoral y su v\u00ednculo con las comunidades huilliches.<\/p>\n\n\n\n<p>En su mensaje previo a la conmemoraci\u00f3n, Godoy destac\u00f3 que numerosas generaciones han aportado al crecimiento de la di\u00f3cesis, construyendo una comunidad sostenida en la fe, la esperanza y el compromiso cristiano. Subray\u00f3 que ese legado permanece presente en la vida eclesial actual.<\/p>\n\n\n\n<p>El obispo tambi\u00e9n reconoci\u00f3 los momentos complejos que ha atravesado la di\u00f3cesis, especialmente tras el paso de monse\u00f1or Juan Barros, cuestionado por denuncias de encubrimiento de abusos, hechos que generaron un profundo quiebre interno. Godoy valor\u00f3 que, pese a ello, muchos fieles hayan mantenido serenidad y madurez, promoviendo el di\u00e1logo y la reconciliaci\u00f3n.<\/p>\n\n\n\n<p>De cara al futuro, llam\u00f3 a fortalecer la cohesi\u00f3n interna y a asumir los desaf\u00edos pastorales con mirada comunitaria, insistiendo en que la misi\u00f3n evangelizadora requiere unidad, apertura y responsabilidad frente a la historia que los ha moldeado.<\/p>\n\n\n\n<p>\ud83d\udcf7 Referencial<\/p>\n","protected":false},"excerpt":{"rendered":"<p>La Di\u00f3cesis de Osorno celebrar\u00e1 este s\u00e1bado 15 sus 70 a\u00f1os de historia con una eucarist\u00eda abierta a la comunidad, convocada por el obispo Carlos Godoy para las 19 horas..<\/p>\n","protected":false},"author":2,"featured_media":16059,"comment_status":"closed","ping_status":"open","sticky":false,"template":"","format":"standard","meta":{"footnotes":""},"categories":[1,28,55],"tags":[],"class_list":["post-16058","post","type-post","status-publish","format-standard","has-post-thumbnail","hentry","category-acontecer","category-actual","category-osorno"],"rttpg_featured_image_url":{"full":["https:\/\/elconquistadorredloslagos.cl\/test\/wp-content\/uploads\/2025\/11\/IMG-56.jpg",1920,1080,false],"landscape":["https:\/\/elconquistadorredloslagos.cl\/test\/wp-content\/uploads\/2025\/11\/IMG-56.jpg",1920,1080,false],"portraits":["https:\/\/elconquistadorredloslagos.cl\/test\/wp-content\/uploads\/2025\/11\/IMG-56.jpg",1920,1080,false],"thumbnail":["https:\/\/elconquistadorredloslagos.cl\/test\/wp-content\/uploads\/2025\/11\/IMG-56-150x150.jpg",150,150,true],"medium":["https:\/\/elconquistadorredloslagos.cl\/test\/wp-content\/uploads\/2025\/11\/IMG-56-300x169.jpg",300,169,true],"large":["https:\/\/elconquistadorredloslagos.cl\/test\/wp-content\/uploads\/2025\/11\/IMG-56-1024x576.jpg",1024,576,true],"1536x1536":["https:\/\/elconquistadorredloslagos.cl\/test\/wp-content\/uploads\/2025\/11\/IMG-56-1536x864.jpg",1536,864,true],"2048x2048":["https:\/\/elconquistadorredloslagos.cl\/test\/wp-content\/uploads\/2025\/11\/IMG-56.jpg",1920,1080,false]},"rttpg_author":{"display_name":"ccardenas","author_link":"https:\/\/elconquistadorredloslagos.cl\/test\/blog\/author\/ccardenas\/"},"rttpg_comment":0,"rttpg_category":"<a href=\"https:\/\/elconquistadorredloslagos.cl\/test\/blog\/category\/actual\/acontecer\/\" rel=\"category tag\">Acontecer<\/a> <a href=\"https:\/\/elconquistadorredloslagos.cl\/test\/blog\/category\/actual\/\" rel=\"category tag\">Actualidad<\/a> <a href=\"https:\/\/elconquistadorredloslagos.cl\/test\/blog\/category\/chile\/osorno\/\" rel=\"category tag\">Osorno<\/a>","rttpg_excerpt":"La Di\u00f3cesis de Osorno celebrar\u00e1 este s\u00e1bado 15 sus 70 a\u00f1os de historia con una eucarist\u00eda abierta a la comunidad, convocada por el obispo Carlos Godoy para las 19 horas..","_links":{"self":[{"href":"https:\/\/elconquistadorredloslagos.cl\/test\/wp-json\/wp\/v2\/posts\/16058","targetHints":{"allow":["GET"]}}],"collection":[{"href":"https:\/\/elconquistadorredloslagos.cl\/test\/wp-json\/wp\/v2\/posts"}],"about":[{"href":"https:\/\/elconquistadorredloslagos.cl\/test\/wp-json\/wp\/v2\/types\/post"}],"author":[{"embeddable":true,"href":"https:\/\/elconquistadorredloslagos.cl\/test\/wp-json\/wp\/v2\/users\/2"}],"replies":[{"embeddable":true,"href":"https:\/\/elconquistadorredloslagos.cl\/test\/wp-json\/wp\/v2\/comments?post=16058"}],"version-history":[{"count":1,"href":"https:\/\/elconquistadorredloslagos.cl\/test\/wp-json\/wp\/v2\/posts\/16058\/revisions"}],"predecessor-version":[{"id":16060,"href":"https:\/\/elconquistadorredloslagos.cl\/test\/wp-json\/wp\/v2\/posts\/16058\/revisions\/16060"}],"wp:featuredmedia":[{"embeddable":true,"href":"https:\/\/elconquistadorredloslagos.cl\/test\/wp-json\/wp\/v2\/media\/16059"}],"wp:attachment":[{"href":"https:\/\/elconquistadorredloslagos.cl\/test\/wp-json\/wp\/v2\/media?parent=16058"}],"wp:term":[{"taxonomy":"category","embeddable":true,"href":"https:\/\/elconquistadorredloslagos.cl\/test\/wp-json\/wp\/v2\/categories?post=16058"},{"taxonomy":"post_tag","embeddable":true,"href":"https:\/\/elconquistadorredloslagos.cl\/test\/wp-json\/wp\/v2\/tags?post=16058"}],"curies":[{"name":"wp","href":"https:\/\/api.w.org\/{rel}","templated":true}]}}