{"id":16056,"date":"2025-11-14T17:29:04","date_gmt":"2025-11-14T20:29:04","guid":{"rendered":"https:\/\/elconquistadorredloslagos.cl\/test\/?p=16056"},"modified":"2025-11-14T17:29:05","modified_gmt":"2025-11-14T20:29:05","slug":"municipalidad-de-puerto-montt-reincorporara-a-54-funcionarios-de-salud-tras-aclaracion-de-contraloria","status":"publish","type":"post","link":"https:\/\/elconquistadorredloslagos.cl\/test\/blog\/2025\/11\/14\/municipalidad-de-puerto-montt-reincorporara-a-54-funcionarios-de-salud-tras-aclaracion-de-contraloria\/","title":{"rendered":"Municipalidad de Puerto Montt reincorporar\u00e1 a 54 funcionarios de Salud tras aclaraci\u00f3n de Contralor\u00eda"},"content":{"rendered":"\n<p>Un total de <strong>54 funcionarios del \u00c1rea de Salud de la Municipalidad de Puerto Montt<\/strong> que hab\u00edan sido sancionados con destituci\u00f3n por salir del pa\u00eds mientras se encontraban con licencia m\u00e9dica, <strong>deber\u00e1n continuar en sus cargos de manera temporal<\/strong>, seg\u00fan inform\u00f3 este viernes <em>El Llanquihue<\/em>.<\/p>\n\n\n\n<p>La situaci\u00f3n se origin\u00f3 luego de una <strong>aclaraci\u00f3n emitida por la Contralor\u00eda General de la Rep\u00fablica<\/strong>, relacionada con el dictamen que establece una <strong>\u201cveda\u201d para las desvinculaciones laborales en periodo electoral<\/strong>, lo que impide ejecutar medidas expulsivas en determinadas fechas.<\/p>\n\n\n\n<h5 class=\"wp-block-heading has-text-align-center\"><strong>Antecedentes del caso<\/strong><\/h5>\n\n\n\n<p>El 22 de septiembre, el alcalde <strong>Rodrigo Wainraihgt<\/strong> firm\u00f3 el <strong>Decreto Afecto 8982\/4514<\/strong>, mediante el cual se aplic\u00f3 la destituci\u00f3n por \u201cfalta grave al principio de probidad administrativa\u201d a 54 trabajadores del sistema de salud municipal, entre ellos <strong>siete m\u00e9dicos<\/strong>.<\/p>\n\n\n\n<p>Adem\u00e1s, otros <strong>dos funcionarios<\/strong> fueron desvinculados por \u201cincumplimiento grave de las obligaciones contractuales\u201d; <strong>cinco<\/strong> recibieron una multa del 10% de su remuneraci\u00f3n mensual; <strong>12<\/strong> fueron sancionados con un 20% de descuento; y <strong>15<\/strong> resultaron <strong>sobrese\u00eddos<\/strong>.<\/p>\n\n\n\n<p>De acuerdo con el municipio, todas estas resoluciones fueron notificadas antes del <strong>16 de octubre<\/strong>, en cumplimiento del Oficio N\u00b0 E64479 de la Contralor\u00eda (26 de abril de 2025), el cual proh\u00edbe aplicar medidas expulsivas desde el <strong>17 de octubre de 2025<\/strong>, salvo en casos de sumarios instruidos directamente por el \u00f3rgano contralor.<\/p>\n\n\n\n<h5 class=\"wp-block-heading has-text-align-center\"><strong>Aclaraci\u00f3n de Contralor\u00eda oblig\u00f3 a suspender efectos<\/strong><\/h5>\n\n\n\n<p>El director jur\u00eddico del municipio, <strong>Osvaldo Emhart<\/strong>, explic\u00f3 que una <strong>aclaraci\u00f3n emitida por Contralor\u00eda en octubre<\/strong> oblig\u00f3 a postergar los efectos de las sanciones, pese a que los sumarios se encuentran completamente tramitados.<\/p>\n\n\n\n<blockquote class=\"wp-block-quote is-layout-flow wp-block-quote-is-layout-flow\">\n<p>\u201cLas sanciones est\u00e1n notificadas; lo que est\u00e1 suspendido son sus efectos. Contralor\u00eda incorpor\u00f3 este tipo de procedimientos entre aquellos que no pueden seguir tramit\u00e1ndose durante el periodo eleccionario. Por ello debimos suspender la aplicaci\u00f3n de las destituciones\u201d, se\u00f1al\u00f3.<\/p>\n<\/blockquote>\n\n\n\n<p>Emhart precis\u00f3 que <strong>no hay cambios en las sanciones<\/strong>, sino \u00fanicamente en su entrada en vigencia. Por lo mismo, adelant\u00f3 que la destituci\u00f3n de los 54 funcionarios podr\u00eda <strong>hacerse efectiva en febrero de 2026<\/strong>.<\/p>\n\n\n\n<blockquote class=\"wp-block-quote is-layout-flow wp-block-quote-is-layout-flow\">\n<p>\u201cEn caso de existir segunda vuelta, a partir del <strong>15 de febrero<\/strong> se levanta la veda electoral. Por ahora, los funcionarios deben volver a sus puestos de trabajo durante estos meses\u201d, indic\u00f3.<\/p>\n<\/blockquote>\n","protected":false},"excerpt":{"rendered":"<p>Un total de 54 funcionarios del \u00c1rea de Salud de la Municipalidad de Puerto Montt que hab\u00edan sido sancionados con destituci\u00f3n por salir del pa\u00eds mientras se encontraban con licencia..<\/p>\n","protected":false},"author":7,"featured_media":9472,"comment_status":"closed","ping_status":"open","sticky":false,"template":"","format":"standard","meta":{"footnotes":""},"categories":[1,28,56],"tags":[],"class_list":["post-16056","post","type-post","status-publish","format-standard","has-post-thumbnail","hentry","category-acontecer","category-actual","category-puerto-montt"],"rttpg_featured_image_url":{"full":["https:\/\/elconquistadorredloslagos.cl\/test\/wp-content\/uploads\/2025\/04\/municipalidad-puerto-montt.png",1920,1080,false],"landscape":["https:\/\/elconquistadorredloslagos.cl\/test\/wp-content\/uploads\/2025\/04\/municipalidad-puerto-montt.png",1920,1080,false],"portraits":["https:\/\/elconquistadorredloslagos.cl\/test\/wp-content\/uploads\/2025\/04\/municipalidad-puerto-montt.png",1920,1080,false],"thumbnail":["https:\/\/elconquistadorredloslagos.cl\/test\/wp-content\/uploads\/2025\/04\/municipalidad-puerto-montt-150x150.png",150,150,true],"medium":["https:\/\/elconquistadorredloslagos.cl\/test\/wp-content\/uploads\/2025\/04\/municipalidad-puerto-montt-300x169.png",300,169,true],"large":["https:\/\/elconquistadorredloslagos.cl\/test\/wp-content\/uploads\/2025\/04\/municipalidad-puerto-montt-1024x576.png",1024,576,true],"1536x1536":["https:\/\/elconquistadorredloslagos.cl\/test\/wp-content\/uploads\/2025\/04\/municipalidad-puerto-montt-1536x864.png",1536,864,true],"2048x2048":["https:\/\/elconquistadorredloslagos.cl\/test\/wp-content\/uploads\/2025\/04\/municipalidad-puerto-montt.png",1920,1080,false]},"rttpg_author":{"display_name":"enzodelahoz1988","author_link":"https:\/\/elconquistadorredloslagos.cl\/test\/blog\/author\/enzodelahoz1988\/"},"rttpg_comment":0,"rttpg_category":"<a href=\"https:\/\/elconquistadorredloslagos.cl\/test\/blog\/category\/actual\/acontecer\/\" rel=\"category tag\">Acontecer<\/a> <a href=\"https:\/\/elconquistadorredloslagos.cl\/test\/blog\/category\/actual\/\" rel=\"category tag\">Actualidad<\/a> <a href=\"https:\/\/elconquistadorredloslagos.cl\/test\/blog\/category\/chile\/puerto-montt\/\" rel=\"category tag\">Puerto Montt<\/a>","rttpg_excerpt":"Un total de 54 funcionarios del \u00c1rea de Salud de la Municipalidad de Puerto Montt que hab\u00edan sido sancionados con destituci\u00f3n por salir del pa\u00eds mientras se encontraban con licencia..","_links":{"self":[{"href":"https:\/\/elconquistadorredloslagos.cl\/test\/wp-json\/wp\/v2\/posts\/16056","targetHints":{"allow":["GET"]}}],"collection":[{"href":"https:\/\/elconquistadorredloslagos.cl\/test\/wp-json\/wp\/v2\/posts"}],"about":[{"href":"https:\/\/elconquistadorredloslagos.cl\/test\/wp-json\/wp\/v2\/types\/post"}],"author":[{"embeddable":true,"href":"https:\/\/elconquistadorredloslagos.cl\/test\/wp-json\/wp\/v2\/users\/7"}],"replies":[{"embeddable":true,"href":"https:\/\/elconquistadorredloslagos.cl\/test\/wp-json\/wp\/v2\/comments?post=16056"}],"version-history":[{"count":1,"href":"https:\/\/elconquistadorredloslagos.cl\/test\/wp-json\/wp\/v2\/posts\/16056\/revisions"}],"predecessor-version":[{"id":16057,"href":"https:\/\/elconquistadorredloslagos.cl\/test\/wp-json\/wp\/v2\/posts\/16056\/revisions\/16057"}],"wp:featuredmedia":[{"embeddable":true,"href":"https:\/\/elconquistadorredloslagos.cl\/test\/wp-json\/wp\/v2\/media\/9472"}],"wp:attachment":[{"href":"https:\/\/elconquistadorredloslagos.cl\/test\/wp-json\/wp\/v2\/media?parent=16056"}],"wp:term":[{"taxonomy":"category","embeddable":true,"href":"https:\/\/elconquistadorredloslagos.cl\/test\/wp-json\/wp\/v2\/categories?post=16056"},{"taxonomy":"post_tag","embeddable":true,"href":"https:\/\/elconquistadorredloslagos.cl\/test\/wp-json\/wp\/v2\/tags?post=16056"}],"curies":[{"name":"wp","href":"https:\/\/api.w.org\/{rel}","templated":true}]}}